{"id":24257,"date":"2026-04-28T12:43:28","date_gmt":"2026-04-28T16:43:28","guid":{"rendered":"https:\/\/aleeknews.com\/4l33k5\/2026\/04\/28\/diego-torres-se-presentara-en-el-teatro-de-la-upr\/"},"modified":"2026-04-28T12:43:28","modified_gmt":"2026-04-28T16:43:28","slug":"diego-torres-se-presentara-en-el-teatro-de-la-upr","status":"publish","type":"post","link":"https:\/\/aleeknews.com\/4l33k5\/2026\/04\/28\/diego-torres-se-presentara-en-el-teatro-de-la-upr\/","title":{"rendered":"Diego Torres se presentar\u00e1 en el Teatro de la UPR"},"content":{"rendered":"<div>\n<p>El cantante <a href=\"https:\/\/www.elnuevodia.com\/entretenimiento\/musica\/notas\/diego-torres-invita-a-razonar-y-valorar-la-cotidianidad-de-la-vida\/\" target=\"_self\" rel title=\"https:\/\/www.elnuevodia.com\/entretenimiento\/musica\/notas\/diego-torres-invita-a-razonar-y-valorar-la-cotidianidad-de-la-vida\/\"><b>Diego Torres<\/b> <\/a>llegar\u00e1 a Puerto Rico con su gira de conciertos <b>\u201cMi Norte &#038; Mi Sur\u201d. <\/b><\/p>\n<p>La cita musical ser\u00e1 el <b>3 de octubre de 2026 <\/b>en el Teatro de la Universidad de Puerto Rico en el recinto de R\u00edo Piedras.<\/p>\n<p>La llegada de Diego Torres promete ser un viaje musical lleno de amor y esperanza. El artista, ganador de m\u00faltiples premios internacionales, interpretar\u00e1 los temas que han marcado a varias generaciones, como \u201cColor Esperanza\u201d, \u201cMejor que ayer\u201d, \u201cSue\u00f1os\u201d, \u201cS\u00e9 que ya no volver\u00e1s\u201d, \u201cPen\u00e9lope\u201d y \u201cQue no me pierda\u201d, entre muchos otros.<\/p>\n<p>Adem\u00e1s, el cantautor presentar\u00e1 su m\u00e1s reciente producci\u00f3n musical, que lleva el nombre de su gira \u201cMi Norte &#038; Mi Sur\u201d. El disco contiene once canciones en las que despliega toda su energ\u00eda, emoci\u00f3n y esp\u00edritu innovador. Este \u00e1lbum incluye importantes colaboraciones con artistas internacionales como Estopa, Miranda!, Ed\u00e9n Mu\u00f1oz y Manuel Carrasco. <\/p>\n<p>El cantante mantiene una relaci\u00f3n muy cercana con el p\u00fablico puertorrique\u00f1o. En cada visita, el artista argentino ha demostrado una conexi\u00f3n especial con sus seguidores, y en esta ocasi\u00f3n promete un espect\u00e1culo lleno de sorpresas, combinando sus grandes \u00e9xitos con sus m\u00e1s recientes lanzamientos. <\/p>\n<\/div>\n\n    <div class=\"xs_social_share_widget xs_share_url after_content \t\tmain_content  wslu-style-1 wslu-share-box-shaped wslu-fill-colored wslu-none wslu-share-horizontal wslu-theme-font-no wslu-main_content\">\n\n\t\t\n        <ul>\n\t\t\t        <\/ul>\n    <\/div> \n","protected":false},"excerpt":{"rendered":"<p>El cantante Diego Torres llegar\u00e1 a Puerto Rico con su gira de conciertos \u201cMi Norte &amp; Mi Sur\u201d. La cita musical ser\u00e1 el 3 de octubre de 2026 en el Teatro de la Universidad de Puerto Rico en el recinto de R\u00edo Piedras. La llegada de Diego Torres promete ser un viaje musical lleno de<\/p>\n","protected":false},"author":1,"featured_media":24258,"comment_status":"open","ping_status":"open","sticky":false,"template":"","format":"standard","meta":{"om_disable_all_campaigns":false,"_monsterinsights_skip_tracking":false,"_monsterinsights_sitenote_active":false,"_monsterinsights_sitenote_note":"","_monsterinsights_sitenote_category":0,"footnotes":""},"categories":[61],"tags":[],"class_list":["post-24257","post","type-post","status-publish","format-standard","has-post-thumbnail","hentry","category-musica"],"aioseo_notices":[],"_links":{"self":[{"href":"https:\/\/aleeknews.com\/4l33k5\/wp-json\/wp\/v2\/posts\/24257","targetHints":{"allow":["GET"]}}],"collection":[{"href":"https:\/\/aleeknews.com\/4l33k5\/wp-json\/wp\/v2\/posts"}],"about":[{"href":"https:\/\/aleeknews.com\/4l33k5\/wp-json\/wp\/v2\/types\/post"}],"author":[{"embeddable":true,"href":"https:\/\/aleeknews.com\/4l33k5\/wp-json\/wp\/v2\/users\/1"}],"replies":[{"embeddable":true,"href":"https:\/\/aleeknews.com\/4l33k5\/wp-json\/wp\/v2\/comments?post=24257"}],"version-history":[{"count":0,"href":"https:\/\/aleeknews.com\/4l33k5\/wp-json\/wp\/v2\/posts\/24257\/revisions"}],"wp:featuredmedia":[{"embeddable":true,"href":"https:\/\/aleeknews.com\/4l33k5\/wp-json\/wp\/v2\/media\/24258"}],"wp:attachment":[{"href":"https:\/\/aleeknews.com\/4l33k5\/wp-json\/wp\/v2\/media?parent=24257"}],"wp:term":[{"taxonomy":"category","embeddable":true,"href":"https:\/\/aleeknews.com\/4l33k5\/wp-json\/wp\/v2\/categories?post=24257"},{"taxonomy":"post_tag","embeddable":true,"href":"https:\/\/aleeknews.com\/4l33k5\/wp-json\/wp\/v2\/tags?post=24257"}],"curies":[{"name":"wp","href":"https:\/\/api.w.org\/{rel}","templated":true}]}}