{"id":24255,"date":"2026-04-28T12:43:14","date_gmt":"2026-04-28T16:43:14","guid":{"rendered":"https:\/\/aleeknews.com\/4l33k5\/2026\/04\/28\/habia-que-ir-un-libro-revive-los-secretos-del-infame-black-angus\/"},"modified":"2026-04-28T12:43:14","modified_gmt":"2026-04-28T16:43:14","slug":"habia-que-ir-un-libro-revive-los-secretos-del-infame-black-angus","status":"publish","type":"post","link":"https:\/\/aleeknews.com\/4l33k5\/2026\/04\/28\/habia-que-ir-un-libro-revive-los-secretos-del-infame-black-angus\/","title":{"rendered":"\u201cHab\u00eda que ir\u201d: un libro revive los secretos del infame Black Angus"},"content":{"rendered":"<div>\n<div data-fusion-lazy-id=\"f0fQYcNoHQKSGL\">\n<div class>\n<p><a href=\"https:\/\/thetrustproject.org\/\"><img decoding=\"async\" src=\"https:\/\/www.elnuevodia.com\/pf\/resources\/v2\/icons\/trust-icon.svg?d=229\"><\/a><\/p>\n<div>\n<p>Entrevista<\/p>\n<div>\n<p>Intercambio para ofrecer una perspectiva relevante, que ha sido revisada para mayor claridad, pero no del todo verificada.<\/p>\n<\/div>\n<\/div>\n<\/div>\n<div>\n<h2>Un bartender rescata el lado humano del legendario establecimiento a trav\u00e9s de la publicaci\u00f3n<\/h2>\n<div>\n<p>28 de abril de 2026 &#8211; 11:10 PM<\/p>\n<\/div>\n<\/div>\n<\/div>\n<div data-fusion-lazy-id=\"f0fIYaQF9GLV14D\">\n<div><picture><source media=\"(max-width: 375px)\" ><source media=\"(max-width: 767px)\" ><source media=\"(max-width: 1023px)\" ><source ><\/picture><figcaption>El autor Juan Jos\u00e9 D\u00edaz. <span>(Suministrada)<\/span><\/figcaption><\/div>\n<div>\n<p><img decoding=\"async\" alt=\"V\u00edctor Ramos Rosado\" src=\"https:\/\/www.elnuevodia.com\/resizer\/v2\/https%3A%2F%2Fs3.amazonaws.com%2Farc-authors%2Fgfrmedia%2F93ad311a-9333-47a5-ab7d-f4884ffff8fe.png?auth=4deb1f1530c5c228b23f3a31f96f5598051c065924753ca45b7801e0afb7d3a2&#038;quality=75&#038;smart=true&#038;width=170&#038;height=147\"><\/p>\n<\/div>\n<div>\n<p>Durante a\u00f1os, <b>Juan Jos\u00e9 D\u00edaz<\/b> acumul\u00f3 historias sin saber exactamente qu\u00e9 har\u00eda con ellas. Apuntes sueltos, recuerdos, an\u00e9cdotas que muchos despachaban como exageraciones de barra. Hoy, ese archivo personal se convierte en su primer libro, \u201c<b>Desde la barra del Black Angus: confesiones de un bartender<\/b>\u201d, una colecci\u00f3n de memorias con las que busca rescatar un espacio que, a pesar de su estatus legendario, ha sido poco documentado de la historia reciente de Puerto Rico.<\/p>\n<\/div>\n<\/div>\n<section>\n<header><span>Popular en la Comunidad<\/span><\/header>\n<\/section>\n<\/div>\n\n    <div class=\"xs_social_share_widget xs_share_url after_content \t\tmain_content  wslu-style-1 wslu-share-box-shaped wslu-fill-colored wslu-none wslu-share-horizontal wslu-theme-font-no wslu-main_content\">\n\n\t\t\n        <ul>\n\t\t\t        <\/ul>\n    <\/div> \n","protected":false},"excerpt":{"rendered":"<p>Entrevista Intercambio para ofrecer una perspectiva relevante, que ha sido revisada para mayor claridad, pero no del todo verificada. Un bartender rescata el lado humano del legendario establecimiento a trav\u00e9s de la publicaci\u00f3n 28 de abril de 2026 &#8211; 11:10 PM El autor Juan Jos\u00e9 D\u00edaz. (Suministrada) Durante a\u00f1os, Juan Jos\u00e9 D\u00edaz acumul\u00f3 historias sin<\/p>\n","protected":false},"author":2,"featured_media":24256,"comment_status":"open","ping_status":"open","sticky":false,"template":"","format":"standard","meta":{"om_disable_all_campaigns":false,"_monsterinsights_skip_tracking":false,"_monsterinsights_sitenote_active":false,"_monsterinsights_sitenote_note":"","_monsterinsights_sitenote_category":0,"footnotes":""},"categories":[48],"tags":[],"class_list":["post-24255","post","type-post","status-publish","format-standard","has-post-thumbnail","hentry","category-cultura"],"aioseo_notices":[],"_links":{"self":[{"href":"https:\/\/aleeknews.com\/4l33k5\/wp-json\/wp\/v2\/posts\/24255","targetHints":{"allow":["GET"]}}],"collection":[{"href":"https:\/\/aleeknews.com\/4l33k5\/wp-json\/wp\/v2\/posts"}],"about":[{"href":"https:\/\/aleeknews.com\/4l33k5\/wp-json\/wp\/v2\/types\/post"}],"author":[{"embeddable":true,"href":"https:\/\/aleeknews.com\/4l33k5\/wp-json\/wp\/v2\/users\/2"}],"replies":[{"embeddable":true,"href":"https:\/\/aleeknews.com\/4l33k5\/wp-json\/wp\/v2\/comments?post=24255"}],"version-history":[{"count":0,"href":"https:\/\/aleeknews.com\/4l33k5\/wp-json\/wp\/v2\/posts\/24255\/revisions"}],"wp:featuredmedia":[{"embeddable":true,"href":"https:\/\/aleeknews.com\/4l33k5\/wp-json\/wp\/v2\/media\/24256"}],"wp:attachment":[{"href":"https:\/\/aleeknews.com\/4l33k5\/wp-json\/wp\/v2\/media?parent=24255"}],"wp:term":[{"taxonomy":"category","embeddable":true,"href":"https:\/\/aleeknews.com\/4l33k5\/wp-json\/wp\/v2\/categories?post=24255"},{"taxonomy":"post_tag","embeddable":true,"href":"https:\/\/aleeknews.com\/4l33k5\/wp-json\/wp\/v2\/tags?post=24255"}],"curies":[{"name":"wp","href":"https:\/\/api.w.org\/{rel}","templated":true}]}}