{"id":24253,"date":"2026-04-28T12:42:28","date_gmt":"2026-04-28T16:42:28","guid":{"rendered":"https:\/\/aleeknews.com\/4l33k5\/2026\/04\/28\/natalia-lugo-se-casa-con-el-musico-alejandro-matias\/"},"modified":"2026-04-28T12:42:28","modified_gmt":"2026-04-28T16:42:28","slug":"natalia-lugo-se-casa-con-el-musico-alejandro-matias","status":"publish","type":"post","link":"https:\/\/aleeknews.com\/4l33k5\/2026\/04\/28\/natalia-lugo-se-casa-con-el-musico-alejandro-matias\/","title":{"rendered":"Natalia Lugo se casa con el m\u00fasico Alejandro Mat\u00edas"},"content":{"rendered":"<div>\n<p><b>En febrero de este a\u00f1o, la cantante y creadora de contenido <\/b><a href=\"https:\/\/www.elnuevodia.com\/topicos\/natalia-lugo\/\" target=\"_self\" rel title=\"https:\/\/www.elnuevodia.com\/topicos\/natalia-lugo\/\"><b>Natalia Lugo<\/b><\/a>, comparti\u00f3 su <b>compromiso matrimonial con su novio, el m\u00fasico <\/b><a href=\"https:\/\/www.instagram.com\/alejandrom.drummer\/\" target=\"_self\" rel title=\"https:\/\/www.instagram.com\/alejandrom.drummer\/\"><b>Alejandro Mat\u00edas<\/b><\/a> con una publicaci\u00f3n en sus redes sociales. <\/p>\n<p>Tras semanas de esa promesa, la pareja oficializ\u00f3 su amor al contraer matrimonio en una ceremonia \u00edntima entre amigos y familiares. Lugo se cas\u00f3 con el m\u00fasico y comparti\u00f3 varias fotos del enlace en el que luci\u00f3 un vestido blanco con degradaci\u00f3n en color rojo. <\/p>\n<p>\u201cSr. y Sra. \ud83d\udc8dBoda de AN. Est\u00e1n cordialmente invitados a nuestra celebraci\u00f3n de matrimonio, en la tierra como en el cielo&#8221;, expres\u00f3 Lugo en la publicaci\u00f3n de fotos y videos de la boda. <\/p>\n<p>Adem\u00e1s a\u00f1adi\u00f3 un vers\u00edculo de la Biblia. \u202d\u202ddel libro Isa\u00edas: 1\u202c:\u202d18\u202c \u202d(NVI\u202c\u202c): \u201cVengan, pongamos las cosas en claro\u201d, dice el Se\u00f1or. \u201cAunque sus pecados sean como escarlata, quedar\u00e1n blancos como la nieve. Aunque sean rojos como la p\u00farpura, quedar\u00e1n como la lana\u201d.<\/p>\n<p>En las historias de Instagram, Lugo comunic\u00f3 que est\u00e1 de luna de miel por lo que publicar\u00eda m\u00e1s adelante m\u00e1s fotos de su boda. <\/p>\n<\/div>\n\n    <div class=\"xs_social_share_widget xs_share_url after_content \t\tmain_content  wslu-style-1 wslu-share-box-shaped wslu-fill-colored wslu-none wslu-share-horizontal wslu-theme-font-no wslu-main_content\">\n\n\t\t\n        <ul>\n\t\t\t        <\/ul>\n    <\/div> \n","protected":false},"excerpt":{"rendered":"<p>En febrero de este a\u00f1o, la cantante y creadora de contenido Natalia Lugo , comparti\u00f3 su compromiso matrimonial con su novio, el m\u00fasico Alejandro Mat\u00edas con una publicaci\u00f3n en sus redes sociales. Tras semanas de esa promesa, la pareja oficializ\u00f3 su amor al contraer matrimonio en una ceremonia \u00edntima entre amigos y familiares. Lugo se<\/p>\n","protected":false},"author":2,"featured_media":24254,"comment_status":"open","ping_status":"open","sticky":false,"template":"","format":"standard","meta":{"om_disable_all_campaigns":false,"_monsterinsights_skip_tracking":false,"_monsterinsights_sitenote_active":false,"_monsterinsights_sitenote_note":"","_monsterinsights_sitenote_category":0,"footnotes":""},"categories":[47],"tags":[],"class_list":["post-24253","post","type-post","status-publish","format-standard","has-post-thumbnail","hentry","category-farandula"],"aioseo_notices":[],"_links":{"self":[{"href":"https:\/\/aleeknews.com\/4l33k5\/wp-json\/wp\/v2\/posts\/24253","targetHints":{"allow":["GET"]}}],"collection":[{"href":"https:\/\/aleeknews.com\/4l33k5\/wp-json\/wp\/v2\/posts"}],"about":[{"href":"https:\/\/aleeknews.com\/4l33k5\/wp-json\/wp\/v2\/types\/post"}],"author":[{"embeddable":true,"href":"https:\/\/aleeknews.com\/4l33k5\/wp-json\/wp\/v2\/users\/2"}],"replies":[{"embeddable":true,"href":"https:\/\/aleeknews.com\/4l33k5\/wp-json\/wp\/v2\/comments?post=24253"}],"version-history":[{"count":0,"href":"https:\/\/aleeknews.com\/4l33k5\/wp-json\/wp\/v2\/posts\/24253\/revisions"}],"wp:featuredmedia":[{"embeddable":true,"href":"https:\/\/aleeknews.com\/4l33k5\/wp-json\/wp\/v2\/media\/24254"}],"wp:attachment":[{"href":"https:\/\/aleeknews.com\/4l33k5\/wp-json\/wp\/v2\/media?parent=24253"}],"wp:term":[{"taxonomy":"category","embeddable":true,"href":"https:\/\/aleeknews.com\/4l33k5\/wp-json\/wp\/v2\/categories?post=24253"},{"taxonomy":"post_tag","embeddable":true,"href":"https:\/\/aleeknews.com\/4l33k5\/wp-json\/wp\/v2\/tags?post=24253"}],"curies":[{"name":"wp","href":"https:\/\/api.w.org\/{rel}","templated":true}]}}