{"id":24251,"date":"2026-04-28T10:42:42","date_gmt":"2026-04-28T14:42:42","guid":{"rendered":"https:\/\/aleeknews.com\/4l33k5\/2026\/04\/28\/disenadora-de-the-devil-wears-prada-2%e2%80%b3sera-parte-de-san-juan-moda\/"},"modified":"2026-04-28T10:42:42","modified_gmt":"2026-04-28T14:42:42","slug":"disenadora-de-the-devil-wears-prada-2%e2%80%b3sera-parte-de-san-juan-moda","status":"publish","type":"post","link":"https:\/\/aleeknews.com\/4l33k5\/2026\/04\/28\/disenadora-de-the-devil-wears-prada-2%e2%80%b3sera-parte-de-san-juan-moda\/","title":{"rendered":"Dise\u00f1adora de \u201cThe Devil Wears Prada 2\u2033ser\u00e1 parte de San Juan Moda"},"content":{"rendered":"<div>\n<p><b>San Juan Moda <\/b>anunci\u00f3 una edici\u00f3n en la que combina la moda, el cine y la cultura contempor\u00e1nea inspirada en el universo de la pel\u00edcula <a href=\"https:\/\/www.elnuevodia.com\/magacin\/moda\/notas\/todo-lo-que-debes-saber-sobre-the-devil-wears-prada-2-antes-de-su-estreno\/\" target=\"_self\" rel title=\"https:\/\/www.elnuevodia.com\/magacin\/moda\/notas\/todo-lo-que-debes-saber-sobre-the-devil-wears-prada-2-antes-de-su-estreno\/\"><b>\u201cThe Devil Wears Prada 2\u2033<\/b><\/a>.<\/p>\n<p>El evento se llevar\u00e1 a cabo este pr\u00f3ximo <b>jueves, 30 de abril de 2026<\/b> de forma paralela al estreno de la pel\u00edcula, en el Distrito T-Mobile. El evento integra desfiles, experiencias VIP, un screening privado y diversas activaciones culturales de nivel local e internacional. <\/p>\n<p>La experiencia ha sido concebida como un recorrido multisensorial donde los invitados transitan entre cuatro mundos: cine, moda, experiencias y nightlife, reafirmando el posicionamiento de Puerto Rico como una plataforma creativa de alto nivel.<\/p>\n<p><h4><b>Molly Rogers como invitada de honor<\/b><\/h4>\n<\/p>\n<p>La reconocida dise\u00f1adora de vestuario Molly Rogers, figura clave en el universo creativo de la esperada secuela cinematogr\u00e1fica \u201cThe Devil Wears Prada 2\u2033,<b> ser\u00e1 la gran invitada de esta edici\u00f3n.<\/b><\/p>\n<p>Disc\u00edpula de la legendaria Patricia Field y colaboradora en producciones ic\u00f3nicas como \u201cSex and the City\u201d,<b> Rogers<\/b> <b>tendr\u00e1 un rol central en el evento, que incluir\u00e1 un meet &#038; greet exclusivo con los 100 invitados VIP. <\/b><\/p>\n<p>El trabajo de Rogers ha sido destacado en publicaciones de moda a nivel global y en medios digitales. Adem\u00e1s, tuvo una participaci\u00f3n especial en el documental de HBO Max And Just Like That\u2026 The Documentary. Rogers ha colaborado con diversas marcas y organizaciones, incluyendo SoHo House, Macy\u2019s, The Willie Garson Fund y Genesis.<\/p>\n<p>Ha sido nominada en seis ocasiones a los premios Emmy obteniendo una victoria por la tercera temporada de Sex and the City.<\/p>\n<p><h4><b>El programa de la noche<\/b><\/h4>\n<\/p>\n<p>La programaci\u00f3n del 30 de abril de 2026 incluye varias actividades. <\/p>\n<div>\n<ul>\n<li>7:00 p.m. \u2013 Private screening (experiencia VIP)<\/li>\n<li>Proyecci\u00f3n privada del estreno cinematogr\u00e1fico en un ambiente de alto perfil, con acceso exclusivo para 100 invitados. C\u00f3digo de vestimenta: negro (hombres) y rojo (mujeres).<\/li>\n<li>8:00 p.m. \u2013 Desfile del dise\u00f1ador Jos\u00e9 Ra\u00fal (Puerto Rico)<\/li>\n<li>9:00 p.m. \u2013 Desfile de la dise\u00f1adora Giannina Azar (Rep\u00fablica Dominicana)<\/li>\n<li>10:00 p.m. \u2013 Moda urbana y talento emergente, representando la fuerza de la street culture, con los desfiles de NOSY, AWAECOCO, ALA ANCHA HAT CO, HOLY MADE y BY GOD, en una producci\u00f3n de La Mode by Realengo, seguido del after party oficial.<\/li>\n<\/ul>\n<\/div>\n<p>Como parte de la semana de actividades de San Juan Moda, el evento se extiende con programaci\u00f3n especial:<\/p>\n<div>\n<ul>\n<li>2 de mayo de 2026 \u2013 Hotel R\u00edo Mar (2:00 p.m.)<\/li>\n<li>Storytelling en moda: la visi\u00f3n de Molly Rogers, en la Convenci\u00f3n de los Industriales PRMA Industrial Women\u2019s Chapter.<\/li>\n<\/ul>\n<\/div>\n<\/div>\n\n    <div class=\"xs_social_share_widget xs_share_url after_content \t\tmain_content  wslu-style-1 wslu-share-box-shaped wslu-fill-colored wslu-none wslu-share-horizontal wslu-theme-font-no wslu-main_content\">\n\n\t\t\n        <ul>\n\t\t\t        <\/ul>\n    <\/div> \n","protected":false},"excerpt":{"rendered":"<p>San Juan Moda anunci\u00f3 una edici\u00f3n en la que combina la moda, el cine y la cultura contempor\u00e1nea inspirada en el universo de la pel\u00edcula \u201cThe Devil Wears Prada 2\u2033 . El evento se llevar\u00e1 a cabo este pr\u00f3ximo jueves, 30 de abril de 2026 de forma paralela al estreno de la pel\u00edcula, en el<\/p>\n","protected":false},"author":2,"featured_media":24252,"comment_status":"open","ping_status":"open","sticky":false,"template":"","format":"standard","meta":{"om_disable_all_campaigns":false,"_monsterinsights_skip_tracking":false,"_monsterinsights_sitenote_active":false,"_monsterinsights_sitenote_note":"","_monsterinsights_sitenote_category":0,"footnotes":""},"categories":[36],"tags":[],"class_list":["post-24251","post","type-post","status-publish","format-standard","has-post-thumbnail","hentry","category-magazine"],"aioseo_notices":[],"_links":{"self":[{"href":"https:\/\/aleeknews.com\/4l33k5\/wp-json\/wp\/v2\/posts\/24251","targetHints":{"allow":["GET"]}}],"collection":[{"href":"https:\/\/aleeknews.com\/4l33k5\/wp-json\/wp\/v2\/posts"}],"about":[{"href":"https:\/\/aleeknews.com\/4l33k5\/wp-json\/wp\/v2\/types\/post"}],"author":[{"embeddable":true,"href":"https:\/\/aleeknews.com\/4l33k5\/wp-json\/wp\/v2\/users\/2"}],"replies":[{"embeddable":true,"href":"https:\/\/aleeknews.com\/4l33k5\/wp-json\/wp\/v2\/comments?post=24251"}],"version-history":[{"count":0,"href":"https:\/\/aleeknews.com\/4l33k5\/wp-json\/wp\/v2\/posts\/24251\/revisions"}],"wp:featuredmedia":[{"embeddable":true,"href":"https:\/\/aleeknews.com\/4l33k5\/wp-json\/wp\/v2\/media\/24252"}],"wp:attachment":[{"href":"https:\/\/aleeknews.com\/4l33k5\/wp-json\/wp\/v2\/media?parent=24251"}],"wp:term":[{"taxonomy":"category","embeddable":true,"href":"https:\/\/aleeknews.com\/4l33k5\/wp-json\/wp\/v2\/categories?post=24251"},{"taxonomy":"post_tag","embeddable":true,"href":"https:\/\/aleeknews.com\/4l33k5\/wp-json\/wp\/v2\/tags?post=24251"}],"curies":[{"name":"wp","href":"https:\/\/api.w.org\/{rel}","templated":true}]}}