{"id":24225,"date":"2026-04-28T04:43:33","date_gmt":"2026-04-28T08:43:33","guid":{"rendered":"https:\/\/aleeknews.com\/4l33k5\/2026\/04\/28\/el-boricua-carlos-cortes-conquista-premio-de-jugador-de-la-semana\/"},"modified":"2026-04-28T04:43:33","modified_gmt":"2026-04-28T08:43:33","slug":"el-boricua-carlos-cortes-conquista-premio-de-jugador-de-la-semana","status":"publish","type":"post","link":"https:\/\/aleeknews.com\/4l33k5\/2026\/04\/28\/el-boricua-carlos-cortes-conquista-premio-de-jugador-de-la-semana\/","title":{"rendered":"El boricua Carlos Cort\u00e9s conquista premio de Jugador de la Semana"},"content":{"rendered":"<div>\n<p>El jardinero <b>Carlos Cort\u00e9s<\/b>, quien vio acci\u00f3n con Puerto Rico en el <a href=\"https:\/\/www.elnuevodia.com\/topicos\/clasico-mundial-de-beisbol\/\" target=\"_blank\" rel=\"noreferrer\" title=\"https:\/\/www.elnuevodia.com\/topicos\/clasico-mundial-de-beisbol\/\"><b>Cl\u00e1sico Mundial de B\u00e9isbol<\/b><\/a>, fue seleccionado este lunes Jugador de la Semana en la Liga Americana gracias a su destacada producci\u00f3n ofensiva con los <a href=\"https:\/\/www.elnuevodia.com\/topicos\/Athletics-de-Oakland\/\" target=\"_self\" rel title=\"https:\/\/www.elnuevodia.com\/topicos\/Athletics-de-Oakland\/\"><b>Athletics de Oakland<\/b><\/a>.<\/p>\n<p>Se trata del primer reconocimiento de este tipo para el pelotero de 29 a\u00f1os.<\/p>\n<p>Cort\u00e9s comparti\u00f3 la distinci\u00f3n con Ildemaro Vargas, de los <b>Diamondbacks de Arizona<\/b>, quien fue premiado en la Liga Nacional.<\/p>\n<div data-oembed-type=\"twitter\">\n<blockquote><p>\u2014 Athletics (@Athletics) <a href=\"https:\/\/twitter.com\/Athletics\/status\/2048863159315013956?ref_src=twsrc%5Etfw\">April 27, 2026<\/a><\/p><\/blockquote>\n<\/div>\n<p>En series ante los Rangers de Texas y los Mariners de Seattle, Cort\u00e9s \u2014de 5\u20197\u201d de estatura\u2014 bate\u00f3 de 24-13, con tres cuadrangulares y siete carreras impulsadas.<\/p>\n<p>Durante ese periodo, los Athletics ganaron cuatro de seis partidos.<\/p>\n<p>La producci\u00f3n del jardinero en esos seis juegos super\u00f3 ampliamente lo que hab\u00eda logrado en sus primeros 16 encuentros de la temporada, en los que conect\u00f3 un cuadrangular y remolc\u00f3 seis carreras.<\/p>\n<p>En el Cl\u00e1sico Mundial de B\u00e9isbol, Cort\u00e9s bate\u00f3 de 19-5 con una carrera impulsada representando a Puerto Rico.<\/p>\n<p>Seleccionado en la tercera ronda del sorteo de 2018 por los Mets de Nueva York, el jugador debut\u00f3 en las <b>Grandes Ligas<\/b> con los Athletics en 2025, tras varias temporadas en ligas menores y en la pelota profesional de Puerto Rico con los <b>Indios de Mayag\u00fcez<\/b> y los <b>Leones de Ponce<\/b>.<\/p>\n<div data-oembed-type=\"twitter\">\n<blockquote>\n<div lang=\"en\" dir=\"ltr\">\n<p>Carlos Cortes this season:<\/p>\n<p>.345 AVG<br \/>4 HR<br \/>11 RBI<br \/>.410 OBP<br \/>.636 SLG<br \/>1.046 OPS<\/p>\n<p>Cortes is quietly MASHING in a loaded A\u2019s lineup \ud83d\udcaa <a href=\"https:\/\/t.co\/k8LuRv6Hmn\">pic.twitter.com\/k8LuRv6Hmn<\/a><\/p>\n<\/div>\n<p>\u2014 Just Baseball (@JustBB_Media) <a href=\"https:\/\/twitter.com\/JustBB_Media\/status\/2047849186708672872?ref_src=twsrc%5Etfw\">April 25, 2026<\/a><\/p><\/blockquote>\n<\/div>\n<p>En 2025, bate\u00f3 para promedio de .308 en 99 turnos al bate con Oakland. En la actual campa\u00f1a, presenta un s\u00f3lido promedio de .377 en 67 turnos.<\/p>\n<\/div>\n\n    <div class=\"xs_social_share_widget xs_share_url after_content \t\tmain_content  wslu-style-1 wslu-share-box-shaped wslu-fill-colored wslu-none wslu-share-horizontal wslu-theme-font-no wslu-main_content\">\n\n\t\t\n        <ul>\n\t\t\t        <\/ul>\n    <\/div> \n","protected":false},"excerpt":{"rendered":"<p>El jardinero Carlos Cort\u00e9s, quien vio acci\u00f3n con Puerto Rico en el Cl\u00e1sico Mundial de B\u00e9isbol , fue seleccionado este lunes Jugador de la Semana en la Liga Americana gracias a su destacada producci\u00f3n ofensiva con los Athletics de Oakland . Se trata del primer reconocimiento de este tipo para el pelotero de 29 a\u00f1os.<\/p>\n","protected":false},"author":2,"featured_media":24226,"comment_status":"open","ping_status":"open","sticky":false,"template":"","format":"standard","meta":{"om_disable_all_campaigns":false,"_monsterinsights_skip_tracking":false,"_monsterinsights_sitenote_active":false,"_monsterinsights_sitenote_note":"","_monsterinsights_sitenote_category":0,"footnotes":""},"categories":[7],"tags":[],"class_list":["post-24225","post","type-post","status-publish","format-standard","has-post-thumbnail","hentry","category-deportes"],"aioseo_notices":[],"_links":{"self":[{"href":"https:\/\/aleeknews.com\/4l33k5\/wp-json\/wp\/v2\/posts\/24225","targetHints":{"allow":["GET"]}}],"collection":[{"href":"https:\/\/aleeknews.com\/4l33k5\/wp-json\/wp\/v2\/posts"}],"about":[{"href":"https:\/\/aleeknews.com\/4l33k5\/wp-json\/wp\/v2\/types\/post"}],"author":[{"embeddable":true,"href":"https:\/\/aleeknews.com\/4l33k5\/wp-json\/wp\/v2\/users\/2"}],"replies":[{"embeddable":true,"href":"https:\/\/aleeknews.com\/4l33k5\/wp-json\/wp\/v2\/comments?post=24225"}],"version-history":[{"count":0,"href":"https:\/\/aleeknews.com\/4l33k5\/wp-json\/wp\/v2\/posts\/24225\/revisions"}],"wp:featuredmedia":[{"embeddable":true,"href":"https:\/\/aleeknews.com\/4l33k5\/wp-json\/wp\/v2\/media\/24226"}],"wp:attachment":[{"href":"https:\/\/aleeknews.com\/4l33k5\/wp-json\/wp\/v2\/media?parent=24225"}],"wp:term":[{"taxonomy":"category","embeddable":true,"href":"https:\/\/aleeknews.com\/4l33k5\/wp-json\/wp\/v2\/categories?post=24225"},{"taxonomy":"post_tag","embeddable":true,"href":"https:\/\/aleeknews.com\/4l33k5\/wp-json\/wp\/v2\/tags?post=24225"}],"curies":[{"name":"wp","href":"https:\/\/api.w.org\/{rel}","templated":true}]}}