{"id":24224,"date":"2026-04-28T04:43:34","date_gmt":"2026-04-28T08:43:34","guid":{"rendered":"https:\/\/aleeknews.com\/4l33k5\/2026\/04\/28\/se-mueve-el-plan-de-la-federacion-de-baloncesto-para-los-centroamericanos\/"},"modified":"2026-04-28T04:43:34","modified_gmt":"2026-04-28T08:43:34","slug":"se-mueve-el-plan-de-la-federacion-de-baloncesto-para-los-centroamericanos","status":"publish","type":"post","link":"https:\/\/aleeknews.com\/4l33k5\/2026\/04\/28\/se-mueve-el-plan-de-la-federacion-de-baloncesto-para-los-centroamericanos\/","title":{"rendered":"Se mueve el plan de la Federaci\u00f3n de Baloncesto para los Centroamericanos"},"content":{"rendered":"<div>\n<div>\n<p>La <a href=\"https:\/\/www.elnuevodia.com\/topicos\/federacion-de-baloncesto-de-puerto-rico\/\" target=\"_self\" rel title=\"https:\/\/www.elnuevodia.com\/topicos\/federacion-de-baloncesto-de-puerto-rico\/\"><b>Federaci\u00f3n de Baloncesto de Puerto Rico (FBPUR)<\/b><\/a> ya adelant\u00f3 el proceso de identificaci\u00f3n de talento para sus selecciones Sub-20 rumbo a los <a href=\"https:\/\/www.elnuevodia.com\/topicos\/juegos-centroamericanos-y-del-caribe\/\" target=\"_self\" rel title=\"https:\/\/www.elnuevodia.com\/topicos\/juegos-centroamericanos-y-del-caribe\/\"><b>Juegos Centroamericanos y del Caribe Santo Domingo 2026<\/b><\/a>, al someter la lista larga con los nombres de los jugadores con mayor proyecci\u00f3n dentro de sus programas nacionales.<\/p>\n<\/div>\n<p>El presidente federativo, <b>Yum Ramos<\/b>, explic\u00f3 que la lista incluye jugadores que ya han pasado por estructuras nacionales y que, seg\u00fan la evaluaci\u00f3n del organismo, cuentan con el desarrollo y potencial necesarios para integrar los combinados puertorrique\u00f1os en la justa regional y posteriormente el programa adulto.<\/p>\n<p>De igual forma, se\u00f1al\u00f3 que someti\u00f3 los nombres de los posibles integrantes del cuerpo t\u00e9cnico.<\/p>\n<p>\u201cYa sometimos los listados largos de ambos equipos, tanto de jugadores como jugadoras, adem\u00e1s del <i>staff<\/i>. Ya tenemos una fecha para comenzar los entrenamientos, que debe ser m\u00e1s o menos a principios de julio. Los torneos comienzan el 22 y 23 all\u00e1 en Rep\u00fablica Dominicana\u201d, se\u00f1al\u00f3 Ramos en entrevista telef\u00f3nica con <a href=\"https:\/\/www.elnuevodia.com\/\" target=\"_self\" rel title=\"https:\/\/www.elnuevodia.com\/\"><i><b>El Nuevo D\u00eda<\/b><\/i><\/a>.<\/p>\n<p>\u201cYa sometimos toda la informaci\u00f3n y se est\u00e1 trabajando en el listado de pasajes y dem\u00e1s. Est\u00e1 todo viento en popa. Ya se ha contactado a todos los jugadores elegibles, de 20 a\u00f1os o menos, que han estado en nuestros programas\u201d, agreg\u00f3.<\/p>\n<p>El torneo femenino dar\u00e1 inicio el 25 de julio, mientras el masculino abre el 26. Los Juegos Centroamericanos y del Caribe inauguran el 24 de julio y cierran el 8 de agosto.<\/p>\n<p>El l\u00edder federativo fue enf\u00e1tico en que el talento disponible le da a Puerto Rico potencial real para aspirar al podio en ambas ramas. Esta edici\u00f3n de los Juegos marcar\u00e1 adem\u00e1s un cambio significativo, al ser la primera en disputarse con jugadores de categor\u00eda Sub-20 tras una decisi\u00f3n de FIBA, que notific\u00f3 a sus organismos afiliados que, a partir de 2026, las selecciones adultas de baloncesto 5&#215;5 dejar\u00e1n de competir en la justa regional.<\/p>\n<div>\n<figure><picture><source media=\"(max-width: 375px)\" ><source media=\"(max-width: 767px)\" ><source media=\"(max-width: 1023px)\" ><source ><img src=\"https:\/\/www.elnuevodia.com\/resizer\/v2\/TJMIMNTBTZBZLGIBTMFG6QIGOY.JPG?auth=4280436b801517f58b61e47c93e2524840d12d837b22aa7461fa075b37f9b8dc&#038;quality=75&#038;width=829&#038;smart=true\" alt=\"La Selecci\u00f3n Nacional de baloncesto femenino obtuvo, tambi\u00e9n, la medalla de bronce.\" loading=\"eager\" fetchpriority=\"high\" decoding=\"sync\"><\/picture><figcaption>La Selecci\u00f3n Nacional de baloncesto femenino obtuvo, tambi\u00e9n, la medalla de bronce. (David Villafa\u00f1e Ramos)<\/figcaption><\/figure>\n<\/div>\n<p>\u201cSon dos equipos cuya composici\u00f3n en los listados largos nos gusta mucho. De ah\u00ed deben salir grupos con mucha proyecci\u00f3n, tanto en la rama masculina como en la femenina\u201d, apunt\u00f3 Ramos.<\/p>\n<p>\u201cObviamente, a este nivel centroamericano nosotros siempre debemos aspirar a estar en el medallero con ambos equipos\u201d.<\/p>\n<p>Puerto Rico viene de conquistar medallas de bronce en ambas ramas en los <b>Juegos Centroamericanos y del Caribe de San Salvador 2023<\/b>. Seg\u00fan datos recopilados por el estad\u00edstico e historiador deportivo Carlos Uriarte Gonz\u00e1lez en su libro <i><b>Puerto Rico en los Juegos de los 100 A\u00f1os<\/b><\/i>, la selecci\u00f3n masculina ha sido hist\u00f3ricamente la m\u00e1s dominante, con un total de 18 medallas: siete de oro, seis de plata y cinco de bronce. Quedaron fuera del medallero en las ediciones de <b>Panam\u00e1 1938<\/b>, <b>Barranquilla 1946<\/b>, <b>Ciudad de Guatemala 1950<\/b> y en <b>Maracaibo 1998<\/b>.<\/p>\n<p>En la rama femenina \u2014cuyo torneo debut\u00f3 en la tercera edici\u00f3n de los Juegos Centroamericanos y del Caribe, celebrada en San Salvador 1935\u2014 Puerto Rico ocupa el tercer lugar hist\u00f3rico, con 10 medallas: una de oro, cinco de plata y cuatro de bronce.<\/p>\n<p>En cuanto a los dirigentes, Ramos comparti\u00f3 que todos los t\u00e9cnicos de los programas nacionales adultos figuran en el listado de candidatos, aunque se\u00f1al\u00f3 que los nombramientos se realizar\u00e1n m\u00e1s adelante, ya que muchos de esos coaches permanecen activos en la temporada 2026 del <a href=\"https:\/\/www.elnuevodia.com\/topicos\/bsn\/\" target=\"_self\" rel title=\"https:\/\/www.elnuevodia.com\/topicos\/bsn\/\"><b>Baloncesto Superior Nacional<\/b><\/a>.<\/p>\n<p>El dirigente de los <b>Vaqueros de Bayam\u00f3n<\/b>, <b>Christian Dalmau<\/b>, y <b>Gerardo \u201cJerry\u201d Batista<\/b> encabezaron los equipos masculino y femenino, respectivamente, en San Salvador 2023.<\/p>\n<\/div>\n\n    <div class=\"xs_social_share_widget xs_share_url after_content \t\tmain_content  wslu-style-1 wslu-share-box-shaped wslu-fill-colored wslu-none wslu-share-horizontal wslu-theme-font-no wslu-main_content\">\n\n\t\t\n        <ul>\n\t\t\t        <\/ul>\n    <\/div> \n","protected":false},"excerpt":{"rendered":"<p>La Federaci\u00f3n de Baloncesto de Puerto Rico (FBPUR) ya adelant\u00f3 el proceso de identificaci\u00f3n de talento para sus selecciones Sub-20 rumbo a los Juegos Centroamericanos y del Caribe Santo Domingo 2026 , al someter la lista larga con los nombres de los jugadores con mayor proyecci\u00f3n dentro de sus programas nacionales. El presidente federativo, Yum<\/p>\n","protected":false},"author":2,"featured_media":0,"comment_status":"open","ping_status":"open","sticky":false,"template":"","format":"standard","meta":{"om_disable_all_campaigns":false,"_monsterinsights_skip_tracking":false,"_monsterinsights_sitenote_active":false,"_monsterinsights_sitenote_note":"","_monsterinsights_sitenote_category":0,"footnotes":""},"categories":[7],"tags":[],"class_list":["post-24224","post","type-post","status-publish","format-standard","hentry","category-deportes"],"aioseo_notices":[],"_links":{"self":[{"href":"https:\/\/aleeknews.com\/4l33k5\/wp-json\/wp\/v2\/posts\/24224","targetHints":{"allow":["GET"]}}],"collection":[{"href":"https:\/\/aleeknews.com\/4l33k5\/wp-json\/wp\/v2\/posts"}],"about":[{"href":"https:\/\/aleeknews.com\/4l33k5\/wp-json\/wp\/v2\/types\/post"}],"author":[{"embeddable":true,"href":"https:\/\/aleeknews.com\/4l33k5\/wp-json\/wp\/v2\/users\/2"}],"replies":[{"embeddable":true,"href":"https:\/\/aleeknews.com\/4l33k5\/wp-json\/wp\/v2\/comments?post=24224"}],"version-history":[{"count":0,"href":"https:\/\/aleeknews.com\/4l33k5\/wp-json\/wp\/v2\/posts\/24224\/revisions"}],"wp:attachment":[{"href":"https:\/\/aleeknews.com\/4l33k5\/wp-json\/wp\/v2\/media?parent=24224"}],"wp:term":[{"taxonomy":"category","embeddable":true,"href":"https:\/\/aleeknews.com\/4l33k5\/wp-json\/wp\/v2\/categories?post=24224"},{"taxonomy":"post_tag","embeddable":true,"href":"https:\/\/aleeknews.com\/4l33k5\/wp-json\/wp\/v2\/tags?post=24224"}],"curies":[{"name":"wp","href":"https:\/\/api.w.org\/{rel}","templated":true}]}}