{"id":24216,"date":"2026-04-27T11:43:41","date_gmt":"2026-04-27T15:43:41","guid":{"rendered":"https:\/\/aleeknews.com\/4l33k5\/2026\/04\/27\/por-segunda-vez-niegan-a-cher-la-tutela-de-su-hijo-recluido-en-hospital-psiquiatrico\/"},"modified":"2026-04-27T11:43:41","modified_gmt":"2026-04-27T15:43:41","slug":"por-segunda-vez-niegan-a-cher-la-tutela-de-su-hijo-recluido-en-hospital-psiquiatrico","status":"publish","type":"post","link":"https:\/\/aleeknews.com\/4l33k5\/2026\/04\/27\/por-segunda-vez-niegan-a-cher-la-tutela-de-su-hijo-recluido-en-hospital-psiquiatrico\/","title":{"rendered":"Por segunda vez, niegan a Cher la tutela de su hijo recluido en hospital psiqui\u00e1trico"},"content":{"rendered":"<div>\n<p>Un tribunal de Los \u00c1ngeles neg\u00f3 la petici\u00f3n de<a href=\"https:\/\/www.elnuevodia.com\/topicos\/cher\/\" target=\"_self\" rel title=\"https:\/\/www.elnuevodia.com\/topicos\/cher\/\"> <b>Cher<\/b><\/a> para que su hijo, <b>Elijah Blue Allman<\/b>, fuera puesto bajo una tutela temporal.<\/p>\n<p>Durante una audiencia celebrada el viernes 24 de abril, la jueza rechaz\u00f3 la solicitud de la cantante para designar a un administrador que controlara el patrimonio de Allman, aunque dej\u00f3 abierta la posibilidad de que vuelva a presentarla m\u00e1s adelante, seg\u00fan reporta \u201cPeople\u201d.<\/p>\n<p>La decisi\u00f3n se bas\u00f3 en que, a juicio de la corte, <b>no existe una urgencia suficiente<\/b> que justifique la medida. Cher hab\u00eda argumentado que su hijo, de 49 a\u00f1os, enfrenta <b>problemas de salud mental y consumo de sustancias<\/b> que lo incapacitan gravemente.<\/p>\n<p>Allman particip\u00f3 en la audiencia por videollamada desde un hospital psiqui\u00e1trico, donde permanece internado mientras intenta estabilizar su estado mental. Adem\u00e1s, enfrenta <b>cargos penales en New Hampshire<\/b> relacionados con dos casos distintos.<\/p>\n<p><h4><b>\u00bfPor qu\u00e9 le negaron a Cher el control temporal sobre bienes de su hijo?<\/b><\/h4>\n<\/p>\n<p>La jueza consider\u00f3 que, debido a su hospitalizaci\u00f3n y situaci\u00f3n legal, <b>no tendr\u00eda acceso inmediato a los recursos<\/b> provenientes del fideicomiso de su padre, Gregg Allman.<\/p>\n<p>Tambi\u00e9n se\u00f1al\u00f3 que los pagos de ese fondo se han realizado durante a\u00f1os, por lo que presentar la solicitud poco antes de una nueva entrega no constituye una emergencia.<\/p>\n<p>Cher hab\u00eda sostenido que el dinero que su hijo recibe <b>se gasta r\u00e1pidamente en drogas<\/b>, pero el tribunal indic\u00f3 que, aunque comprende la preocupaci\u00f3n de la familia, eso no prueba necesariamente que \u00e9l carezca de capacidad legal ni justifica imponer una tutela.<\/p>\n<p><b>La artista solicit\u00f3 inicialmente esta medida en diciembre de 2023, buscando ser la \u00fanica responsable de los bienes de su hijo. En esta ocasi\u00f3n, propon\u00eda que el fiduciario Jason Rubin asumiera ese papel.<\/b><\/p>\n<p>En septiembre de 2024 la propia Cher retir\u00f3 una solicitud previa, y en ese momento los abogados de Allman se\u00f1alaron que ambas partes buscaban <b>enfocarse en la recuperaci\u00f3n personal y en reconstruir su relaci\u00f3n familiar<\/b>, proceso que, aseguraron, sigue en curso.<\/p>\n<div>\n<p><b>1 \/ 11 | <\/b><span> Cher diva camale\u00f3nica. Naci\u00f3 el 20 de mayo de 1946 en El Centro, California. Su verdadero nombre es Cherilyn Sarkisian. (Suministrada)<\/span><\/p>\n<\/div>\n<\/div>\n\n    <div class=\"xs_social_share_widget xs_share_url after_content \t\tmain_content  wslu-style-1 wslu-share-box-shaped wslu-fill-colored wslu-none wslu-share-horizontal wslu-theme-font-no wslu-main_content\">\n\n\t\t\n        <ul>\n\t\t\t        <\/ul>\n    <\/div> \n","protected":false},"excerpt":{"rendered":"<p>Un tribunal de Los \u00c1ngeles neg\u00f3 la petici\u00f3n de Cher para que su hijo, Elijah Blue Allman, fuera puesto bajo una tutela temporal. Durante una audiencia celebrada el viernes 24 de abril, la jueza rechaz\u00f3 la solicitud de la cantante para designar a un administrador que controlara el patrimonio de Allman, aunque dej\u00f3 abierta la<\/p>\n","protected":false},"author":2,"featured_media":24217,"comment_status":"open","ping_status":"open","sticky":false,"template":"","format":"standard","meta":{"om_disable_all_campaigns":false,"_monsterinsights_skip_tracking":false,"_monsterinsights_sitenote_active":false,"_monsterinsights_sitenote_note":"","_monsterinsights_sitenote_category":0,"footnotes":""},"categories":[47],"tags":[],"class_list":["post-24216","post","type-post","status-publish","format-standard","has-post-thumbnail","hentry","category-farandula"],"aioseo_notices":[],"_links":{"self":[{"href":"https:\/\/aleeknews.com\/4l33k5\/wp-json\/wp\/v2\/posts\/24216","targetHints":{"allow":["GET"]}}],"collection":[{"href":"https:\/\/aleeknews.com\/4l33k5\/wp-json\/wp\/v2\/posts"}],"about":[{"href":"https:\/\/aleeknews.com\/4l33k5\/wp-json\/wp\/v2\/types\/post"}],"author":[{"embeddable":true,"href":"https:\/\/aleeknews.com\/4l33k5\/wp-json\/wp\/v2\/users\/2"}],"replies":[{"embeddable":true,"href":"https:\/\/aleeknews.com\/4l33k5\/wp-json\/wp\/v2\/comments?post=24216"}],"version-history":[{"count":0,"href":"https:\/\/aleeknews.com\/4l33k5\/wp-json\/wp\/v2\/posts\/24216\/revisions"}],"wp:featuredmedia":[{"embeddable":true,"href":"https:\/\/aleeknews.com\/4l33k5\/wp-json\/wp\/v2\/media\/24217"}],"wp:attachment":[{"href":"https:\/\/aleeknews.com\/4l33k5\/wp-json\/wp\/v2\/media?parent=24216"}],"wp:term":[{"taxonomy":"category","embeddable":true,"href":"https:\/\/aleeknews.com\/4l33k5\/wp-json\/wp\/v2\/categories?post=24216"},{"taxonomy":"post_tag","embeddable":true,"href":"https:\/\/aleeknews.com\/4l33k5\/wp-json\/wp\/v2\/tags?post=24216"}],"curies":[{"name":"wp","href":"https:\/\/api.w.org\/{rel}","templated":true}]}}