{"id":24214,"date":"2026-04-27T10:42:17","date_gmt":"2026-04-27T14:42:17","guid":{"rendered":"https:\/\/aleeknews.com\/4l33k5\/2026\/04\/27\/nueva-coleccion-de-carteras-de-fernando-chang-disponible-en-puerto-rico\/"},"modified":"2026-04-27T10:42:17","modified_gmt":"2026-04-27T14:42:17","slug":"nueva-coleccion-de-carteras-de-fernando-chang-disponible-en-puerto-rico","status":"publish","type":"post","link":"https:\/\/aleeknews.com\/4l33k5\/2026\/04\/27\/nueva-coleccion-de-carteras-de-fernando-chang-disponible-en-puerto-rico\/","title":{"rendered":"Nueva colecci\u00f3n de carteras de Fernando Chang disponible en Puerto Rico"},"content":{"rendered":"<div>\n<p>El modelo, actor y dise\u00f1ador <a href=\"https:\/\/www.instagram.com\/fernandochang_w\/\" target=\"_self\" rel title=\"https:\/\/www.instagram.com\/fernandochang_w\/\"><b>Fernando Chang<\/b><\/a> present\u00f3 una nueva l\u00ednea de carteras bajo la marca que lleva su nombre, una propuesta que, seg\u00fan explic\u00f3, surge de su experiencia en los \u00e1mbitos de la moda, el arte y los negocios.<\/p>\n<p>Chang, venezolano de ra\u00edces asi\u00e1ticas, indic\u00f3 que la colecci\u00f3n refleja su estilo personal y su evoluci\u00f3n profesional. El dise\u00f1ador asegur\u00f3 que \u201ccada pieza est\u00e1 confeccionada con materiales de la industria del cuero con certificaciones internacionales\u201d y que su proceso creativo parte tanto de la est\u00e9tica como de la funcionalidad.<\/p>\n<p>Tras lanzar a principios de este a\u00f1o una colecci\u00f3n inspirada en San Valent\u00edn titulada \u201cVita Enamorada\u201d. <b>Chang ahora presenta \u201cSecretum\u201d, una nueva propuesta que incluye bolsos con un dise\u00f1o sobrio y un logotipo renovado. Seg\u00fan el creativo, la l\u00ednea busca mantener un estilo atemporal y no depender de tendencias espec\u00edficas.<\/b><\/p>\n<div>\n<figure><picture><source media=\"(max-width: 375px)\" ><source media=\"(max-width: 767px)\" ><source media=\"(max-width: 1023px)\" ><source ><img src=\"https:\/\/www.elnuevodia.com\/resizer\/v2\/22AIS6G65RHUNCKA7I7NASZOZ4.jpg?auth=abb1f3082d12b6f41b6b11c838072878d39d592acef85fa379652eaf169c15b1&#038;quality=75&#038;width=829&#038;smart=true\" alt=\"El modelo y dise\u00f1ador contin\u00faa desarrollando su marca con una nueva propuesta de bolsos de estilo atemporal.\" loading=\"eager\" fetchpriority=\"high\" decoding=\"sync\"><\/picture><figcaption>El modelo y dise\u00f1ador contin\u00faa desarrollando su marca con una nueva propuesta de bolsos de estilo atemporal. (Suministrada)<\/figcaption><\/figure>\n<\/div>\n<p>\u201cMi marca es el punto de encuentro donde convergen mis tres grandes pasiones: la actuaci\u00f3n, la moda y los negocios\u201d, expres\u00f3 en declaraciones escritas, al describir la l\u00ednea como una extensi\u00f3n de su trayectoria que llega en un momento de madurez art\u00edstica. <\/p>\n<p>Chang se\u00f1al\u00f3 adem\u00e1s que sus dise\u00f1os apuntan a promover un consumo m\u00e1s consciente y que procura trabajar con materiales seleccionados. \u201cPrefiero crear piezas que no respondan a modas pasajeras\u201d, sostuvo.<\/p>\n<p><b>La colecci\u00f3n est\u00e1 disponible en varias boutiques en Puerto Rico, entre ellas Serafina Boutique en Guaynabo, Pure Soul en el Viejo San Juan, Neveroverdressed en la avenida Roosevelt en San Juan, Alpha Market Boutique en Ponce y Galer\u00eda en Plaza Las Am\u00e9ricas. <\/b><\/p>\n<div>\n<figure><picture><source media=\"(max-width: 375px)\" ><source media=\"(max-width: 767px)\" ><source media=\"(max-width: 1023px)\" ><source ><img src=\"https:\/\/www.elnuevodia.com\/resizer\/v2\/QJ6GYQ6M3RCBRIATVL5HYPWZPY.jpg?auth=fdc3327afe3c22596e2a2c47ee9620b5a89a39c2c8b1f596fac11e59834cdd4a&#038;quality=75&#038;width=829&#038;smart=true\" alt=\"La nueva colecci\u00f3n sirve adem\u00e1s de presentaci\u00f3n para su nuevo logo.\" loading=\"eager\" fetchpriority=\"high\" decoding=\"sync\"><\/picture><figcaption>La nueva colecci\u00f3n sirve adem\u00e1s de presentaci\u00f3n para su nuevo logo. (Suministrada)<\/figcaption><\/figure>\n<\/div>\n<p>Como parte de las pr\u00f3ximas actividades en su agenda, Chang presentar\u00e1 sus creaciones el pr\u00f3ximo 19 de abril durante el Desfile de Sombreros del Club C\u00edvico de Damas de Puerto Rico, cap\u00edtulo de Ponce, en el Ponce Hilton. Adem\u00e1s, el 24 de abril participar\u00e1 en un evento en Galer\u00eda, en Plaza Las Am\u00e9ricas, donde mostrar\u00e1 sus dise\u00f1os m\u00e1s recientes.<\/p>\n<p>Antes de incursionar en el dise\u00f1o, Chang se ha desarrollado como modelo en pasarelas internacionales y como actor. En 2023 particip\u00f3 en la pel\u00edcula de acci\u00f3n The Plane, protagonizada por Gerard Butler, y posteriormente trabaj\u00f3 en la cinta L\u00edneas de Falla, filmada en M\u00e9xico y con estreno previsto para este a\u00f1o. Actualmente, tambi\u00e9n conduce un p\u00f3dcast en el que entrevista a diversas figuras del entretenimiento.<\/p>\n<\/div>\n\n    <div class=\"xs_social_share_widget xs_share_url after_content \t\tmain_content  wslu-style-1 wslu-share-box-shaped wslu-fill-colored wslu-none wslu-share-horizontal wslu-theme-font-no wslu-main_content\">\n\n\t\t\n        <ul>\n\t\t\t        <\/ul>\n    <\/div> \n","protected":false},"excerpt":{"rendered":"<p>El modelo, actor y dise\u00f1ador Fernando Chang present\u00f3 una nueva l\u00ednea de carteras bajo la marca que lleva su nombre, una propuesta que, seg\u00fan explic\u00f3, surge de su experiencia en los \u00e1mbitos de la moda, el arte y los negocios. Chang, venezolano de ra\u00edces asi\u00e1ticas, indic\u00f3 que la colecci\u00f3n refleja su estilo personal y su<\/p>\n","protected":false},"author":2,"featured_media":24215,"comment_status":"open","ping_status":"open","sticky":false,"template":"","format":"standard","meta":{"om_disable_all_campaigns":false,"_monsterinsights_skip_tracking":false,"_monsterinsights_sitenote_active":false,"_monsterinsights_sitenote_note":"","_monsterinsights_sitenote_category":0,"footnotes":""},"categories":[36],"tags":[],"class_list":["post-24214","post","type-post","status-publish","format-standard","has-post-thumbnail","hentry","category-magazine"],"aioseo_notices":[],"_links":{"self":[{"href":"https:\/\/aleeknews.com\/4l33k5\/wp-json\/wp\/v2\/posts\/24214","targetHints":{"allow":["GET"]}}],"collection":[{"href":"https:\/\/aleeknews.com\/4l33k5\/wp-json\/wp\/v2\/posts"}],"about":[{"href":"https:\/\/aleeknews.com\/4l33k5\/wp-json\/wp\/v2\/types\/post"}],"author":[{"embeddable":true,"href":"https:\/\/aleeknews.com\/4l33k5\/wp-json\/wp\/v2\/users\/2"}],"replies":[{"embeddable":true,"href":"https:\/\/aleeknews.com\/4l33k5\/wp-json\/wp\/v2\/comments?post=24214"}],"version-history":[{"count":0,"href":"https:\/\/aleeknews.com\/4l33k5\/wp-json\/wp\/v2\/posts\/24214\/revisions"}],"wp:featuredmedia":[{"embeddable":true,"href":"https:\/\/aleeknews.com\/4l33k5\/wp-json\/wp\/v2\/media\/24215"}],"wp:attachment":[{"href":"https:\/\/aleeknews.com\/4l33k5\/wp-json\/wp\/v2\/media?parent=24214"}],"wp:term":[{"taxonomy":"category","embeddable":true,"href":"https:\/\/aleeknews.com\/4l33k5\/wp-json\/wp\/v2\/categories?post=24214"},{"taxonomy":"post_tag","embeddable":true,"href":"https:\/\/aleeknews.com\/4l33k5\/wp-json\/wp\/v2\/tags?post=24214"}],"curies":[{"name":"wp","href":"https:\/\/api.w.org\/{rel}","templated":true}]}}