{"id":24212,"date":"2026-04-27T08:43:04","date_gmt":"2026-04-27T12:43:04","guid":{"rendered":"https:\/\/aleeknews.com\/4l33k5\/2026\/04\/27\/la-resiliencia-de-los-nacidos-en-los-anos-60-y-70-por-que-dicen-que-es-una-generacion-que-crecio-sin-proteccion\/"},"modified":"2026-04-27T08:43:04","modified_gmt":"2026-04-27T12:43:04","slug":"la-resiliencia-de-los-nacidos-en-los-anos-60-y-70-por-que-dicen-que-es-una-generacion-que-crecio-sin-proteccion","status":"publish","type":"post","link":"https:\/\/aleeknews.com\/4l33k5\/2026\/04\/27\/la-resiliencia-de-los-nacidos-en-los-anos-60-y-70-por-que-dicen-que-es-una-generacion-que-crecio-sin-proteccion\/","title":{"rendered":"La resiliencia de los nacidos en los a\u00f1os 60 y 70: \u00bfpor qu\u00e9 dicen que es una generaci\u00f3n que creci\u00f3 sin protecci\u00f3n?"},"content":{"rendered":"<div>\n<p>La forma en la que entendemos la infancia ha dado un giro de 180 grados en el \u00faltimo medio siglo. Mientras que hoy predomina un modelo de crianza centrado en el bienestar inmediato y la protecci\u00f3n constante, <b>quienes crecieron en las d\u00e9cadas de 1960 y 1970 vivieron una realidad marcada por la exigencia y una libertad que, a ojos actuales, resultar\u00eda impensable.<\/b><\/p>\n<p>Seg\u00fan diversos an\u00e1lisis en el \u00e1mbito de la <a href=\"https:\/\/www.elnuevodia.com\/topicos\/psicologia\/\" target=\"_blank\" rel=\"noreferrer\" title=\"https:\/\/www.elnuevodia.com\/topicos\/psicologia\/\"><b>psicolog\u00eda<\/b><\/a>, este contexto forj\u00f3 un tipo de resiliencia que hoy pasa desapercibida, <b>pero que explica la notable capacidad de resoluci\u00f3n de problemas en los adultos de mayor edad. <\/b>No fue una fortaleza buscada por los padres de entonces, sino una respuesta necesaria ante un entorno donde la salud emocional apenas se ten\u00eda en cuenta.<\/p>\n<p><h4><b>Una autonom\u00eda nacida de la necesidad<\/b><\/h4>\n<\/p>\n<p>En aquellos a\u00f1os, la disciplina era la norma y la m\u00e1xima de que <b>\u201cla letra con sangre entra\u201d<\/b> todav\u00eda resonaba en muchas aulas.<\/p>\n<p><b>La supervisi\u00f3n adulta era m\u00ednima comparada con los est\u00e1ndares actuales;<\/b> los ni\u00f1os pasaban gran parte del d\u00eda resolviendo sus propios conflictos en la calle, asumiendo responsabilidades dom\u00e9sticas desde edades tempranas y gestionando el aburrimiento sin pantallas de por medio.<\/p>\n<p>Este proceso <b>encaja con lo que los especialistas denominan \u201cinoculaci\u00f3n al estr\u00e9s\u201d.<\/b> Al enfrentarse a dificultades moderadas de forma aut\u00f3noma \u2014como volver solos a casa o negociar reglas en un juego sin mediaci\u00f3n de los padres\u2014, estos menores fortalecieron su adaptaci\u00f3n a largo plazo. <b>Desarrollaron habilidades clave como la tolerancia a la frustraci\u00f3n y una autorregulaci\u00f3n emocional basada en la experiencia pura.<\/b><\/p>\n<p><h4><b>El choque con el modelo de crianza actual<\/b><\/h4>\n<\/p>\n<p>El contraste con el siglo XXI es total. <b>En la actualidad, los menores crecen en entornos altamente controlados donde los adultos intervienen con rapidez para evitar cualquier tipo de malestar o fracaso<\/b>. Si bien esta protecci\u00f3n nace de una intenci\u00f3n positiva, algunos expertos advierten sobre las consecuencias de este cambio.<\/p>\n<p><b>La falta de desaf\u00edos reales en la infancia moderna podr\u00eda estar limitando el desarrollo de herramientas emocionales fundamentales. <\/b>Hoy es cada vez m\u00e1s frecuente observar dificultades en los j\u00f3venes para aceptar un \u201cno\u201d, respetar figuras de autoridad o gestionar la frustraci\u00f3n, conductas que preocupan a educadores y familias por igual.<\/p>\n<p><h4><b>La sombra de la dureza extrema<\/b><\/h4>\n<\/p>\n<p>Sin embargo, los psic\u00f3logos aclaran que<b> la educaci\u00f3n de los a\u00f1os 60 y 70 tampoco era el ideal. Esa resiliencia tuvo un costo elevado: la represi\u00f3n de los sentimientos<\/b>. Muchas personas criadas bajo ese r\u00e9gimen de dureza presentan hoy serias dificultades para expresar sus emociones o pedir ayuda, debido a la norma impl\u00edcita de tener que \u201carregl\u00e1rselas solo\u201d.<\/p>\n<p><b>La lecci\u00f3n que dejan estas d\u00e9cadas no es la de volver al autoritarismo, sino la de encontrar un punto medio. <\/b>La fortaleza psicol\u00f3gica no deber\u00eda construirse a costa del bienestar emocional. Hoy, el consenso acad\u00e9mico sugiere que el equilibrio perfecto reside en <b>combinar la comprensi\u00f3n y el afecto con l\u00edmites claros y retos<\/b> que permitan a los ni\u00f1os tropezar y levantarse por su cuenta.<\/p>\n<\/div>\n\n    <div class=\"xs_social_share_widget xs_share_url after_content \t\tmain_content  wslu-style-1 wslu-share-box-shaped wslu-fill-colored wslu-none wslu-share-horizontal wslu-theme-font-no wslu-main_content\">\n\n\t\t\n        <ul>\n\t\t\t        <\/ul>\n    <\/div> \n","protected":false},"excerpt":{"rendered":"<p>La forma en la que entendemos la infancia ha dado un giro de 180 grados en el \u00faltimo medio siglo. Mientras que hoy predomina un modelo de crianza centrado en el bienestar inmediato y la protecci\u00f3n constante, quienes crecieron en las d\u00e9cadas de 1960 y 1970 vivieron una realidad marcada por la exigencia y una<\/p>\n","protected":false},"author":2,"featured_media":24213,"comment_status":"open","ping_status":"open","sticky":false,"template":"","format":"standard","meta":{"om_disable_all_campaigns":false,"_monsterinsights_skip_tracking":false,"_monsterinsights_sitenote_active":false,"_monsterinsights_sitenote_note":"","_monsterinsights_sitenote_category":0,"footnotes":""},"categories":[38],"tags":[],"class_list":["post-24212","post","type-post","status-publish","format-standard","has-post-thumbnail","hentry","category-estilo-de-vida"],"aioseo_notices":[],"_links":{"self":[{"href":"https:\/\/aleeknews.com\/4l33k5\/wp-json\/wp\/v2\/posts\/24212","targetHints":{"allow":["GET"]}}],"collection":[{"href":"https:\/\/aleeknews.com\/4l33k5\/wp-json\/wp\/v2\/posts"}],"about":[{"href":"https:\/\/aleeknews.com\/4l33k5\/wp-json\/wp\/v2\/types\/post"}],"author":[{"embeddable":true,"href":"https:\/\/aleeknews.com\/4l33k5\/wp-json\/wp\/v2\/users\/2"}],"replies":[{"embeddable":true,"href":"https:\/\/aleeknews.com\/4l33k5\/wp-json\/wp\/v2\/comments?post=24212"}],"version-history":[{"count":0,"href":"https:\/\/aleeknews.com\/4l33k5\/wp-json\/wp\/v2\/posts\/24212\/revisions"}],"wp:featuredmedia":[{"embeddable":true,"href":"https:\/\/aleeknews.com\/4l33k5\/wp-json\/wp\/v2\/media\/24213"}],"wp:attachment":[{"href":"https:\/\/aleeknews.com\/4l33k5\/wp-json\/wp\/v2\/media?parent=24212"}],"wp:term":[{"taxonomy":"category","embeddable":true,"href":"https:\/\/aleeknews.com\/4l33k5\/wp-json\/wp\/v2\/categories?post=24212"},{"taxonomy":"post_tag","embeddable":true,"href":"https:\/\/aleeknews.com\/4l33k5\/wp-json\/wp\/v2\/tags?post=24212"}],"curies":[{"name":"wp","href":"https:\/\/api.w.org\/{rel}","templated":true}]}}