{"id":24174,"date":"2026-04-26T10:43:37","date_gmt":"2026-04-26T14:43:37","guid":{"rendered":"https:\/\/aleeknews.com\/4l33k5\/2026\/04\/26\/es-mas-de-lo-que-sone-la-arquitecta-y-disenadora-arlene-morillo-une-sus-tres-pasiones-en-un-solo-lugar\/"},"modified":"2026-04-26T10:43:37","modified_gmt":"2026-04-26T14:43:37","slug":"es-mas-de-lo-que-sone-la-arquitecta-y-disenadora-arlene-morillo-une-sus-tres-pasiones-en-un-solo-lugar","status":"publish","type":"post","link":"https:\/\/aleeknews.com\/4l33k5\/2026\/04\/26\/es-mas-de-lo-que-sone-la-arquitecta-y-disenadora-arlene-morillo-une-sus-tres-pasiones-en-un-solo-lugar\/","title":{"rendered":"\u201cEs m\u00e1s de lo que so\u00f1\u00e9\u201d: La arquitecta y dise\u00f1adora Arlene Morillo une sus tres pasiones en un solo lugar"},"content":{"rendered":"<div>\n<p>Mucho ha avanzado la carrera de la arquitecta y dise\u00f1adora de modas Arlene Morillo en los \u00faltimos a\u00f1os, desde hacer un \u201crebranding\u201d de su marca de dise\u00f1o de accesorios, bolsos y carteras, que fuera m\u00e1s alineada a la est\u00e9tica y personalidad de la marca, as\u00ed como la creaci\u00f3n de nuevos estilos y la afinaci\u00f3n de los estilos existentes.<\/p>\n<p><b>Mientras resalta que su producto principal Versa Talega en 2023 logr\u00f3 la patente completa de dise\u00f1o de utilidad, se\u00f1ala que ha continuado con la visi\u00f3n de la marca al desarrollar otros estilos y modelos de cartera, que son vers\u00e1tiles, reutilizables y combinables. <\/b><\/p>\n<p>Ahora se encuentra ante uno de sus m\u00e1s grandes sue\u00f1os y que marca su evoluci\u00f3n, <b>al unir sus tres pasiones: la arquitectura, el dise\u00f1o de modas y el manejo de textiles en un solo lugar, <\/b>localizado en un nuevo espacio en Bayam\u00f3n. <\/p>\n<p>\u201cEs m\u00e1s de lo que so\u00f1\u00e9, porque siempre pens\u00e9 tener la oficina de arquitectura y un poco de hacer <i>fashion design<\/i>, pero nunca pens\u00e9 que iba a llegar a evolucionar hasta lo que es ahora mismo, incluyendo un taller multidisciplinario. Adem\u00e1s de que es un espacio en el que vamos a colaborar con tantas personas. Ese espacio de interacci\u00f3n es tan vital para poder cultivar lo que son la creatividad y el dise\u00f1o como tal. Para m\u00ed en efecto, un espacio so\u00f1ado\u201d, expres\u00f3 Morillo en entrevista con Magac\u00edn.<\/p>\n<div>\n<figure><picture><source media=\"(max-width: 375px)\" ><source media=\"(max-width: 767px)\" ><source media=\"(max-width: 1023px)\" ><source ><img src=\"https:\/\/www.elnuevodia.com\/resizer\/v2\/H6GRXOD5BFETXOFVN6BSWUANRA.jpeg?auth=5883cccb45c7aeb3a973103c6bbe4b03f94a49a973e420c5465583e449d2eb34&#038;quality=75&#038;width=829&#038;smart=true\" alt=\"La dise\u00f1adora y arquitecta Arlene Morillo.\" loading=\"eager\" fetchpriority=\"high\" decoding=\"sync\"><\/picture><figcaption>La dise\u00f1adora y arquitecta Arlene Morillo. (Suministrada)<\/figcaption><\/figure>\n<\/div>\n<p>Con mucha emoci\u00f3n coment\u00f3 darle la bienvenida a lo que ser\u00e1 el nuevo integrante de su establecimiento, llamado Idetex: Laboratorio de Ideas Textiles, donde ubica la parte de manufactura, que es donde ocurrir\u00e1 m\u00e1s interacci\u00f3n y desarrollo de inventivas que tengan que ver con los textiles y con otros dise\u00f1adores. <\/p>\n<p>\u201cA este local nosotros nos mudamos el a\u00f1o pasado, le hicimos unas mejoras y a ra\u00edz de estas, establecimos la tienda Arlene Morillo, la oficina de arquitectura y el laboratorio de artes textiles, que ser\u00e1 la manufactura\u201d, a\u00f1adi\u00f3. <\/p>\n<p>Para celebrar este logro y la apertura del nuevo \u201cshowroom\u201d, ubicado en la avenida Gilberto Concepci\u00f3n de Gracia, en la urbanizaci\u00f3n Sierra Bayam\u00f3n, <b>Morillo realizar\u00e1 el evento abierto al p\u00fablico \u201cThe Making of Arlene Morillo\u201d, que incluir\u00e1 una galer\u00eda abierta y un fashion show interactivo.<\/b><\/p>\n<p>\u201cEste evento est\u00e1 enfocado en poder mostrar una evoluci\u00f3n creativa de lo que ha sido Arlene Morillo. Empezamos con una cartera porque naci\u00f3 de una necesidad y hemos evolucionado como marca. He participado en competencias, he ganado premios que quiz\u00e1s no se haya conocido esa parte de m\u00ed y he exhibido piezas de cartera de modo m\u00e1s art\u00edstico en galer\u00edas. Eso tambi\u00e9n lo voy a llevar al espacio\u201d, destac\u00f3 acerca de premios y reconocimientos obtenidos, tales como: 2018 Concrete Dreams SS\u201919, un segundo lugar de Award Accessories Design Category, Fashion Design Competition y Compa\u00f1\u00eda de Comercio y Exportaci\u00f3n de Puerto Rico.<\/p>\n<div>\n<figure><picture><source media=\"(max-width: 375px)\" ><source media=\"(max-width: 767px)\" ><source media=\"(max-width: 1023px)\" ><source ><img src=\"https:\/\/www.elnuevodia.com\/resizer\/v2\/RNBMM56ERVHPHMKAZ747WXCV6Q.JPG?auth=69953578d8f26452f5e7753c07b0b194ebecceb8e7d3de9487a153af399139d3&#038;quality=75&#038;width=829&#038;smart=true\" alt=\" Estilo Tabloid Purse\" loading=\"eager\" fetchpriority=\"high\" decoding=\"sync\"><\/picture><figcaption> Estilo Tabloid Purse (Suministrada)<\/figcaption><\/figure>\n<\/div>\n<p>\u201cLa pieza central del evento va a ser nuestro taller de manufactura, que ah\u00ed es donde se cocinan todas las ideas y se concretizan todas las que tienen que ver con Arlene Morillo. Para m\u00ed es importante mostrar un poco ese taller y la galer\u00eda, que vean c\u00f3mo hemos crecido mi mam\u00e1 y yo, porque mi mam\u00e1 es la persona que me ha estado acompa\u00f1ando en todo este proceso de creaci\u00f3n de las carteras. A\u00fan cose y va al taller conmigo\u201d, dijo sobre su progenitora de 86 a\u00f1os. <\/p>\n<p><h4>El reto de emprender<\/h4>\n<\/p>\n<p>Como emprendedora, no niega lo arduo que resulta desarrollar y establecer un negocio, en t\u00e9rminos t\u00e9cnicos y administrativos, y m\u00e1s cuando se trata de tres ideas de negocios diferentes, aunque se complementan entre s\u00ed. <\/p>\n<p>\u201cMi negocio de arquitectura es con el que m\u00e1s a\u00f1os he estado, es la disciplina que me ha dado mi profesi\u00f3n para yo poder implementarla en otras vertientes, como el <i>fashion design<\/i> o la manufactura. Es dif\u00edcil desarrollar un negocio con todo el ambiente, la macroeconom\u00eda y con toda la inestabilidad. Pero, aun as\u00ed, uno tiene que mantenerse enfocado, hacer lo m\u00e1s que pueda para poder llevar esas ideas a cabo y desarrollarlas\u201d, destac\u00f3.<\/p>\n<p>Poder desarrollar su carrera en Bayam\u00f3n la acerca a todo lo que ha sido su vida. Como hija de padres de dominicanos, se identifica con todas las personas inmigrantes. <\/p>\n<p>\u201cNos toca bien de cerca porque obviamente tenemos muchas amistades dominicanas, tengo muchas personas cerca de m\u00ed tambi\u00e9n y de mi taller que, de una forma u otra, le dan apoyo a lo que ser\u00eda la costura. O sea, que tambi\u00e9n mi taller conecta con otra comunidad aparte, que ser\u00eda esa, la comunidad dominicana\u201d, puntualiz\u00f3 Morillo. <\/p>\n<div>\n<figure><picture><source media=\"(max-width: 375px)\" ><source media=\"(max-width: 767px)\" ><source media=\"(max-width: 1023px)\" ><source ><img src=\"https:\/\/www.elnuevodia.com\/resizer\/v2\/EATI3XAT6FGH3NJE6CQGPBQV74.JPG?auth=ce181fe136b8b17fd7c9cfb3fde28424452c262837ce48fdf0906d60d9454838&#038;quality=75&#038;width=829&#038;smart=true\" alt=\"Modelo The Versa Talega\" loading=\"eager\" fetchpriority=\"high\" decoding=\"sync\"><\/picture><figcaption>Modelo The Versa Talega (Suministrada)<\/figcaption><\/figure>\n<\/div>\n<\/div>\n\n    <div class=\"xs_social_share_widget xs_share_url after_content \t\tmain_content  wslu-style-1 wslu-share-box-shaped wslu-fill-colored wslu-none wslu-share-horizontal wslu-theme-font-no wslu-main_content\">\n\n\t\t\n        <ul>\n\t\t\t        <\/ul>\n    <\/div> \n","protected":false},"excerpt":{"rendered":"<p>Mucho ha avanzado la carrera de la arquitecta y dise\u00f1adora de modas Arlene Morillo en los \u00faltimos a\u00f1os, desde hacer un \u201crebranding\u201d de su marca de dise\u00f1o de accesorios, bolsos y carteras, que fuera m\u00e1s alineada a la est\u00e9tica y personalidad de la marca, as\u00ed como la creaci\u00f3n de nuevos estilos y la afinaci\u00f3n de<\/p>\n","protected":false},"author":2,"featured_media":0,"comment_status":"open","ping_status":"open","sticky":false,"template":"","format":"standard","meta":{"om_disable_all_campaigns":false,"_monsterinsights_skip_tracking":false,"_monsterinsights_sitenote_active":false,"_monsterinsights_sitenote_note":"","_monsterinsights_sitenote_category":0,"footnotes":""},"categories":[36],"tags":[],"class_list":["post-24174","post","type-post","status-publish","format-standard","hentry","category-magazine"],"aioseo_notices":[],"_links":{"self":[{"href":"https:\/\/aleeknews.com\/4l33k5\/wp-json\/wp\/v2\/posts\/24174","targetHints":{"allow":["GET"]}}],"collection":[{"href":"https:\/\/aleeknews.com\/4l33k5\/wp-json\/wp\/v2\/posts"}],"about":[{"href":"https:\/\/aleeknews.com\/4l33k5\/wp-json\/wp\/v2\/types\/post"}],"author":[{"embeddable":true,"href":"https:\/\/aleeknews.com\/4l33k5\/wp-json\/wp\/v2\/users\/2"}],"replies":[{"embeddable":true,"href":"https:\/\/aleeknews.com\/4l33k5\/wp-json\/wp\/v2\/comments?post=24174"}],"version-history":[{"count":0,"href":"https:\/\/aleeknews.com\/4l33k5\/wp-json\/wp\/v2\/posts\/24174\/revisions"}],"wp:attachment":[{"href":"https:\/\/aleeknews.com\/4l33k5\/wp-json\/wp\/v2\/media?parent=24174"}],"wp:term":[{"taxonomy":"category","embeddable":true,"href":"https:\/\/aleeknews.com\/4l33k5\/wp-json\/wp\/v2\/categories?post=24174"},{"taxonomy":"post_tag","embeddable":true,"href":"https:\/\/aleeknews.com\/4l33k5\/wp-json\/wp\/v2\/tags?post=24174"}],"curies":[{"name":"wp","href":"https:\/\/api.w.org\/{rel}","templated":true}]}}