{"id":24151,"date":"2026-04-26T03:42:27","date_gmt":"2026-04-26T07:42:27","guid":{"rendered":"https:\/\/aleeknews.com\/4l33k5\/2026\/04\/26\/tension-diplomatica-jefe-irani-se-va-de-pakistan-sin-hablar-con-enviados-de-donald-trump\/"},"modified":"2026-04-26T03:42:27","modified_gmt":"2026-04-26T07:42:27","slug":"tension-diplomatica-jefe-irani-se-va-de-pakistan-sin-hablar-con-enviados-de-donald-trump","status":"publish","type":"post","link":"https:\/\/aleeknews.com\/4l33k5\/2026\/04\/26\/tension-diplomatica-jefe-irani-se-va-de-pakistan-sin-hablar-con-enviados-de-donald-trump\/","title":{"rendered":"Tensi\u00f3n diplom\u00e1tica: jefe iran\u00ed se va de Pakist\u00e1n sin hablar con enviados de Donald Trump"},"content":{"rendered":"<div>\n<p><b>Islamabad<\/b> &#8211; El <a href=\"https:\/\/www.elnuevodia.com\/noticias\/mundo\/notas\/iran-advierte-a-eeuu-que-la-unica-forma-de-bajar-la-tension-es-levantar-las-sanciones\/\" target=\"_self\" rel title=\"https:\/\/www.elnuevodia.com\/noticias\/mundo\/notas\/iran-advierte-a-eeuu-que-la-unica-forma-de-bajar-la-tension-es-levantar-las-sanciones\/\"><b>ministro de Exteriores de Ir\u00e1n, Ab\u00e1s Araqch\u00ed<\/b><\/a>, abandon\u00f3 este s\u00e1bado Islamabad tras mantener una larga jornada de reuniones con altas autoridades militares y civiles paquistan\u00edes sin aguardar la llegada de los enviados del <a href=\"https:\/\/www.elnuevodia.com\/noticias\/estados-unidos\/\" target=\"_self\" rel title=\"https:\/\/www.elnuevodia.com\/noticias\/estados-unidos\/\"><b>gobierno de Estados Unidos<\/b><\/a>, que en principio hab\u00edan anunciado su viaje a la capital de Pakist\u00e1n para el d\u00eda de hoy.<\/p>\n<p><b>Seg\u00fan informaron a EFE fuentes diplom\u00e1ticas paquistan\u00edes, Araqch\u00ed, quien desde un inicio hab\u00eda indicado que su viaje no inclu\u00eda ning\u00fan encuentro con representantes estadounidenses, abandon\u00f3 el pa\u00eds con su comitiva rumbo a Om\u00e1n, la siguiente parada de su gira que tambi\u00e9n le llevar\u00e1 a Rusia.<\/b><\/p>\n<p>El ministro lleg\u00f3 a Islamabad en la noche del viernes, despu\u00e9s de un anuncio que levant\u00f3 muchas expectativas sobre la reanudaci\u00f3n de las negociaciones de paz, que se esperaba iban a celebrarse el pasado mi\u00e9rcoles pero que quedaron estancadas ante la negativa de Teher\u00e1n a dialogar con Estados Unidos si antes no se levantaba el embarco contra los puertos y la navegaci\u00f3n comercial iran\u00ed impuesto por Washington.<\/p>\n<p><b>De hecho, el gobierno del presidente Donald Trump anunci\u00f3 ese mismo d\u00eda que hoy viajar\u00edan a Islamabad sus representantes en estas negociaciones, su yerno Jared Kushner y Steve Witkoff, si bien todav\u00eda no hay noticias de su partida rumbo a la capital paquistan\u00ed.<\/b><\/p>\n<p>Durante su estancia, Aragch\u00ed se reuni\u00f3 con el jefe de las Fuerzas de Defensa de Pakist\u00e1n y principal mediador entre Estados Unidos e Ir\u00e1n, Asim Munir, as\u00ed como con el primer ministro paquistan\u00ed, Shahbaz Sharif, y el canciller, Muhammad Ishaq Dar, adem\u00e1s de otros representantes de el estamento militar y de seguridad paquistan\u00edes.<\/p>\n<p>En esos encuentros Araqchi transmiti\u00f3 las posiciones fundamentales de Ir\u00e1n respecto a los \u00faltimos acontecimientos relacionados con la tregua y el fin definitivo del conflicto.<\/p>\n<p>Varios medios paquistan\u00edes informaron al t\u00e9rmino de los encuentros que de que entre otras cosas los iran\u00edes expresaron su \u201creserva total\u201d ante las demandas estadounidenses y que lo que ellos solicitan es \u201cel levantamiento del bloqueo y la detenci\u00f3n de los ataques estadounidenses\u201d.<\/p>\n<p>Adem\u00e1s, tal y como ya hab\u00edan informado antes de llegar a Islamabad, los iran\u00edes dijeron que \u201cno se har\u00e1 una reuni\u00f3n directa con la delegaci\u00f3n estadounidense\u201d.<\/p>\n<p>Estados Unidos argument\u00f3 la v\u00edspera que sus enviados iban a viajar a Islamabad despu\u00e9s de haber recibido una petici\u00f3n iran\u00ed para retomar las negociaciones presenciales y tras haber identificado \u201calgunos avances\u201d por parte de Teher\u00e1n.<\/p>\n<p>Las autoridades iran\u00edes negaron categ\u00f3ricamente esa apreciaci\u00f3n estadounidense y sostuvieron desde el inicio que esa reuni\u00f3n no se iba a producir.<\/p>\n<p><b>La presencia de Araqch\u00ed en Islamabad es en cualquier caso un avance en el contexto de las negociaciones de paz, previstas originalmente para el pasado mi\u00e9rcoles pero que quedaron en estado de espera ante la negativa iran\u00ed a viajar all\u00ed si antes Estados Unidos no cesaba su bloqueo naval.<\/b><\/p>\n<\/div>\n\n    <div class=\"xs_social_share_widget xs_share_url after_content \t\tmain_content  wslu-style-1 wslu-share-box-shaped wslu-fill-colored wslu-none wslu-share-horizontal wslu-theme-font-no wslu-main_content\">\n\n\t\t\n        <ul>\n\t\t\t        <\/ul>\n    <\/div> \n","protected":false},"excerpt":{"rendered":"<p>Islamabad &#8211; El ministro de Exteriores de Ir\u00e1n, Ab\u00e1s Araqch\u00ed , abandon\u00f3 este s\u00e1bado Islamabad tras mantener una larga jornada de reuniones con altas autoridades militares y civiles paquistan\u00edes sin aguardar la llegada de los enviados del gobierno de Estados Unidos , que en principio hab\u00edan anunciado su viaje a la capital de Pakist\u00e1n para<\/p>\n","protected":false},"author":2,"featured_media":24152,"comment_status":"open","ping_status":"open","sticky":false,"template":"","format":"standard","meta":{"om_disable_all_campaigns":false,"_monsterinsights_skip_tracking":false,"_monsterinsights_sitenote_active":false,"_monsterinsights_sitenote_note":"","_monsterinsights_sitenote_category":0,"footnotes":""},"categories":[10],"tags":[],"class_list":["post-24151","post","type-post","status-publish","format-standard","has-post-thumbnail","hentry","category-mundo"],"aioseo_notices":[],"_links":{"self":[{"href":"https:\/\/aleeknews.com\/4l33k5\/wp-json\/wp\/v2\/posts\/24151","targetHints":{"allow":["GET"]}}],"collection":[{"href":"https:\/\/aleeknews.com\/4l33k5\/wp-json\/wp\/v2\/posts"}],"about":[{"href":"https:\/\/aleeknews.com\/4l33k5\/wp-json\/wp\/v2\/types\/post"}],"author":[{"embeddable":true,"href":"https:\/\/aleeknews.com\/4l33k5\/wp-json\/wp\/v2\/users\/2"}],"replies":[{"embeddable":true,"href":"https:\/\/aleeknews.com\/4l33k5\/wp-json\/wp\/v2\/comments?post=24151"}],"version-history":[{"count":0,"href":"https:\/\/aleeknews.com\/4l33k5\/wp-json\/wp\/v2\/posts\/24151\/revisions"}],"wp:featuredmedia":[{"embeddable":true,"href":"https:\/\/aleeknews.com\/4l33k5\/wp-json\/wp\/v2\/media\/24152"}],"wp:attachment":[{"href":"https:\/\/aleeknews.com\/4l33k5\/wp-json\/wp\/v2\/media?parent=24151"}],"wp:term":[{"taxonomy":"category","embeddable":true,"href":"https:\/\/aleeknews.com\/4l33k5\/wp-json\/wp\/v2\/categories?post=24151"},{"taxonomy":"post_tag","embeddable":true,"href":"https:\/\/aleeknews.com\/4l33k5\/wp-json\/wp\/v2\/tags?post=24151"}],"curies":[{"name":"wp","href":"https:\/\/api.w.org\/{rel}","templated":true}]}}