{"id":24145,"date":"2026-04-26T03:42:32","date_gmt":"2026-04-26T07:42:32","guid":{"rendered":"https:\/\/aleeknews.com\/4l33k5\/2026\/04\/26\/escala-el-conflicto-en-la-frontera-benjamin-netanyahu-ordena-atacar-con-contundencia-a-hezbollah-en-el-libano-2\/"},"modified":"2026-04-26T03:42:32","modified_gmt":"2026-04-26T07:42:32","slug":"escala-el-conflicto-en-la-frontera-benjamin-netanyahu-ordena-atacar-con-contundencia-a-hezbollah-en-el-libano-2","status":"publish","type":"post","link":"https:\/\/aleeknews.com\/4l33k5\/2026\/04\/26\/escala-el-conflicto-en-la-frontera-benjamin-netanyahu-ordena-atacar-con-contundencia-a-hezbollah-en-el-libano-2\/","title":{"rendered":"Escala el conflicto en la frontera: Benjam\u00edn Netanyahu ordena atacar \u201ccon contundencia\u201d a Hezbollah en el L\u00edbano"},"content":{"rendered":"<div>\n<div>\n<p><b>Jerusal\u00e9n <\/b> &#8211; El <a href=\"https:\/\/www.elnuevodia.com\/topicos\/israel\/\" target=\"_self\" rel title=\"https:\/\/www.elnuevodia.com\/topicos\/israel\/\"><b>primer ministro israel\u00ed, Benjam\u00edn Netanyahu<\/b><\/a>, orden\u00f3 este s\u00e1bado al Ej\u00e9rcito atacar \u201ccon contundencia\u201d al <a href=\"https:\/\/www.elnuevodia.com\/noticias\/mundo\/notas\/israel-y-libano-acuerdan-extender-el-alto-el-fuego-por-3-semanas\/\" target=\"_self\" rel title=\"https:\/\/www.elnuevodia.com\/noticias\/mundo\/notas\/israel-y-libano-acuerdan-extender-el-alto-el-fuego-por-3-semanas\/\"><b>grupo chi\u00ed Hezbollah en el L\u00edbano<\/b><\/a>.<\/p>\n<\/div>\n<p>\u201cEl primer ministro Netanyahu ha ordenado a las Fuerzas de Defensa de Israel (FDI) que ataquen con contundencia los objetivos de Hezbollah en el L\u00edbano\u201d, dijo su oficina en un breve mensaje.<\/p>\n<p>El anuncio se produce despu\u00e9s de que este s\u00e1bado el Ej\u00e9rcito israel\u00ed reportara dos proyectiles y un dron lanzados desde el L\u00edbano hacia territorio israel\u00ed, lo que calific\u00f3 como una \u201cflagrante violaci\u00f3n\u201d por parte el grupo chi\u00ed Hezbollah del alto el fuego vigente, en el que se producen a diario ataques israel\u00edes en territorio liban\u00e9s.<\/p>\n<p><b>En otro comunicado, el Ej\u00e9rcito israel\u00ed inform\u00f3 de que sigue atacando infraestructuras de Hezbollah en el sur del L\u00edbano, incluyendo un dep\u00f3sito de armas.<\/b><\/p>\n<p><b>\u201cLas FDI continuar\u00e1n actuando con contundencia contra las amenazas dirigidas contra la poblaci\u00f3n civil israel\u00ed y sus soldados, de acuerdo con las directrices del alto mando pol\u00edtico\u201d, dice la nota, publicada antes del anuncio de Netanyahu.<\/b><\/p>\n<p>Al menos cuatro personas murieron este s\u00e1bado en dos ataques a\u00e9reos israel\u00edes contra un cami\u00f3n y una motocicleta en una ciudad del sur del L\u00edbano, pese a la tregua de tres semanas anunciada por Estados Unidos el viernes de madrugada.<\/p>\n<p>El Ej\u00e9rcito israel\u00ed advirti\u00f3 adem\u00e1s hoy a los libaneses desplazados del sur del pa\u00eds que no vuelvan a sus hogares en unas aproximadamente sesenta localidades porque sus tropas contin\u00faan posicionadas all\u00ed, e inform\u00f3 de que durante el fin de semana (que en Israel cae en el viernes y s\u00e1bado) sus tropas mataron a m\u00e1s de 15 presuntos miembros de Hezbollah en el sur del L\u00edbano, donde mantienen una franja ocupada.<\/p>\n<p><b>Seg\u00fan las autoridades sanitarias del L\u00edbano, al menos 2,491 personas han muerto y otras 7,719 han resultado heridas en ese pa\u00eds por ataques de Israel desde que<\/b> Hezbollah<b> volviera a lanzar proyectiles contra Israel a partir del 2 de marzo, en respuesta a los ataques de Estados Unidos e Israel contra Ir\u00e1n emprendidos a finales de febrero. <\/b><\/p>\n<\/div>\n\n    <div class=\"xs_social_share_widget xs_share_url after_content \t\tmain_content  wslu-style-1 wslu-share-box-shaped wslu-fill-colored wslu-none wslu-share-horizontal wslu-theme-font-no wslu-main_content\">\n\n\t\t\n        <ul>\n\t\t\t        <\/ul>\n    <\/div> \n","protected":false},"excerpt":{"rendered":"<p>Jerusal\u00e9n &#8211; El primer ministro israel\u00ed, Benjam\u00edn Netanyahu , orden\u00f3 este s\u00e1bado al Ej\u00e9rcito atacar \u201ccon contundencia\u201d al grupo chi\u00ed Hezbollah en el L\u00edbano . \u201cEl primer ministro Netanyahu ha ordenado a las Fuerzas de Defensa de Israel (FDI) que ataquen con contundencia los objetivos de Hezbollah en el L\u00edbano\u201d, dijo su oficina en un<\/p>\n","protected":false},"author":2,"featured_media":24140,"comment_status":"open","ping_status":"open","sticky":false,"template":"","format":"standard","meta":{"om_disable_all_campaigns":false,"_monsterinsights_skip_tracking":false,"_monsterinsights_sitenote_active":false,"_monsterinsights_sitenote_note":"","_monsterinsights_sitenote_category":0,"footnotes":""},"categories":[10],"tags":[],"class_list":["post-24145","post","type-post","status-publish","format-standard","has-post-thumbnail","hentry","category-mundo"],"aioseo_notices":[],"_links":{"self":[{"href":"https:\/\/aleeknews.com\/4l33k5\/wp-json\/wp\/v2\/posts\/24145","targetHints":{"allow":["GET"]}}],"collection":[{"href":"https:\/\/aleeknews.com\/4l33k5\/wp-json\/wp\/v2\/posts"}],"about":[{"href":"https:\/\/aleeknews.com\/4l33k5\/wp-json\/wp\/v2\/types\/post"}],"author":[{"embeddable":true,"href":"https:\/\/aleeknews.com\/4l33k5\/wp-json\/wp\/v2\/users\/2"}],"replies":[{"embeddable":true,"href":"https:\/\/aleeknews.com\/4l33k5\/wp-json\/wp\/v2\/comments?post=24145"}],"version-history":[{"count":0,"href":"https:\/\/aleeknews.com\/4l33k5\/wp-json\/wp\/v2\/posts\/24145\/revisions"}],"wp:featuredmedia":[{"embeddable":true,"href":"https:\/\/aleeknews.com\/4l33k5\/wp-json\/wp\/v2\/media\/24140"}],"wp:attachment":[{"href":"https:\/\/aleeknews.com\/4l33k5\/wp-json\/wp\/v2\/media?parent=24145"}],"wp:term":[{"taxonomy":"category","embeddable":true,"href":"https:\/\/aleeknews.com\/4l33k5\/wp-json\/wp\/v2\/categories?post=24145"},{"taxonomy":"post_tag","embeddable":true,"href":"https:\/\/aleeknews.com\/4l33k5\/wp-json\/wp\/v2\/tags?post=24145"}],"curies":[{"name":"wp","href":"https:\/\/api.w.org\/{rel}","templated":true}]}}