{"id":24137,"date":"2026-04-26T03:42:36","date_gmt":"2026-04-26T07:42:36","guid":{"rendered":"https:\/\/aleeknews.com\/4l33k5\/2026\/04\/26\/estancadas-las-conversaciones-en-pakistan-entre-iran-y-estados-unidos-para-acordar-un-alto-al-fuego\/"},"modified":"2026-04-26T03:42:36","modified_gmt":"2026-04-26T07:42:36","slug":"estancadas-las-conversaciones-en-pakistan-entre-iran-y-estados-unidos-para-acordar-un-alto-al-fuego","status":"publish","type":"post","link":"https:\/\/aleeknews.com\/4l33k5\/2026\/04\/26\/estancadas-las-conversaciones-en-pakistan-entre-iran-y-estados-unidos-para-acordar-un-alto-al-fuego\/","title":{"rendered":"Estancadas las conversaciones en Pakist\u00e1n entre Ir\u00e1n y Estados Unidos para acordar un alto al fuego"},"content":{"rendered":"<div>\n<p><b>Islamabad- <\/b>Las \u00faltimas conversaciones de <a href=\"https:\/\/www.elnuevodia.com\/topicos\/conflicto-con-iran\/\" target=\"_blank\" rel=\"noreferrer\" title=\"https:\/\/www.elnuevodia.com\/topicos\/conflicto-con-iran\/\"><b>alto el fuego entre Estados Unidos e Ir\u00e1n<\/b><\/a> parecieron fracasar el s\u00e1bado antes de comenzar, ya que el principal diplom\u00e1tico de Teher\u00e1n abandon\u00f3 <a href=\"https:\/\/www.elnuevodia.com\/topicos\/pakistan\/\" target=\"_blank\" rel=\"noreferrer\" title=\"https:\/\/www.elnuevodia.com\/topicos\/pakistan\/\"><b>Pakist\u00e1n<\/b><\/a> y el presidente <a href=\"https:\/\/www.elnuevodia.com\/topicos\/donald-trump\/\" target=\"_blank\" rel=\"noreferrer\" title=\"https:\/\/www.elnuevodia.com\/topicos\/donald-trump\/\"><b>Donald Trump<\/b><\/a> dijo poco despu\u00e9s que hab\u00eda dicho a los enviados que no viajaran a Islamabad.<\/p>\n<p>Las negociaciones deber\u00edan seguir a las hist\u00f3ricas conversaciones cara a cara mantenidas a principios de mes entre Estados Unidos, encabezadas por el <a href=\"https:\/\/www.elnuevodia.com\/topicos\/jd-vance\/\" target=\"_blank\" rel=\"noreferrer\" title=\"https:\/\/www.elnuevodia.com\/topicos\/jd-vance\/\"><b>vicepresidente JD Vance<\/b><\/a>, e Ir\u00e1n, liderado por el presidente del Parlamento, Mohammad Bagher Qalibaf. Pero los funcionarios iran\u00edes se han preguntado c\u00f3mo pueden confiar en Estados Unidos despu\u00e9s de que sus fuerzas empezaran a bloquear los puertos iran\u00edes en respuesta al control b\u00e9lico de Ir\u00e1n sobre el estrecho de Ormuz.<\/p>\n<p><b>Al anunciar su decisi\u00f3n el s\u00e1bado, Trump dijo en las redes sociales: \u201c\u00a1\u00a1\u00a1Si quieren hablar, solo tienen que llamar!!!\u201d. La <\/b><a href=\"https:\/\/www.elnuevodia.com\/topicos\/casa-blanca\/\" target=\"_blank\" rel=\"noreferrer\" title=\"https:\/\/www.elnuevodia.com\/topicos\/casa-blanca\/\"><b>Casa Blanca<\/b><\/a><b> hab\u00eda dicho el viernes que Steve Witkoff y <\/b><a href=\"https:\/\/www.elnuevodia.com\/topicos\/jared-kushner\/\" target=\"_blank\" rel=\"noreferrer\" title=\"https:\/\/www.elnuevodia.com\/topicos\/jared-kushner\/\"><b>Jared Kushner<\/b><\/a><b> ir\u00edan a Islamabad.<\/b><\/p>\n<p>\u201c\u00a1Demasiado tiempo perdido en viajes, demasiado trabajo!\u201d. a\u00f1adi\u00f3 Trump.<\/p>\n<p>El ministro de Asuntos Exteriores de Ir\u00e1n, Abbas Araghchi, abandon\u00f3 Pakist\u00e1n el s\u00e1bado por la noche, seg\u00fan informaron dos funcionarios paquistan\u00edes a The Associated Press, que hablaron bajo condici\u00f3n de anonimato porque no estaban autorizados a hablar con los medios de comunicaci\u00f3n.<\/p>\n<p>\u201cCompartimos la posici\u00f3n de Ir\u00e1n sobre un marco viable para poner fin de forma permanente a la <a href=\"https:\/\/www.elnuevodia.com\/topicos\/conflicto-con-iran\/\" target=\"_blank\" rel=\"noreferrer\" title=\"https:\/\/www.elnuevodia.com\/topicos\/conflicto-con-iran\/\"><b>guerra contra Ir\u00e1n<\/b><\/a>. Todav\u00eda tenemos que ver si Estados Unidos se toma realmente en serio la diplomacia\u201d, dijo Araghchi m\u00e1s tarde en las redes sociales.<\/p>\n<p>Otro alto el fuego, entre Israel y Hezbol\u00e1, respaldado por Ir\u00e1n, se vio sacudido el s\u00e1bado cuando cada bando dispar\u00f3 contra el otro y el primer ministro israel\u00ed, <a href=\"https:\/\/www.elnuevodia.com\/topicos\/benjamin-netanyahu\/\" target=\"_blank\" rel=\"noreferrer\" title=\"https:\/\/www.elnuevodia.com\/topicos\/benjamin-netanyahu\/\"><b>Benjamin Netanyahu<\/b><\/a>, orden\u00f3 al ej\u00e9rcito que \u201catacara en\u00e9rgicamente los objetivos de Hezbollah en <a href=\"https:\/\/www.elnuevodia.com\/topicos\/libano\/\" target=\"_blank\" rel=\"noreferrer\" title=\"https:\/\/www.elnuevodia.com\/topicos\/libano\/\"><b>L\u00edbano<\/b><\/a>.\u201d<\/p>\n<div>\n<figure><picture><source media=\"(max-width: 375px)\" ><source media=\"(max-width: 767px)\" ><source media=\"(max-width: 1023px)\" ><source ><img src=\"https:\/\/www.elnuevodia.com\/resizer\/v2\/664XRPH2LRAMJOLAMMVUWP3G3U.jpg?auth=b9d577150f940dd5d9396d8b24dc632f71f65122e97d98b765793ba2496512e8&#038;quality=75&#038;width=829&#038;smart=true\" alt=\"Una mujer pasa junto a un grafiti antiestadounidense pintado en la pared de la Universidad de Teher\u00e1n, en la calle Enqelab-e-Eslami (Revoluci\u00f3n Isl\u00e1mica), en el centro de Teher\u00e1n, Ir\u00e1n, el s\u00e1bado 25 de abril de 2026. (Foto AP\/Vahid Salemi)\" loading=\"eager\" fetchpriority=\"high\" decoding=\"sync\"><\/picture><figcaption>Una mujer pasa junto a un grafiti antiestadounidense pintado en la pared de la Universidad de Teher\u00e1n, en la calle Enqelab-e-Eslami (Revoluci\u00f3n Isl\u00e1mica), en el centro de Teher\u00e1n, Ir\u00e1n, el s\u00e1bado 25 de abril de 2026. (Foto AP\/Vahid Salemi) (Vahid Salemi)<\/figcaption><\/figure>\n<\/div>\n<p><h4><b>Conversaciones ser\u00edan indirectas<\/b><\/h4>\n<\/p>\n<p>Araghchi se reuni\u00f3 con el jefe del ej\u00e9rcito, el mariscal de campo Asim Munir, y con el primer ministro, Shehbaz Sharif, para tratar lo que denomin\u00f3 l\u00edneas rojas de Ir\u00e1n en las negociaciones. Dijo que Teher\u00e1n se comprometer\u00eda con los esfuerzos de mediaci\u00f3n de Pakist\u00e1n \u201chasta lograr un resultado\u201d.<\/p>\n<p><b>El alto el fuego de duraci\u00f3n indefinida ha detenido la mayor parte de los combates, pero las repercusiones econ\u00f3micas aumentan con la interrupci\u00f3n de los env\u00edos mundiales de <\/b><a href=\"https:\/\/www.elnuevodia.com\/topicos\/petroleo\/\" target=\"_blank\" rel=\"noreferrer\" title=\"https:\/\/www.elnuevodia.com\/topicos\/petroleo\/\"><b>petr\u00f3leo<\/b><\/a><b>, <\/b><a href=\"https:\/\/www.elnuevodia.com\/topicos\/gas-natural\/\" target=\"_blank\" rel=\"noreferrer\" title=\"https:\/\/www.elnuevodia.com\/topicos\/gas-natural\/\"><b>gas natural licuado<\/b><\/a><b>, fertilizantes y otros suministros por el casi cierre del estrecho de Ormuz.<\/b><\/p>\n<p>Ambas partes han seguido profiriendo amenazas militares. El mando militar conjunto de Ir\u00e1n advirti\u00f3 el s\u00e1bado de que \u201csi Estados Unidos contin\u00faa con sus acciones militares agresivas, incluidos los bloqueos navales, el bandidaje y la pirater\u00eda\u201d se enfrentar\u00e1 a una \u201crespuesta contundente\u201d.<\/p>\n<p>Pakist\u00e1n intenta que Estados Unidos e Ir\u00e1n vuelvan a sentarse a la mesa desde que Trump anunciara esta semana una pr\u00f3rroga indefinida del alto el fuego, atendiendo a la petici\u00f3n de Islamabad de un mayor acercamiento diplom\u00e1tico.<\/p>\n<p>Incluso antes de los acontecimientos del s\u00e1bado, el Ministerio de Asuntos Exteriores iran\u00ed dijo que cualquier conversaci\u00f3n ser\u00eda indirecta y que los funcionarios pakistan\u00edes transmitir\u00edan mensajes. Teher\u00e1n se\u00f1al\u00f3 que las conversaciones indirectas con Estados Unidos el a\u00f1o pasado y a principios de este sobre el programa nuclear de Teher\u00e1n, la cuesti\u00f3n que durante mucho tiempo estuvo en el centro de las tensiones, acabaron con un ataque por parte de Estados Unidos e Israel, lo que aument\u00f3 su recelo.<\/p>\n<p>La primera ronda de conversaciones en Pakist\u00e1n dur\u00f3 m\u00e1s de 20 horas, las conversaciones directas de m\u00e1s alto nivel entre los antiguos adversarios desde la <a href=\"https:\/\/www.elnuevodia.com\/noticias\/mundo\/notas\/miles-de-iranies-celebran-los-40-anos-de-la-revolucion-islamica\/\" target=\"_blank\" rel=\"noreferrer\" title=\"https:\/\/www.elnuevodia.com\/noticias\/mundo\/notas\/miles-de-iranies-celebran-los-40-anos-de-la-revolucion-islamica\/\"><b>Revoluci\u00f3n Isl\u00e1mica de 1979<\/b><\/a>.<\/p>\n<p>Entre los puntos pol\u00e9micos figuran el uranio enriquecido iran\u00ed y el conflicto del estrecho de Ormuz, as\u00ed como la preocupaci\u00f3n por el programa de misiles iran\u00ed y su apoyo a representantes armados en la regi\u00f3n.<\/p>\n<div>\n<figure><picture><source media=\"(max-width: 375px)\" ><source media=\"(max-width: 767px)\" ><source media=\"(max-width: 1023px)\" ><source ><img src=\"https:\/\/www.elnuevodia.com\/resizer\/v2\/ZJRXIHXT5BEZRFKHMH7JSREG3E.jpg?auth=c170871fe356a703bb74298c1b3f045245cfeb2a9d40146eaae8000c218def24&#038;quality=75&#038;width=829&#038;smart=true\" alt=\"Adolescentes reaccionan ante la c\u00e1mara en la calle Enqelab-e-Eslami (Revoluci\u00f3n Isl\u00e1mica), en el centro de Teher\u00e1n, Ir\u00e1n, el s\u00e1bado 25 de abril de 2026. (Foto AP\/Vahid Salemi)\" loading=\"eager\" fetchpriority=\"high\" decoding=\"sync\"><\/picture><figcaption>Adolescentes reaccionan ante la c\u00e1mara en la calle Enqelab-e-Eslami (Revoluci\u00f3n Isl\u00e1mica), en el centro de Teher\u00e1n, Ir\u00e1n, el s\u00e1bado 25 de abril de 2026. (Foto AP\/Vahid Salemi) (Vahid Salemi)<\/figcaption><\/figure>\n<\/div>\n<p><h4><b>Contin\u00faa enfrentamiento en torno al estrecho <\/b><\/h4>\n<\/p>\n<p>El precio del crudo Brent, el est\u00e1ndar internacional, sigue siendo casi un 50% m\u00e1s alto que cuando empez\u00f3 la guerra debido al control iran\u00ed del estrecho, una v\u00eda navegable estrat\u00e9gica por la que pasa una quinta parte del petr\u00f3leo mundial en tiempos de paz.<\/p>\n<p>Ir\u00e1n atac\u00f3 tres barcos esta semana, mientras Estados Unidos mantiene el bloqueo a los puertos iran\u00edes. Trump ha ordenado a los militares \u201cdisparar y matar\u201d a peque\u00f1as embarcaciones que podr\u00edan estar colocando minas.<\/p>\n<p>El ministro alem\u00e1n de Defensa, Boris Pistorius, declar\u00f3 el s\u00e1bado que su pa\u00eds iba a enviar buques dragaminas al Mediterr\u00e1neo para ayudar a retirar las minas iran\u00edes del estrecho una vez finalizadas las hostilidades.<\/p>\n<p><b>Tambi\u00e9n el s\u00e1bado, Ir\u00e1n reanud\u00f3 los vuelos comerciales desde el aeropuerto internacional de Teher\u00e1n por primera vez desde que comenz\u00f3 la guerra con ataques estadounidenses e israel\u00edes hace dos meses. <\/b>Estaba previsto que los vuelos partieran hacia Estambul, la capital de Om\u00e1n, Mascate, y la ciudad saud\u00ed de Medina, seg\u00fan la televisi\u00f3n estatal iran\u00ed.<\/p>\n<div>\n<figure><picture><source media=\"(max-width: 375px)\" ><source media=\"(max-width: 767px)\" ><source media=\"(max-width: 1023px)\" ><source ><img src=\"https:\/\/www.elnuevodia.com\/resizer\/v2\/G3ZMZ543JRGPZA2QTAXC2SIPB4.jpg?auth=499856d5b8dfe8d36a0138fcc5693070c94be0389057eb616b45fa1e46e419ca&#038;quality=75&#038;width=829&#038;smart=true\" alt=\"La esposa y los hijos de Fadi Al Zein, quien perdi\u00f3 sus dos casas en los ataques israel\u00edes en su pueblo natal de Khiam y en Dahiyeh, se sientan en el balc\u00f3n de su edificio de apartamentos gravemente da\u00f1ado en los suburbios del sur de Beirut, L\u00edbano, el s\u00e1bado 25 de abril de 2026. (Foto AP\/Hassan Ammar)\" loading=\"eager\" fetchpriority=\"high\" decoding=\"sync\"><\/picture><figcaption>La esposa y los hijos de Fadi Al Zein, quien perdi\u00f3 sus dos casas en los ataques israel\u00edes en su pueblo natal de Khiam y en Dahiyeh, se sientan en el balc\u00f3n de su edificio de apartamentos gravemente da\u00f1ado en los suburbios del sur de Beirut, L\u00edbano, el s\u00e1bado 25 de abril de 2026. (Foto AP\/Hassan Ammar) (Hassan Ammar)<\/figcaption><\/figure>\n<\/div>\n<p><h4><b>N\u00famero creciente de v\u00edctimas <\/b><\/h4>\n<\/p>\n<p>Desde que comenz\u00f3 la guerra, las autoridades afirman que al menos 3,375 personas han muerto en Ir\u00e1n y al menos 2,496 en L\u00edbano, donde estallaron nuevos combates entre Israel y el grupo militante Hezbol\u00e1, respaldado por Ir\u00e1n, dos d\u00edas despu\u00e9s de que comenzara la guerra de Ir\u00e1n.<\/p>\n<p>Trump anunci\u00f3 el jueves que Israel y L\u00edbano hab\u00edan acordado prorrogar tres semanas el alto el fuego entre Israel y Hezbollah. Hezbol\u00e1 no ha participado en la diplomacia mediada por Washington.<\/p>\n<p>Sin embargo, Israel atac\u00f3 el sur de L\u00edbano el s\u00e1bado, matando al menos a seis personas que, seg\u00fan afirma, eran militantes de Hezbollah, y se lanzaron varios cohetes y aviones no tripulados contra Israel desde L\u00edbano.<\/p>\n<p>Adem\u00e1s, han muerto 23 personas en Israel y m\u00e1s de una docena en Estados \u00e1rabes del Golfo. Han muerto 15 soldados israel\u00edes en L\u00edbano, 13 miembros de los servicios estadounidenses en la regi\u00f3n y seis miembros de la fuerza de paz de la <a href=\"https:\/\/www.elnuevodia.com\/topicos\/onu\/\" target=\"_blank\" rel=\"noreferrer\" title=\"https:\/\/www.elnuevodia.com\/topicos\/onu\/\"><b>ONU<\/b><\/a> en el sur de L\u00edbano.<\/p>\n<div>\n<figure><picture><source media=\"(max-width: 375px)\" ><source media=\"(max-width: 767px)\" ><source media=\"(max-width: 1023px)\" ><source ><img src=\"https:\/\/www.elnuevodia.com\/resizer\/v2\/WRKRJC5YDFCMRGOFGA3EIOV5AE.jpg?auth=dae52531626230a45e9ab5ad915fa2422234720375a8a9eeb605fe841b8d1748&#038;quality=75&#038;width=829&#038;smart=true\" alt=\"El ministro de Asuntos Exteriores iran\u00ed, Abbas Araghchi (izquierda), se re\u00fane con el jefe del ej\u00e9rcito paquistan\u00ed, el mariscal de campo Asim Munir, en Islamabad, Pakist\u00e1n, el s\u00e1bado 25 de abril de 2026. (Ministerio de Asuntos Exteriores iran\u00ed v\u00eda AP)\" loading=\"eager\" fetchpriority=\"high\" decoding=\"sync\"><\/picture><figcaption>El ministro de Asuntos Exteriores iran\u00ed, Abbas Araghchi (izquierda), se re\u00fane con el jefe del ej\u00e9rcito paquistan\u00ed, el mariscal de campo Asim Munir, en Islamabad, Pakist\u00e1n, el s\u00e1bado 25 de abril de 2026. (Ministerio de Asuntos Exteriores iran\u00ed v\u00eda AP) (The Associated Press)<\/figcaption><\/figure>\n<\/div>\n<\/div>\n\n    <div class=\"xs_social_share_widget xs_share_url after_content \t\tmain_content  wslu-style-1 wslu-share-box-shaped wslu-fill-colored wslu-none wslu-share-horizontal wslu-theme-font-no wslu-main_content\">\n\n\t\t\n        <ul>\n\t\t\t        <\/ul>\n    <\/div> \n","protected":false},"excerpt":{"rendered":"<p>Islamabad- Las \u00faltimas conversaciones de alto el fuego entre Estados Unidos e Ir\u00e1n parecieron fracasar el s\u00e1bado antes de comenzar, ya que el principal diplom\u00e1tico de Teher\u00e1n abandon\u00f3 Pakist\u00e1n y el presidente Donald Trump dijo poco despu\u00e9s que hab\u00eda dicho a los enviados que no viajaran a Islamabad. Las negociaciones deber\u00edan seguir a las hist\u00f3ricas<\/p>\n","protected":false},"author":2,"featured_media":24138,"comment_status":"open","ping_status":"open","sticky":false,"template":"","format":"standard","meta":{"om_disable_all_campaigns":false,"_monsterinsights_skip_tracking":false,"_monsterinsights_sitenote_active":false,"_monsterinsights_sitenote_note":"","_monsterinsights_sitenote_category":0,"footnotes":""},"categories":[10],"tags":[],"class_list":["post-24137","post","type-post","status-publish","format-standard","has-post-thumbnail","hentry","category-mundo"],"aioseo_notices":[],"_links":{"self":[{"href":"https:\/\/aleeknews.com\/4l33k5\/wp-json\/wp\/v2\/posts\/24137","targetHints":{"allow":["GET"]}}],"collection":[{"href":"https:\/\/aleeknews.com\/4l33k5\/wp-json\/wp\/v2\/posts"}],"about":[{"href":"https:\/\/aleeknews.com\/4l33k5\/wp-json\/wp\/v2\/types\/post"}],"author":[{"embeddable":true,"href":"https:\/\/aleeknews.com\/4l33k5\/wp-json\/wp\/v2\/users\/2"}],"replies":[{"embeddable":true,"href":"https:\/\/aleeknews.com\/4l33k5\/wp-json\/wp\/v2\/comments?post=24137"}],"version-history":[{"count":0,"href":"https:\/\/aleeknews.com\/4l33k5\/wp-json\/wp\/v2\/posts\/24137\/revisions"}],"wp:featuredmedia":[{"embeddable":true,"href":"https:\/\/aleeknews.com\/4l33k5\/wp-json\/wp\/v2\/media\/24138"}],"wp:attachment":[{"href":"https:\/\/aleeknews.com\/4l33k5\/wp-json\/wp\/v2\/media?parent=24137"}],"wp:term":[{"taxonomy":"category","embeddable":true,"href":"https:\/\/aleeknews.com\/4l33k5\/wp-json\/wp\/v2\/categories?post=24137"},{"taxonomy":"post_tag","embeddable":true,"href":"https:\/\/aleeknews.com\/4l33k5\/wp-json\/wp\/v2\/tags?post=24137"}],"curies":[{"name":"wp","href":"https:\/\/api.w.org\/{rel}","templated":true}]}}