{"id":24132,"date":"2026-04-26T03:42:06","date_gmt":"2026-04-26T07:42:06","guid":{"rendered":"https:\/\/aleeknews.com\/4l33k5\/2026\/04\/26\/opinion-epidemia-de-cancer-de-tiroides-real-o-imaginaria\/"},"modified":"2026-04-26T03:42:06","modified_gmt":"2026-04-26T07:42:06","slug":"opinion-epidemia-de-cancer-de-tiroides-real-o-imaginaria","status":"publish","type":"post","link":"https:\/\/aleeknews.com\/4l33k5\/2026\/04\/26\/opinion-epidemia-de-cancer-de-tiroides-real-o-imaginaria\/","title":{"rendered":"Opini\u00f3n | Epidemia de c\u00e1ncer de tiroides: \u00bfreal o imaginaria?"},"content":{"rendered":"<div>\n<div data-fusion-lazy-id=\"f0fW0AnQWGof2kd\">\n<div class>\n<p>Opini\u00f3n<\/p>\n<div>\n<p>Explica ideas y extrae conclusiones basadas en la interpretaci\u00f3n de hechos y datos.<\/p>\n<\/div>\n<\/div>\n<div>\n<h2>Puerto Rico parece estar siguiendo el mismo guion de Corea, aunque aqu\u00ed no se hace ultrasonido tiroideo masivo como pol\u00edtica p\u00fablica, opina Fernando Cabanillas<\/h2>\n<div>\n<p>26 de abril de 2026 &#8211; 12:30 AM<\/p>\n<\/div>\n<\/div>\n<div>\n<p>Las opiniones expresadas en este art\u00edculo son \u00fanicamente del autor y no reflejan las opiniones y creencias de El Nuevo D\u00eda o sus afiliados.<\/p>\n<\/div>\n<\/div>\n<div data-fusion-lazy-id=\"f0f0LDhCGuW61Yy\">\n<div><picture><source media=\"(max-width: 375px)\" ><source media=\"(max-width: 767px)\" ><source media=\"(max-width: 1023px)\" ><source ><\/picture><figcaption>La respuesta, cada vez m\u00e1s aceptada, es inc\u00f3moda: estamos viendo los efectos de la sobredetecci\u00f3n. El protagonista de esta historia no es un virus, ni una toxina, ni una nueva mutaci\u00f3n gen\u00e9tica. Es una m\u00e1quina, destaca Fernando Cabanillas. <span>(Jose R. Madera)<\/span><\/figcaption><\/div>\n<div>\n<p>Como dice la canci\u00f3n de Roy Brown: \u201chay situaciones que arrebatan y otras\u2026 ay que matan\u201d. Las epidemias usualmente matan, pero no es lo usual con la epidemia a la que hoy me voy a referir. El c\u00e1ncer de tiroides en Puerto Rico pertenece a la categor\u00eda que arrebata, pero usualmente no mata. <\/p>\n<\/div>\n<\/div>\n<div>\n<p><b>Gu\u00edas de Opini\u00f3n<\/b><\/p>\n<p>Las columnas deben enviarse a Gerardo Cordero: gerardo.cordero@gfrmedia.com. Las columnas tienen que ser de 300, 400 o 500 palabras. Al enviarnos su columna, el escritor concede a GFR Media una licencia exclusiva, perpetua, irrevocable, sublicenciable, mundial y libre de regal\u00edas para reproducir, copiar, distribuir, publicar, exhibir, preparar obras derivadas, traducir, sindicar, incluir en compilaciones u obras colectivas, y de cualquier otro modo de forma general utilizar su columna (en todo o en parte), sin reserva ni limitaci\u00f3n alguna, en cualquier medio (incluyendo pero sin limitarse, a las versiones impresas o digitales o en los sitios web o aplicaciones m\u00f3vil del peri\u00f3dico El Nuevo D\u00eda), forma, tecnolog\u00eda o m\u00e9todo conocido en el presente o que sea conocido, desarrollado o descubierto en el futuro. El autor acepta que GFR Media, LLC, podr\u00eda cobrar a los suscriptores las versiones digitales, sitios web o aplicaciones m\u00f3viles de GFR Media por el acceso a la columna. <\/p>\n<\/div>\n<section>\n<header><span>Popular en la Comunidad<\/span><\/header>\n<\/section>\n<\/div>\n\n    <div class=\"xs_social_share_widget xs_share_url after_content \t\tmain_content  wslu-style-1 wslu-share-box-shaped wslu-fill-colored wslu-none wslu-share-horizontal wslu-theme-font-no wslu-main_content\">\n\n\t\t\n        <ul>\n\t\t\t        <\/ul>\n    <\/div> \n","protected":false},"excerpt":{"rendered":"<p>Opini\u00f3n Explica ideas y extrae conclusiones basadas en la interpretaci\u00f3n de hechos y datos. Puerto Rico parece estar siguiendo el mismo guion de Corea, aunque aqu\u00ed no se hace ultrasonido tiroideo masivo como pol\u00edtica p\u00fablica, opina Fernando Cabanillas 26 de abril de 2026 &#8211; 12:30 AM Las opiniones expresadas en este art\u00edculo son \u00fanicamente del<\/p>\n","protected":false},"author":2,"featured_media":24133,"comment_status":"open","ping_status":"open","sticky":false,"template":"","format":"standard","meta":{"om_disable_all_campaigns":false,"_monsterinsights_skip_tracking":false,"_monsterinsights_sitenote_active":false,"_monsterinsights_sitenote_note":"","_monsterinsights_sitenote_category":0,"footnotes":""},"categories":[30],"tags":[],"class_list":["post-24132","post","type-post","status-publish","format-standard","has-post-thumbnail","hentry","category-opinion"],"aioseo_notices":[],"_links":{"self":[{"href":"https:\/\/aleeknews.com\/4l33k5\/wp-json\/wp\/v2\/posts\/24132","targetHints":{"allow":["GET"]}}],"collection":[{"href":"https:\/\/aleeknews.com\/4l33k5\/wp-json\/wp\/v2\/posts"}],"about":[{"href":"https:\/\/aleeknews.com\/4l33k5\/wp-json\/wp\/v2\/types\/post"}],"author":[{"embeddable":true,"href":"https:\/\/aleeknews.com\/4l33k5\/wp-json\/wp\/v2\/users\/2"}],"replies":[{"embeddable":true,"href":"https:\/\/aleeknews.com\/4l33k5\/wp-json\/wp\/v2\/comments?post=24132"}],"version-history":[{"count":0,"href":"https:\/\/aleeknews.com\/4l33k5\/wp-json\/wp\/v2\/posts\/24132\/revisions"}],"wp:featuredmedia":[{"embeddable":true,"href":"https:\/\/aleeknews.com\/4l33k5\/wp-json\/wp\/v2\/media\/24133"}],"wp:attachment":[{"href":"https:\/\/aleeknews.com\/4l33k5\/wp-json\/wp\/v2\/media?parent=24132"}],"wp:term":[{"taxonomy":"category","embeddable":true,"href":"https:\/\/aleeknews.com\/4l33k5\/wp-json\/wp\/v2\/categories?post=24132"},{"taxonomy":"post_tag","embeddable":true,"href":"https:\/\/aleeknews.com\/4l33k5\/wp-json\/wp\/v2\/tags?post=24132"}],"curies":[{"name":"wp","href":"https:\/\/api.w.org\/{rel}","templated":true}]}}