{"id":22617,"date":"2026-03-31T02:42:18","date_gmt":"2026-03-31T06:42:18","guid":{"rendered":"https:\/\/aleeknews.com\/4l33k5\/2026\/03\/31\/opinion-reflexiones-de-semana-santa-un-relato-lleno-de-contrastes\/"},"modified":"2026-03-31T02:42:18","modified_gmt":"2026-03-31T06:42:18","slug":"opinion-reflexiones-de-semana-santa-un-relato-lleno-de-contrastes","status":"publish","type":"post","link":"https:\/\/aleeknews.com\/4l33k5\/2026\/03\/31\/opinion-reflexiones-de-semana-santa-un-relato-lleno-de-contrastes\/","title":{"rendered":"Opini\u00f3n | Reflexiones de Semana Santa: un relato lleno de contrastes"},"content":{"rendered":"<div>\n<div data-fusion-lazy-id=\"f0fW0AnQWGof2kd\">\n<div class>\n<p>Opini\u00f3n<\/p>\n<div>\n<p>Explica ideas y extrae conclusiones basadas en la interpretaci\u00f3n de hechos y datos.<\/p>\n<\/div>\n<\/div>\n<div>\n<h2>Jes\u00fas pudo haber optado por salvarse \u00e9l, huyendo o negando su identidad, sin embargo, su naturaleza, su vocaci\u00f3n de servicio y el amor por su pueblo no se lo permit\u00eda, escribe Eunice Santana<\/h2>\n<div>\n<p>31 de marzo de 2026 &#8211; 10:45 PM<\/p>\n<\/div>\n<\/div>\n<div>\n<p>Las opiniones expresadas en este art\u00edculo son \u00fanicamente del autor y no reflejan las opiniones y creencias de El Nuevo D\u00eda o sus afiliados.<\/p>\n<\/div>\n<\/div>\n<div data-fusion-lazy-id=\"f0f0LDhCGuW61Yy\">\n<div><picture><source media=\"(max-width: 375px)\" ><source media=\"(max-width: 767px)\" ><source media=\"(max-width: 1023px)\" ><source ><\/picture><figcaption>Una de las grandes ense\u00f1anzas que extraemos de la Semana Santa es que la vida tiene sentido y valor cuando estamos dispuestos y dispuestas a vivirla amando y sirviendo, afirma Eunice Santana. <span>(Shutterstock)<\/span><\/figcaption><\/div>\n<div>\n<p>La Semana Santa nos regala una gran variedad de temas sobre los cuales reflexionar. Los Evangelios en la Biblia nos narran los acontecimientos de los \u00faltimos d\u00edas de la vida terrenal de Jes\u00fas de Nazaret, quien literalmente dio su vida para salvar la de sus acompa\u00f1antes, sus disc\u00edpulos y amigos. Cuando los soldados romanos los sorprendieron en el Monte de los Olivos, Jes\u00fas, se identific\u00f3, dej\u00e1ndoles saber que era a \u00e9l a quien buscaban, salv\u00e1ndole la vida a los dem\u00e1s. <\/p>\n<\/div>\n<\/div>\n<div>\n<p><b>Gu\u00edas de Opini\u00f3n<\/b><\/p>\n<p>Las columnas deben enviarse a Gerardo Cordero: gerardo.cordero@gfrmedia.com. Las columnas tienen que ser de 300, 400 o 500 palabras. Al enviarnos su columna, el escritor concede a GFR Media una licencia exclusiva, perpetua, irrevocable, sublicenciable, mundial y libre de regal\u00edas para reproducir, copiar, distribuir, publicar, exhibir, preparar obras derivadas, traducir, sindicar, incluir en compilaciones u obras colectivas, y de cualquier otro modo de forma general utilizar su columna (en todo o en parte), sin reserva ni limitaci\u00f3n alguna, en cualquier medio (incluyendo pero sin limitarse, a las versiones impresas o digitales o en los sitios web o aplicaciones m\u00f3vil del peri\u00f3dico El Nuevo D\u00eda), forma, tecnolog\u00eda o m\u00e9todo conocido en el presente o que sea conocido, desarrollado o descubierto en el futuro. El autor acepta que GFR Media, LLC, podr\u00eda cobrar a los suscriptores las versiones digitales, sitios web o aplicaciones m\u00f3viles de GFR Media por el acceso a la columna. <\/p>\n<\/div>\n<section>\n<header><span>Popular en la Comunidad<\/span><\/header>\n<\/section>\n<\/div>\n\n    <div class=\"xs_social_share_widget xs_share_url after_content \t\tmain_content  wslu-style-1 wslu-share-box-shaped wslu-fill-colored wslu-none wslu-share-horizontal wslu-theme-font-no wslu-main_content\">\n\n\t\t\n        <ul>\n\t\t\t        <\/ul>\n    <\/div> \n","protected":false},"excerpt":{"rendered":"<p>Opini\u00f3n Explica ideas y extrae conclusiones basadas en la interpretaci\u00f3n de hechos y datos. Jes\u00fas pudo haber optado por salvarse \u00e9l, huyendo o negando su identidad, sin embargo, su naturaleza, su vocaci\u00f3n de servicio y el amor por su pueblo no se lo permit\u00eda, escribe Eunice Santana 31 de marzo de 2026 &#8211; 10:45 PM<\/p>\n","protected":false},"author":2,"featured_media":22618,"comment_status":"open","ping_status":"open","sticky":false,"template":"","format":"standard","meta":{"om_disable_all_campaigns":false,"_monsterinsights_skip_tracking":false,"footnotes":""},"categories":[30],"tags":[],"class_list":["post-22617","post","type-post","status-publish","format-standard","has-post-thumbnail","hentry","category-opinion"],"aioseo_notices":[],"_links":{"self":[{"href":"https:\/\/aleeknews.com\/4l33k5\/wp-json\/wp\/v2\/posts\/22617","targetHints":{"allow":["GET"]}}],"collection":[{"href":"https:\/\/aleeknews.com\/4l33k5\/wp-json\/wp\/v2\/posts"}],"about":[{"href":"https:\/\/aleeknews.com\/4l33k5\/wp-json\/wp\/v2\/types\/post"}],"author":[{"embeddable":true,"href":"https:\/\/aleeknews.com\/4l33k5\/wp-json\/wp\/v2\/users\/2"}],"replies":[{"embeddable":true,"href":"https:\/\/aleeknews.com\/4l33k5\/wp-json\/wp\/v2\/comments?post=22617"}],"version-history":[{"count":0,"href":"https:\/\/aleeknews.com\/4l33k5\/wp-json\/wp\/v2\/posts\/22617\/revisions"}],"wp:featuredmedia":[{"embeddable":true,"href":"https:\/\/aleeknews.com\/4l33k5\/wp-json\/wp\/v2\/media\/22618"}],"wp:attachment":[{"href":"https:\/\/aleeknews.com\/4l33k5\/wp-json\/wp\/v2\/media?parent=22617"}],"wp:term":[{"taxonomy":"category","embeddable":true,"href":"https:\/\/aleeknews.com\/4l33k5\/wp-json\/wp\/v2\/categories?post=22617"},{"taxonomy":"post_tag","embeddable":true,"href":"https:\/\/aleeknews.com\/4l33k5\/wp-json\/wp\/v2\/tags?post=22617"}],"curies":[{"name":"wp","href":"https:\/\/api.w.org\/{rel}","templated":true}]}}