{"id":22614,"date":"2026-03-30T05:43:45","date_gmt":"2026-03-30T09:43:45","guid":{"rendered":"https:\/\/aleeknews.com\/4l33k5\/2026\/03\/30\/hermes-croatto-esto-fue-lo-que-completo-nuestra-familia\/"},"modified":"2026-03-30T05:43:45","modified_gmt":"2026-03-30T09:43:45","slug":"hermes-croatto-esto-fue-lo-que-completo-nuestra-familia","status":"publish","type":"post","link":"https:\/\/aleeknews.com\/4l33k5\/2026\/03\/30\/hermes-croatto-esto-fue-lo-que-completo-nuestra-familia\/","title":{"rendered":"Hermes Croatto: \u201cEsto fue lo que complet\u00f3 nuestra familia\u201d"},"content":{"rendered":"<div>\n<div data-fusion-lazy-id=\"f0fQYcNoHQKSGL\">\n<div class>\n<p><a href=\"https:\/\/thetrustproject.org\/\"><img decoding=\"async\" src=\"https:\/\/www.elnuevodia.com\/pf\/resources\/v2\/icons\/trust-icon.svg?d=223\"><\/a><\/p>\n<div>\n<p>Noticia<\/p>\n<div>\n<p>Basado en hechos que el periodista haya observado y verificado de primera mano, o en informaci\u00f3n verificada que proviene de fuentes bien informadas.<\/p>\n<\/div>\n<\/div>\n<\/div>\n<div>\n<h2>El cantautor estren\u00f3 la canci\u00f3n \u201cDonde quiero estar\u201d, la cual est\u00e1 dedicada a su hija Vida Luz<\/h2>\n<div>\n<p>30 de marzo de 2026 &#8211; 11:10 PM<\/p>\n<\/div>\n<\/div>\n<\/div>\n<div data-fusion-lazy-id=\"f0fIYaQF9GLV14D\">\n<div><picture><source media=\"(max-width: 375px)\" ><source media=\"(max-width: 767px)\" ><source media=\"(max-width: 1023px)\" ><source ><\/picture><figcaption>El cantautor Hermes Croatto comparte junto a su hija Vida Luz, durante la grabaci\u00f3n del v\u00eddeo musical de la canci\u00f3n &#8220;Donde quiero estar&#8221;. <span>(Suministrada)<\/span><\/figcaption><\/div>\n<div>\n<p><img decoding=\"async\" alt=\"Francisco Javier D\u00edaz\" src=\"https:\/\/www.elnuevodia.com\/resizer\/v2\/https%3A%2F%2Fs3.amazonaws.com%2Farc-authors%2Fgfrmedia%2F9a52cca0-4c97-44ab-beaa-46144d8a4e7b.png?auth=5197cc151a437ef5454debda74d2f20081db41d1dca6e1bfcb73d28844c92bb0&#038;quality=75&#038;smart=true&#038;width=170&#038;height=147\"><\/p>\n<\/div>\n<div>\n<p>Para muchos hombres, la llegada de una hija a sus vidas activa un sinn\u00famero de sentimientos y emociones que nunca antes hab\u00edan tenido. En el caso de personas extremadamente creativas, su imaginaci\u00f3n comienza a correr y podr\u00eda llevarlos a crear bellezas. <\/p>\n<\/div>\n<\/div>\n<section>\n<header><span>Popular en la Comunidad<\/span><\/header>\n<\/section>\n<\/div>\n\n    <div class=\"xs_social_share_widget xs_share_url after_content \t\tmain_content  wslu-style-1 wslu-share-box-shaped wslu-fill-colored wslu-none wslu-share-horizontal wslu-theme-font-no wslu-main_content\">\n\n\t\t\n        <ul>\n\t\t\t        <\/ul>\n    <\/div> \n","protected":false},"excerpt":{"rendered":"<p>Noticia Basado en hechos que el periodista haya observado y verificado de primera mano, o en informaci\u00f3n verificada que proviene de fuentes bien informadas. El cantautor estren\u00f3 la canci\u00f3n \u201cDonde quiero estar\u201d, la cual est\u00e1 dedicada a su hija Vida Luz 30 de marzo de 2026 &#8211; 11:10 PM El cantautor Hermes Croatto comparte junto<\/p>\n","protected":false},"author":1,"featured_media":0,"comment_status":"open","ping_status":"open","sticky":false,"template":"","format":"standard","meta":{"om_disable_all_campaigns":false,"_monsterinsights_skip_tracking":false,"footnotes":""},"categories":[61],"tags":[],"class_list":["post-22614","post","type-post","status-publish","format-standard","hentry","category-musica"],"aioseo_notices":[],"_links":{"self":[{"href":"https:\/\/aleeknews.com\/4l33k5\/wp-json\/wp\/v2\/posts\/22614","targetHints":{"allow":["GET"]}}],"collection":[{"href":"https:\/\/aleeknews.com\/4l33k5\/wp-json\/wp\/v2\/posts"}],"about":[{"href":"https:\/\/aleeknews.com\/4l33k5\/wp-json\/wp\/v2\/types\/post"}],"author":[{"embeddable":true,"href":"https:\/\/aleeknews.com\/4l33k5\/wp-json\/wp\/v2\/users\/1"}],"replies":[{"embeddable":true,"href":"https:\/\/aleeknews.com\/4l33k5\/wp-json\/wp\/v2\/comments?post=22614"}],"version-history":[{"count":0,"href":"https:\/\/aleeknews.com\/4l33k5\/wp-json\/wp\/v2\/posts\/22614\/revisions"}],"wp:attachment":[{"href":"https:\/\/aleeknews.com\/4l33k5\/wp-json\/wp\/v2\/media?parent=22614"}],"wp:term":[{"taxonomy":"category","embeddable":true,"href":"https:\/\/aleeknews.com\/4l33k5\/wp-json\/wp\/v2\/categories?post=22614"},{"taxonomy":"post_tag","embeddable":true,"href":"https:\/\/aleeknews.com\/4l33k5\/wp-json\/wp\/v2\/tags?post=22614"}],"curies":[{"name":"wp","href":"https:\/\/api.w.org\/{rel}","templated":true}]}}