{"id":21701,"date":"2026-03-14T22:43:38","date_gmt":"2026-03-15T02:43:38","guid":{"rendered":"https:\/\/aleeknews.com\/4l33k5\/2026\/03\/14\/nueva-ola-de-bombardeos-israelies-contra-iran\/"},"modified":"2026-03-14T22:43:38","modified_gmt":"2026-03-15T02:43:38","slug":"nueva-ola-de-bombardeos-israelies-contra-iran","status":"publish","type":"post","link":"https:\/\/aleeknews.com\/4l33k5\/2026\/03\/14\/nueva-ola-de-bombardeos-israelies-contra-iran\/","title":{"rendered":"Nueva ola de bombardeos israel\u00edes contra Ir\u00e1n"},"content":{"rendered":"<div>\n<p><b>Jerusal\u00e9n- <\/b>El Ej\u00e9rcito de <a href=\"https:\/\/www.google.com\/goto?url=CAESZgE7q4yl38IqNX69hAA3ikJJUOSDNJ5wJR9oaAMT8VrLs_8N-eEtvF6KO3jQ35N4_aPdOcVvGxZji9lhXlQpSIfe1GRLgh3EoxS3ofBD7llKHpPMw42f-qtMF03gWfoukbQrss2vqw==\" target=\"_blank\" rel=\"noreferrer\" title=\"https:\/\/www.google.com\/goto?url=CAESZgE7q4yl38IqNX69hAA3ikJJUOSDNJ5wJR9oaAMT8VrLs_8N-eEtvF6KO3jQ35N4_aPdOcVvGxZji9lhXlQpSIfe1GRLgh3EoxS3ofBD7llKHpPMw42f-qtMF03gWfoukbQrss2vqw==\"><b>Israel<\/b><\/a> lanz\u00f3 este viernes por la tarde una nueva ola de <a href=\"https:\/\/www.google.com\/goto?url=CAEScgE7q4ylX5_T7riNZUmRKBSo_OMgvSCBHjuBba6uZdWDkYEEHk6Ydx4YWmXbd1hqF_GDvMXpZ4W39SNieb-stQ9o7qzU4NvChzaZ_c0Ra_oUxbMWIPcDdYCo4nV2tHhUKKNJ5WqW0j2j7vsj6JR3yxkjpQ==\" target=\"_blank\" rel=\"noreferrer\" title=\"https:\/\/www.google.com\/goto?url=CAEScgE7q4ylX5_T7riNZUmRKBSo_OMgvSCBHjuBba6uZdWDkYEEHk6Ydx4YWmXbd1hqF_GDvMXpZ4W39SNieb-stQ9o7qzU4NvChzaZ_c0Ra_oUxbMWIPcDdYCo4nV2tHhUKKNJ5WqW0j2j7vsj6JR3yxkjpQ==\"><b>ataques a\u00e9reos contra Teher\u00e1n<\/b><\/a>, seg\u00fan un comunicado difundido en los canales oficiales de las fuerzas armadas. <\/p>\n<p>\u201cLas Fuerzas de Defensa de Israel (FDI) han iniciado ataques contra objetivos del r\u00e9gimen terrorista iran\u00ed en Teher\u00e1n\u201d, recoge el comunicado. <\/p>\n<p><b>La oleada ha comenzado poco despu\u00e9s de que la Rep\u00fablica Isl\u00e1mica disparara misiles contra el centro de Israel, al menos uno de ellos con una carga de racimo, seg\u00fan se desprende de los cr\u00e1teres vistos en las im\u00e1genes de impactos difundidas por los medios israel\u00edes. <\/b><\/p>\n<p>Los Bomberos de Israel aseguraron tras el ataque que sus efectivos trabajaban en las \u00e1reas de Rishon Lezion y Shoham, ubicadas en la periferia de <a href=\"https:\/\/www.google.com\/goto?url=CAESaAE7q4ylhUygRAbxmUWUkcInJ2QqypKYmyKBdJO9mqaIuwxefd65D1yG0IbXfh8zBqwQHm2gGc9SaEnA6kHPLcn6PWp_DS6XGr7zA8sNSpWiJuX4PD03vgqvqqywmreZGQ_h5pjFyhug\" target=\"_blank\" rel=\"noreferrer\" title=\"https:\/\/www.google.com\/goto?url=CAESaAE7q4ylhUygRAbxmUWUkcInJ2QqypKYmyKBdJO9mqaIuwxefd65D1yG0IbXfh8zBqwQHm2gGc9SaEnA6kHPLcn6PWp_DS6XGr7zA8sNSpWiJuX4PD03vgqvqqywmreZGQ_h5pjFyhug\"><b>Tel Aviv<\/b><\/a>, por la ca\u00edda de munici\u00f3n en la zona. <\/p>\n<p>\u201cEn Shoham, se recibi\u00f3 un informe de da\u00f1os en una estructura. Los bomberos y rescatistas est\u00e1n realizando b\u00fasquedas para localizar personas atrapadas y extinguir el incendio\u201d, recoge el comunicado del cuerpo. <\/p>\n<div>\n<figure><picture><source media=\"(max-width: 375px)\" ><source media=\"(max-width: 767px)\" ><source media=\"(max-width: 1023px)\" ><source ><img src=\"https:\/\/www.elnuevodia.com\/resizer\/v2\/WTK2K4BSJVCATPYOHNASVLCAYA.jpg?auth=0c81051499f1400c8dbf3cde140d4f2614a29153d00b2268ac7f25be3705b97b&#038;quality=75&#038;width=829&#038;smart=true\" alt=\"Ciudadanos iran\u00edes desfilan frente a una valla publicitaria con la imagen del l\u00edder supremo iran\u00ed, Mojtaba Khamenei, y comandantes militares iran\u00edes durante una manifestaci\u00f3n con motivo del D\u00eda Internacional de Al-Quds en Teher\u00e1n, Ir\u00e1n, el 13 de marzo de 2026. Establecido en 1979, el D\u00eda de Al-Quds se celebra anualmente el \u00faltimo viernes de Ramad\u00e1n para expresar solidaridad con el pueblo palestino y protestar contra el control israel\u00ed de Jerusal\u00e9n. La conmemoraci\u00f3n de este a\u00f1o coincide con la operaci\u00f3n militar conjunta de Estados Unidos e Israel, iniciada el 28 de febrero, que contin\u00faa atacando objetivos estrat\u00e9gicos en todo Ir\u00e1n.\" loading=\"eager\" fetchpriority=\"high\" decoding=\"sync\"><\/picture><figcaption>Ciudadanos iran\u00edes desfilan frente a una valla publicitaria con la imagen del l\u00edder supremo iran\u00ed, Mojtaba Khamenei, y comandantes militares iran\u00edes durante una manifestaci\u00f3n con motivo del D\u00eda Internacional de Al-Quds en Teher\u00e1n, Ir\u00e1n, el 13 de marzo de 2026. Establecido en 1979, el D\u00eda de Al-Quds se celebra anualmente el \u00faltimo viernes de Ramad\u00e1n para expresar solidaridad con el pueblo palestino y protestar contra el control israel\u00ed de Jerusal\u00e9n. La conmemoraci\u00f3n de este a\u00f1o coincide con la operaci\u00f3n militar conjunta de Estados Unidos e Israel, iniciada el 28 de febrero, que contin\u00faa atacando objetivos estrat\u00e9gicos en todo Ir\u00e1n. (ABEDIN TAHERKENAREH)<\/figcaption><\/figure>\n<\/div>\n<p>Im\u00e1genes difundidas por el servicio de emergencias del Magen David Adom (MDA) muestran el tejado de una casa en llamas tras la ca\u00edda de uno de los explosivos. <\/p>\n<p>Tras estos ataques, Israel lanz\u00f3 una nueva oleada de ataques contra la capital iran\u00ed. Ya durante la pasada noche, la aviaci\u00f3n atac\u00f3 un comando de inteligencia en el cuartel militar de Jatam al Anbiya y a combatientes de la fuera paramilitar iran\u00ed Basij estacionados en distintos puntos de control de la capital. <\/p>\n<p><b>Las autoridades iran\u00edes no actualizan la cifra de fallecidos en los ataques de Israel desde hace m\u00e1s de una semana, y el \u00faltimo recuento ofrecido rondaba los 1,230. <\/b><\/p>\n<p>En Israel, los misiles iran\u00edes han matado hasta el momento a 12 personas, mientras que el MDA ha atendido a 233 heridos por los misiles: cuatro graves, 9 moderados y 220 leves. <\/p>\n<\/div>\n\n    <div class=\"xs_social_share_widget xs_share_url after_content \t\tmain_content  wslu-style-1 wslu-share-box-shaped wslu-fill-colored wslu-none wslu-share-horizontal wslu-theme-font-no wslu-main_content\">\n\n\t\t\n        <ul>\n\t\t\t        <\/ul>\n    <\/div> \n","protected":false},"excerpt":{"rendered":"<p>Jerusal\u00e9n- El Ej\u00e9rcito de Israel lanz\u00f3 este viernes por la tarde una nueva ola de ataques a\u00e9reos contra Teher\u00e1n , seg\u00fan un comunicado difundido en los canales oficiales de las fuerzas armadas. \u201cLas Fuerzas de Defensa de Israel (FDI) han iniciado ataques contra objetivos del r\u00e9gimen terrorista iran\u00ed en Teher\u00e1n\u201d, recoge el comunicado. La oleada<\/p>\n","protected":false},"author":2,"featured_media":21702,"comment_status":"open","ping_status":"open","sticky":false,"template":"","format":"standard","meta":{"om_disable_all_campaigns":false,"_monsterinsights_skip_tracking":false,"_monsterinsights_sitenote_active":false,"_monsterinsights_sitenote_note":"","_monsterinsights_sitenote_category":0,"footnotes":""},"categories":[10],"tags":[],"class_list":["post-21701","post","type-post","status-publish","format-standard","has-post-thumbnail","hentry","category-mundo"],"aioseo_notices":[],"_links":{"self":[{"href":"https:\/\/aleeknews.com\/4l33k5\/wp-json\/wp\/v2\/posts\/21701","targetHints":{"allow":["GET"]}}],"collection":[{"href":"https:\/\/aleeknews.com\/4l33k5\/wp-json\/wp\/v2\/posts"}],"about":[{"href":"https:\/\/aleeknews.com\/4l33k5\/wp-json\/wp\/v2\/types\/post"}],"author":[{"embeddable":true,"href":"https:\/\/aleeknews.com\/4l33k5\/wp-json\/wp\/v2\/users\/2"}],"replies":[{"embeddable":true,"href":"https:\/\/aleeknews.com\/4l33k5\/wp-json\/wp\/v2\/comments?post=21701"}],"version-history":[{"count":0,"href":"https:\/\/aleeknews.com\/4l33k5\/wp-json\/wp\/v2\/posts\/21701\/revisions"}],"wp:featuredmedia":[{"embeddable":true,"href":"https:\/\/aleeknews.com\/4l33k5\/wp-json\/wp\/v2\/media\/21702"}],"wp:attachment":[{"href":"https:\/\/aleeknews.com\/4l33k5\/wp-json\/wp\/v2\/media?parent=21701"}],"wp:term":[{"taxonomy":"category","embeddable":true,"href":"https:\/\/aleeknews.com\/4l33k5\/wp-json\/wp\/v2\/categories?post=21701"},{"taxonomy":"post_tag","embeddable":true,"href":"https:\/\/aleeknews.com\/4l33k5\/wp-json\/wp\/v2\/tags?post=21701"}],"curies":[{"name":"wp","href":"https:\/\/api.w.org\/{rel}","templated":true}]}}