{"id":21699,"date":"2026-03-14T22:43:40","date_gmt":"2026-03-15T02:43:40","guid":{"rendered":"https:\/\/aleeknews.com\/4l33k5\/2026\/03\/14\/delcy-rodriguez-anuncia-la-entrada-de-300-millones-por-venta-de-fueloil-2\/"},"modified":"2026-03-14T22:43:40","modified_gmt":"2026-03-15T02:43:40","slug":"delcy-rodriguez-anuncia-la-entrada-de-300-millones-por-venta-de-fueloil-2","status":"publish","type":"post","link":"https:\/\/aleeknews.com\/4l33k5\/2026\/03\/14\/delcy-rodriguez-anuncia-la-entrada-de-300-millones-por-venta-de-fueloil-2\/","title":{"rendered":"Delcy Rodr\u00edguez anuncia la entrada de $300 millones por venta de fueloil"},"content":{"rendered":"<div>\n<p><b>Caracas-<\/b> La presidenta encargada de Venezuela, Delcy Rodr\u00edguez, inform\u00f3 este s\u00e1bado de la entrada de $300 millones a un fondo recientemente creado para la \u201cprotecci\u00f3n social\u201d procedentes de una \u201cventa extraordinaria\u201d de fueloil, un combustible derivado del petr\u00f3leo. <\/p>\n<p><b>En un acto transmitido por el canal estatal Venezolana de Televisi\u00f3n (VTV), la l\u00edder chavista asegur\u00f3 que se hizo esa venta para \u201cpoder garantizar que se diera un incremento en el ingreso de los trabajadores\u201d, del que no dio detalles. <\/b><\/p>\n<p>Record\u00f3 que recientemente el Gobierno que encabeza, tras la captura de <a href=\"https:\/\/www.google.com\/goto?url=CAESbgE7q4yl7C0j-R4GQuigLsCdV3GGSO8KnFPc3cbSbhk4cyFCiGlr8vFM_adT4xLgyO6xU3I65rnV1Cnfe0VcFyenQeA_s_dOJH4Asksd_NWZri9Ki5yPOIgb5SFn7DpRgYQ8rRkuGy7cDxumaVyx\" target=\"_blank\" rel=\"noreferrer\" title=\"https:\/\/www.google.com\/goto?url=CAESbgE7q4yl7C0j-R4GQuigLsCdV3GGSO8KnFPc3cbSbhk4cyFCiGlr8vFM_adT4xLgyO6xU3I65rnV1Cnfe0VcFyenQeA_s_dOJH4Asksd_NWZri9Ki5yPOIgb5SFn7DpRgYQ8rRkuGy7cDxumaVyx\"><b>Nicol\u00e1s Maduro<\/b><\/a> por parte de <a href=\"https:\/\/www.google.com\/goto?url=CAESbwE7q4yljECjALqy-Wa-aJKApLBMQeQDimiBZESUoJZYMhsfRtoeciJq9WOpNiNZ5LwPFiGmQsQP5IK-hNmt9ydFCejRm-awf79k1iWYnHllyd3ExYcD8n2JdsWMzpE4CbND95GZZc0pAfdnF3ppzQ==\" target=\"_blank\" rel=\"noreferrer\" title=\"https:\/\/www.google.com\/goto?url=CAESbwE7q4yljECjALqy-Wa-aJKApLBMQeQDimiBZESUoJZYMhsfRtoeciJq9WOpNiNZ5LwPFiGmQsQP5IK-hNmt9ydFCejRm-awf79k1iWYnHllyd3ExYcD8n2JdsWMzpE4CbND95GZZc0pAfdnF3ppzQ==\"><b>Estados Unidos<\/b><\/a> en enero, cre\u00f3 dos fondos soberanos a los que se destinar\u00e1n los recursos obtenidos a trav\u00e9s de \u201cnuevas inversiones en materia de petr\u00f3leo y gas\u201d: uno de \u201cprotecci\u00f3n social para mejorar el ingreso de los trabajadores, la salud, la alimentaci\u00f3n y la vivienda, y otro para atender servicios p\u00fablicos\u201d. <\/p>\n<p>La mandataria hizo un llamado a todos los sectores de su pa\u00eds a exigir unidos al presidente de Estados Unidos, <a href=\"https:\/\/www.google.com\/goto?url=CAESbAE7q4ylCIvLCFjnmf4oXIoD4alOHm4f5Vp3pxxSyafqvMKUnvdFiKDq8nwWlUPLD9trHEONc3Fu-XW9s5LcHXHKbW7lBDeprUVL5SW1PDiDSkSuWJrDDcrOiPh73IdjeLdrt1PUj_onf_k8JQ==\" target=\"_blank\" rel=\"noreferrer\" title=\"https:\/\/www.google.com\/goto?url=CAESbAE7q4ylCIvLCFjnmf4oXIoD4alOHm4f5Vp3pxxSyafqvMKUnvdFiKDq8nwWlUPLD9trHEONc3Fu-XW9s5LcHXHKbW7lBDeprUVL5SW1PDiDSkSuWJrDDcrOiPh73IdjeLdrt1PUj_onf_k8JQ==\"><b>Donald Trump<\/b><\/a>, el levantamiento definitivo de todas las \u201csanciones il\u00edcitas\u201d contra Venezuela. <\/p>\n<p>\u201cPresidente Trump, es el sentir de un pueblo, pero tambi\u00e9n es la forma de que la <a href=\"https:\/\/www.google.com\/goto?url=CAESbgE7q4yloHaKLO7zW-fHMkanPouybY4vbxa9pejyVLuyxGNG2wvlSruKfw9gGCGNPouS7ePPFP9qqBZFheKs1oDFrl6Sleb-IxR5qGSamM39KHM99lN3ndrByuPkaajOsysijlayZKBkQqb7RLaE\" target=\"_blank\" rel=\"noreferrer\" title=\"https:\/\/www.google.com\/goto?url=CAESbgE7q4yloHaKLO7zW-fHMkanPouybY4vbxa9pejyVLuyxGNG2wvlSruKfw9gGCGNPouS7ePPFP9qqBZFheKs1oDFrl6Sleb-IxR5qGSamM39KHM99lN3ndrByuPkaajOsysijlayZKBkQqb7RLaE\"><b>Am\u00e9rica Latina<\/b><\/a>, a la cual usted se ha referido, pueda marchar junto a un crecimiento acompasado en equilibrio y donde Venezuela tambi\u00e9n d\u00e9 su aporte al crecimiento regional\u201d, expres\u00f3. <\/p>\n<div>\n<p><b>1 \/ 14 | <\/b><span> \u00bfQui\u00e9n es Delcy Rodr\u00edguez, la presidenta encargada de Venezuela?. Delcy Rodr\u00edguez fue investida el lunes 5 de enero como presidenta encargada de Venezuela ante la ausencia de Nicol\u00e1s Maduro, que fue capturado junto a su esposa por Estados Unidos en una operaci\u00f3n militar. <\/span><i> &#8211; The Associated Press<\/i><\/p>\n<\/div>\n<p>Precisamente por las sanciones, Rodr\u00edguez rechaz\u00f3 este s\u00e1bado la propuesta del mandatario de Colombia, <a href=\"https:\/\/www.google.com\/goto?url=CAESbQE7q4ylIR2BBa92I_epwUhuREeDevKGy_PlMNn4hURZAWgmgqpjjMObla-TP-BxpPunwVde3Pk6HIC61nSb84d1adHwZ52L-7RDYITulxdArbg9toaIHxr2LHqZ_JBPKupmT2LCv3__D-KRFbQ=\" target=\"_blank\" rel=\"noreferrer\" title=\"https:\/\/www.google.com\/goto?url=CAESbQE7q4ylIR2BBa92I_epwUhuREeDevKGy_PlMNn4hURZAWgmgqpjjMObla-TP-BxpPunwVde3Pk6HIC61nSb84d1adHwZ52L-7RDYITulxdArbg9toaIHxr2LHqZ_JBPKupmT2LCv3__D-KRFbQ=\"><b>Gustavo Petro<\/b><\/a>, sobre un arancel cero en toda la comercializaci\u00f3n binacional, debido a la desigualdad que, dijo, generan estas medidas estadounidenses, flexibilizadas en los \u00faltimos meses de acercamientos entre Caracas y Washington. <\/p>\n<p><b>\u201cPresidente Petro, nos gustar\u00eda, pero no se puede, porque el pueblo venezolano est\u00e1 sancionado, el pueblo productor venezolano est\u00e1 sancionado, (&#8230;) no podemos ir en igualdad de condiciones y nosotros tenemos que acompa\u00f1ar a nuestro pa\u00eds productivo para que, en esas condiciones de desigualdad, podamos nosotros ir a un comercio exterior que beneficie al pueblo venezolano\u201d<\/b>, dijo. <\/p>\n<p>En todo caso, Rodr\u00edguez celebr\u00f3 las reanudadas relaciones con la <a href=\"https:\/\/www.google.com\/goto?url=CAESawE7q4yl7oM63OgORkA8Lz13k9dQGMMVMQo0RwGLrj-P4Kn4nxvLXD5fTEFpRSEWbtcXcOFVBNtDtkWB-uG9NsrMIm5WAuRBKxmThBruL5ZF0oLpGcKXVR6zKsjqJwT2RXOb86PGMfKIlLYg\" target=\"_blank\" rel=\"noreferrer\" title=\"https:\/\/www.google.com\/goto?url=CAESawE7q4yl7oM63OgORkA8Lz13k9dQGMMVMQo0RwGLrj-P4Kn4nxvLXD5fTEFpRSEWbtcXcOFVBNtDtkWB-uG9NsrMIm5WAuRBKxmThBruL5ZF0oLpGcKXVR6zKsjqJwT2RXOb86PGMfKIlLYg\"><b>Casa Blanca<\/b><\/a> y felicit\u00f3 a la embajada estadounidense en Venezuela por izar este s\u00e1bado la bandera del pa\u00eds norteamericano por primera vez en siete a\u00f1os, luego de que ambas naciones acordaran restablecer sus relaciones diplom\u00e1ticas, rotas en 2019. <\/p>\n<p>\u201cMuy pronto estaremos izando la bandera de nuestro tricolor, de Venezuela, en los Estados Unidos, en nuestra embajada\u201d, asegur\u00f3. <\/p>\n<p>La l\u00edder chavista asever\u00f3 que su pa\u00eds est\u00e1 \u201cdemostrando que, de pie y con la frente en alto\u201d, puede \u201cllevar adelante relaciones de respeto\u201d con Estados Unidos. <\/p>\n<\/div>\n\n    <div class=\"xs_social_share_widget xs_share_url after_content \t\tmain_content  wslu-style-1 wslu-share-box-shaped wslu-fill-colored wslu-none wslu-share-horizontal wslu-theme-font-no wslu-main_content\">\n\n\t\t\n        <ul>\n\t\t\t        <\/ul>\n    <\/div> \n","protected":false},"excerpt":{"rendered":"<p>Caracas- La presidenta encargada de Venezuela, Delcy Rodr\u00edguez, inform\u00f3 este s\u00e1bado de la entrada de $300 millones a un fondo recientemente creado para la \u201cprotecci\u00f3n social\u201d procedentes de una \u201cventa extraordinaria\u201d de fueloil, un combustible derivado del petr\u00f3leo. En un acto transmitido por el canal estatal Venezolana de Televisi\u00f3n (VTV), la l\u00edder chavista asegur\u00f3 que<\/p>\n","protected":false},"author":2,"featured_media":21695,"comment_status":"open","ping_status":"open","sticky":false,"template":"","format":"standard","meta":{"om_disable_all_campaigns":false,"_monsterinsights_skip_tracking":false,"_monsterinsights_sitenote_active":false,"_monsterinsights_sitenote_note":"","_monsterinsights_sitenote_category":0,"footnotes":""},"categories":[10],"tags":[],"class_list":["post-21699","post","type-post","status-publish","format-standard","has-post-thumbnail","hentry","category-mundo"],"aioseo_notices":[],"_links":{"self":[{"href":"https:\/\/aleeknews.com\/4l33k5\/wp-json\/wp\/v2\/posts\/21699","targetHints":{"allow":["GET"]}}],"collection":[{"href":"https:\/\/aleeknews.com\/4l33k5\/wp-json\/wp\/v2\/posts"}],"about":[{"href":"https:\/\/aleeknews.com\/4l33k5\/wp-json\/wp\/v2\/types\/post"}],"author":[{"embeddable":true,"href":"https:\/\/aleeknews.com\/4l33k5\/wp-json\/wp\/v2\/users\/2"}],"replies":[{"embeddable":true,"href":"https:\/\/aleeknews.com\/4l33k5\/wp-json\/wp\/v2\/comments?post=21699"}],"version-history":[{"count":0,"href":"https:\/\/aleeknews.com\/4l33k5\/wp-json\/wp\/v2\/posts\/21699\/revisions"}],"wp:featuredmedia":[{"embeddable":true,"href":"https:\/\/aleeknews.com\/4l33k5\/wp-json\/wp\/v2\/media\/21695"}],"wp:attachment":[{"href":"https:\/\/aleeknews.com\/4l33k5\/wp-json\/wp\/v2\/media?parent=21699"}],"wp:term":[{"taxonomy":"category","embeddable":true,"href":"https:\/\/aleeknews.com\/4l33k5\/wp-json\/wp\/v2\/categories?post=21699"},{"taxonomy":"post_tag","embeddable":true,"href":"https:\/\/aleeknews.com\/4l33k5\/wp-json\/wp\/v2\/tags?post=21699"}],"curies":[{"name":"wp","href":"https:\/\/api.w.org\/{rel}","templated":true}]}}