{"id":21677,"date":"2026-03-14T00:45:40","date_gmt":"2026-03-14T04:45:40","guid":{"rendered":"https:\/\/aleeknews.com\/4l33k5\/2026\/03\/14\/teatro-en-15-minutos-presenta-temporada-de-marzo-inspirada-en-mujeres-ilustres-puertorriquenas\/"},"modified":"2026-03-14T00:45:40","modified_gmt":"2026-03-14T04:45:40","slug":"teatro-en-15-minutos-presenta-temporada-de-marzo-inspirada-en-mujeres-ilustres-puertorriquenas","status":"publish","type":"post","link":"https:\/\/aleeknews.com\/4l33k5\/2026\/03\/14\/teatro-en-15-minutos-presenta-temporada-de-marzo-inspirada-en-mujeres-ilustres-puertorriquenas\/","title":{"rendered":"Teatro en 15 minutos presenta temporada de marzo inspirada en mujeres ilustres puertorrique\u00f1as"},"content":{"rendered":"<div>\n<p>El alcalde de la ciudad capital, <a href=\"https:\/\/www.elnuevodia.com\/autor\/miguel-romero\/\" target=\"_self\" rel title=\"https:\/\/www.elnuevodia.com\/autor\/miguel-romero\/\"><b>Miguel A. Romero Lugo<\/b><\/a>, anunci\u00f3 la presentaci\u00f3n de la temporada de marzo de <b>Teatro en 15 minutos<\/b>, una programaci\u00f3n teatral inspirada en <b>mujeres ilustres puertorrique\u00f1as <\/b>que se llevar\u00e1 a cabo desde el <b>jueves, 5 de marzo hasta el domingo, 29 de marzo<\/b>. La iniciativa re\u00fane diversas producciones teatrales que destacan la vida, el legado y las luchas de mujeres puertorrique\u00f1as que marcaron la historia desde distintos espacios sociales, culturales y pol\u00edticos.<\/p>\n<p>\u201cReconocer el legado de mujeres puertorrique\u00f1as que marcaron nuestra historia tambi\u00e9n es una forma de fortalecer nuestra identidad cultural. <b>Desde la ciudad capital continuamos respaldando iniciativas como Teatro en 15 minutos que permiten acercar el teatro a nuevas audiencias y ofrecer una programaci\u00f3n cultural diversa para el disfrute del p\u00fablico\u201d<\/b>, expres\u00f3 Romero Lugo.<\/p>\n<p>La programaci\u00f3n de esta temporada incluye diversas producciones teatrales que exploran distintas figuras hist\u00f3ricas y perspectivas art\u00edsticas. Entre las obras en cartelera se encuentran <b>\u201cDe nadie, solo m\u00eda\u201d<\/b>, un mon\u00f3logo construido a partir de textos de mujeres puertorrique\u00f1as que utilizaron la palabra como acto de liberaci\u00f3n; <b>\u201cEl \u00faltimo comp\u00e1s: una historia inconclusa\u201d<\/b>, que narra la historia de la pianista puertorrique\u00f1a Ana Otero Hern\u00e1ndez; y <b>\u201cLa maestra del pueblo\u201d<\/b>, obra que presenta la lucha de Celestina Cordero por defender el derecho a la educaci\u00f3n en una sociedad marcada por el machismo, racismo y clasismo.<\/p>\n<p>Asimismo, la temporada incluye <b>\u201cAgujas y leyes\u201d<\/b>, inspirada en la vida de Mar\u00eda Luisa Arcelay; \u201cLolisima\u201d, obra que explora la vida de la poeta y patriota Lola Rodr\u00edguez de Ti\u00f3; y <b>\u201cMi cena con Luisa Capetillo\u201d<\/b>, que presenta un intercambio de ideas en torno a las luchas sociales y el derecho al voto femenino.<\/p>\n<p><b>\u201cEsta temporada busca destacar la vida y las aportaciones de mujeres que dejaron una huella importante en la historia de Puerto Rico. A trav\u00e9s del teatro podemos conectar con esas historias y abrir espacios de reflexi\u00f3n para el p\u00fablico desde una perspectiva art\u00edstica\u201d,<\/b> expres\u00f3 V\u00edctor Rivera Flores, director del Departamento de Arte y Cultura de San Juan.<\/p>\n<p>Las presentaciones se llevar\u00e1n a cabo en la Casa Cultural, ubicada en la Calle San Sebasti\u00e1n #111 en el Viejo San Juan, en el siguiente horario:<\/p>\n<div>\n<ul>\n<li>Jueves a s\u00e1bado: 6:00 p.m. \u2013 10:00 p.m.<\/li>\n<li>Domingo: 1:00 p.m. \u2013 5:00 p.m.<\/li>\n<\/ul>\n<\/div>\n<p>La temporada de marzo forma parte de la programaci\u00f3n de Teatro en 15 minutos, una plataforma que re\u00fane diversas producciones teatrales en salas del <a href=\"https:\/\/www.elnuevodia.com\/topicos\/viejo-san-juan\/\" target=\"_self\" rel title=\"https:\/\/www.elnuevodia.com\/topicos\/viejo-san-juan\/\"><b>Viejo San Juan<\/b><\/a> y que contin\u00faa fortaleciendo las artes esc\u00e9nicas en la ciudad capital.<\/p>\n<\/div>\n\n    <div class=\"xs_social_share_widget xs_share_url after_content \t\tmain_content  wslu-style-1 wslu-share-box-shaped wslu-fill-colored wslu-none wslu-share-horizontal wslu-theme-font-no wslu-main_content\">\n\n\t\t\n        <ul>\n\t\t\t        <\/ul>\n    <\/div> \n","protected":false},"excerpt":{"rendered":"<p>El alcalde de la ciudad capital, Miguel A. Romero Lugo , anunci\u00f3 la presentaci\u00f3n de la temporada de marzo de Teatro en 15 minutos, una programaci\u00f3n teatral inspirada en mujeres ilustres puertorrique\u00f1as que se llevar\u00e1 a cabo desde el jueves, 5 de marzo hasta el domingo, 29 de marzo. La iniciativa re\u00fane diversas producciones teatrales<\/p>\n","protected":false},"author":2,"featured_media":21678,"comment_status":"open","ping_status":"open","sticky":false,"template":"","format":"standard","meta":{"om_disable_all_campaigns":false,"_monsterinsights_skip_tracking":false,"_monsterinsights_sitenote_active":false,"_monsterinsights_sitenote_note":"","_monsterinsights_sitenote_category":0,"footnotes":""},"categories":[47],"tags":[],"class_list":["post-21677","post","type-post","status-publish","format-standard","has-post-thumbnail","hentry","category-farandula"],"aioseo_notices":[],"_links":{"self":[{"href":"https:\/\/aleeknews.com\/4l33k5\/wp-json\/wp\/v2\/posts\/21677","targetHints":{"allow":["GET"]}}],"collection":[{"href":"https:\/\/aleeknews.com\/4l33k5\/wp-json\/wp\/v2\/posts"}],"about":[{"href":"https:\/\/aleeknews.com\/4l33k5\/wp-json\/wp\/v2\/types\/post"}],"author":[{"embeddable":true,"href":"https:\/\/aleeknews.com\/4l33k5\/wp-json\/wp\/v2\/users\/2"}],"replies":[{"embeddable":true,"href":"https:\/\/aleeknews.com\/4l33k5\/wp-json\/wp\/v2\/comments?post=21677"}],"version-history":[{"count":0,"href":"https:\/\/aleeknews.com\/4l33k5\/wp-json\/wp\/v2\/posts\/21677\/revisions"}],"wp:featuredmedia":[{"embeddable":true,"href":"https:\/\/aleeknews.com\/4l33k5\/wp-json\/wp\/v2\/media\/21678"}],"wp:attachment":[{"href":"https:\/\/aleeknews.com\/4l33k5\/wp-json\/wp\/v2\/media?parent=21677"}],"wp:term":[{"taxonomy":"category","embeddable":true,"href":"https:\/\/aleeknews.com\/4l33k5\/wp-json\/wp\/v2\/categories?post=21677"},{"taxonomy":"post_tag","embeddable":true,"href":"https:\/\/aleeknews.com\/4l33k5\/wp-json\/wp\/v2\/tags?post=21677"}],"curies":[{"name":"wp","href":"https:\/\/api.w.org\/{rel}","templated":true}]}}