{"id":21671,"date":"2026-03-14T00:44:38","date_gmt":"2026-03-14T04:44:38","guid":{"rendered":"https:\/\/aleeknews.com\/4l33k5\/2026\/03\/14\/experiencias-de-sanacion-integral-en-la-segunda-edicion-de-la-convencion-holistica\/"},"modified":"2026-03-14T00:44:38","modified_gmt":"2026-03-14T04:44:38","slug":"experiencias-de-sanacion-integral-en-la-segunda-edicion-de-la-convencion-holistica","status":"publish","type":"post","link":"https:\/\/aleeknews.com\/4l33k5\/2026\/03\/14\/experiencias-de-sanacion-integral-en-la-segunda-edicion-de-la-convencion-holistica\/","title":{"rendered":"Experiencias de sanaci\u00f3n integral en la segunda edici\u00f3n de la Convenci\u00f3n Hol\u00edstica"},"content":{"rendered":"<div>\n<p>Educar, inspirar y abrir espacios de di\u00e1logo sobre las diversas alternativas de <a href=\"https:\/\/www.elnuevodia.com\/estilos-de-vida\/bienestar\/\" target=\"_blank\" rel=\"noreferrer\" title=\"https:\/\/www.elnuevodia.com\/estilos-de-vida\/bienestar\/\"><b>bienestar<\/b><\/a> que integran mente, cuerpo y esp\u00edritu, es lo que busca la Convenci\u00f3n Hol\u00edstica de Puerto Rico, que regresa este a\u00f1o con su segunda edici\u00f3n. <\/p>\n<p>Durante dos d\u00edas, el p\u00fablico tendr\u00e1 la oportunidad de conocer y experimentar una amplia variedad de terapias, productos y conferencias enfocadas en el desarrollo personal y de salud integral. La invitaci\u00f3n es para los d\u00edas <b>s\u00e1bado, 13 y domingo, 14 de junio en el Fairmont El San Juan Hotel de Isla Verde.<\/b><\/p>\n<p>La iniciativa surge del deseo de su creadora, Ana Merced, de desestigmatizar los servicios hol\u00edsticos y acercarlos al p\u00fablico desde una perspectiva educativa y accesible. <\/p>\n<p>Su primera edici\u00f3n, exitosamente reuni\u00f3 a m\u00e1s de mil personas en un solo d\u00eda, lo que reflej\u00f3 el creciente inter\u00e9s que existe en la isla de explorar herramientas que complementen sus servicios para el cuidado de la salud. Esto dio paso a extender el evento a dos d\u00edas cargados de experiencias.<\/p>\n<p><b>\u201cCuando hablamos de sanaci\u00f3n hol\u00edstica estamos hablando de ir m\u00e1s all\u00e1 de nuestros s\u00edntomas; es comprender lo que sucede en nuestro cuerpo. <\/b>Por eso, la educaci\u00f3n es la clave para eliminar los estigmas alrededor de los servicios hol\u00edsticos. Cuando las personas tienen la oportunidad de conocer y experimentar estas pr\u00e1cticas, pueden entender mejor su prop\u00f3sito y beneficios\u201d, expres\u00f3 Merced en declaraciones escritas, quien tambi\u00e9n es productora del evento.<\/p>\n<p><b>En esta segunda edici\u00f3n, la convenci\u00f3n contar\u00e1 con m\u00e1s de 60 exhibidores, incluyendo profesionales de diversas disciplinas como psicolog\u00eda, hipnosis cl\u00ednica, programaci\u00f3n neuroling\u00fc\u00edstica, medicina interna, quiropr\u00e1ctica, acupuntura y terapias energ\u00e9ticas. <\/b><\/p>\n<p>Adem\u00e1s, se inform\u00f3 que los asistentes podr\u00e1n explorar tecnolog\u00edas para el an\u00e1lisis del aura y centros energ\u00e9ticos, as\u00ed como productos conscientes como aromaterapia, suplementos, joyer\u00eda en cuarzo, cremas artesanales y alternativas gastron\u00f3micas veganas para el bienestar.<\/p>\n<p>El evento tambi\u00e9n ofrecer\u00e1 conferencias educativas, clases interactivas y experiencias pr\u00e1cticas, lo que permitir\u00e1 que los asistentes no solo aprendan sobre diferentes enfoques de sanaci\u00f3n, sino que tambi\u00e9n puedan experimentarlos directamente.<\/p>\n<p><b>\u201cLas personas pueden pasar por los exhibidores y regresar a aquellos que les resuenen o llamen la atenci\u00f3n. El p\u00fablico podr\u00e1 agendar los servicios para recibirlos all\u00ed mismo, conforme a las disposiciones de los recursos.<\/b> Tambi\u00e9n podr\u00e1n adquirir productos especializados creando una experiencia personalizada seg\u00fan sus intereses y necesidades\u201d, a\u00f1adi\u00f3 la productora.<\/p>\n<p>Uno de los momentos m\u00e1s esperados ser\u00e1 el primer<b> Sound Healing Jam en Puerto Rico<\/b>, una experiencia colectiva de sanaci\u00f3n a trav\u00e9s del sonido que reunir\u00e1 a varios terapistas especializados.<\/p>\n<p>Entre los invitados internacionales se encuentra <b>Douglas Bernal<\/b>, terapista hol\u00edstico, tarotista y graf\u00f3logo radicado en Miami, quien ofrecer\u00e1 presentaciones y experiencias para el p\u00fablico. Adem\u00e1s, se integrar\u00e1n conferencias sobre constelaciones familiares y talleres de movimiento som\u00e1tico, dise\u00f1ados para promover el autoconocimiento y la conexi\u00f3n con el bienestar integral.<\/p>\n<p><b>\u201cLa sanaci\u00f3n no es una f\u00f3rmula \u00fanica para todos. Cada persona encuentra lo que le resuena energ\u00e9ticamente en el momento adecuado, y este evento busca ofrecer ese espacio de descubrimiento\u201d<\/b>, a\u00f1adi\u00f3 Merced.<\/p>\n<p>Debido a la naturaleza de las experiencias y la capacidad del evento, el cupo estar\u00e1 limitado, por lo que los organizadores recomiendan adquirir los boletos con anticipaci\u00f3n. <\/p>\n<p>Para informaci\u00f3n detallada de la agenda y para comprar boletos, pueden visitar la p\u00e1gina oficial www.convencionholisticapr.com.<\/p>\n<\/div>\n\n    <div class=\"xs_social_share_widget xs_share_url after_content \t\tmain_content  wslu-style-1 wslu-share-box-shaped wslu-fill-colored wslu-none wslu-share-horizontal wslu-theme-font-no wslu-main_content\">\n\n\t\t\n        <ul>\n\t\t\t        <\/ul>\n    <\/div> \n","protected":false},"excerpt":{"rendered":"<p>Educar, inspirar y abrir espacios de di\u00e1logo sobre las diversas alternativas de bienestar que integran mente, cuerpo y esp\u00edritu, es lo que busca la Convenci\u00f3n Hol\u00edstica de Puerto Rico, que regresa este a\u00f1o con su segunda edici\u00f3n. Durante dos d\u00edas, el p\u00fablico tendr\u00e1 la oportunidad de conocer y experimentar una amplia variedad de terapias, productos<\/p>\n","protected":false},"author":2,"featured_media":21672,"comment_status":"open","ping_status":"open","sticky":false,"template":"","format":"standard","meta":{"om_disable_all_campaigns":false,"_monsterinsights_skip_tracking":false,"_monsterinsights_sitenote_active":false,"_monsterinsights_sitenote_note":"","_monsterinsights_sitenote_category":0,"footnotes":""},"categories":[38],"tags":[],"class_list":["post-21671","post","type-post","status-publish","format-standard","has-post-thumbnail","hentry","category-estilo-de-vida"],"aioseo_notices":[],"_links":{"self":[{"href":"https:\/\/aleeknews.com\/4l33k5\/wp-json\/wp\/v2\/posts\/21671","targetHints":{"allow":["GET"]}}],"collection":[{"href":"https:\/\/aleeknews.com\/4l33k5\/wp-json\/wp\/v2\/posts"}],"about":[{"href":"https:\/\/aleeknews.com\/4l33k5\/wp-json\/wp\/v2\/types\/post"}],"author":[{"embeddable":true,"href":"https:\/\/aleeknews.com\/4l33k5\/wp-json\/wp\/v2\/users\/2"}],"replies":[{"embeddable":true,"href":"https:\/\/aleeknews.com\/4l33k5\/wp-json\/wp\/v2\/comments?post=21671"}],"version-history":[{"count":0,"href":"https:\/\/aleeknews.com\/4l33k5\/wp-json\/wp\/v2\/posts\/21671\/revisions"}],"wp:featuredmedia":[{"embeddable":true,"href":"https:\/\/aleeknews.com\/4l33k5\/wp-json\/wp\/v2\/media\/21672"}],"wp:attachment":[{"href":"https:\/\/aleeknews.com\/4l33k5\/wp-json\/wp\/v2\/media?parent=21671"}],"wp:term":[{"taxonomy":"category","embeddable":true,"href":"https:\/\/aleeknews.com\/4l33k5\/wp-json\/wp\/v2\/categories?post=21671"},{"taxonomy":"post_tag","embeddable":true,"href":"https:\/\/aleeknews.com\/4l33k5\/wp-json\/wp\/v2\/tags?post=21671"}],"curies":[{"name":"wp","href":"https:\/\/api.w.org\/{rel}","templated":true}]}}