{"id":21656,"date":"2026-03-13T21:52:30","date_gmt":"2026-03-14T01:52:30","guid":{"rendered":"https:\/\/aleeknews.com\/4l33k5\/2026\/03\/13\/almodovar-y-ramirez-fort-radican-su-apelacion-la-determinacion-del-comite-evaluador-del-pnp-2\/"},"modified":"2026-03-13T21:52:30","modified_gmt":"2026-03-14T01:52:30","slug":"almodovar-y-ramirez-fort-radican-su-apelacion-la-determinacion-del-comite-evaluador-del-pnp-2","status":"publish","type":"post","link":"https:\/\/aleeknews.com\/4l33k5\/2026\/03\/13\/almodovar-y-ramirez-fort-radican-su-apelacion-la-determinacion-del-comite-evaluador-del-pnp-2\/","title":{"rendered":"Almod\u00f3var y Ram\u00edrez Fort radican su apelaci\u00f3n la determinaci\u00f3n del comit\u00e9 evaluador del PNP"},"content":{"rendered":"<div>\n<div data-fusion-lazy-id=\"f0fQYcNoHQKSGL\">\n<div class>\n<p><a href=\"https:\/\/thetrustproject.org\/\"><img decoding=\"async\" src=\"https:\/\/www.elnuevodia.com\/pf\/resources\/v2\/icons\/trust-icon.svg?d=223\"><\/a><\/p>\n<div>\n<p>Se adhiere a los criterios de The Trust Project<\/p>\n<\/div>\n<\/div>\n<div>\n<h2>Esta ma\u00f1ana, Edward O\u2019Neill, Ricardo \u201cRicky\u201d Aponte, Luis \u201cPipe\u201d Abreu y Dana Mir\u00f3 fueron certificados como candidatos a la alcald\u00eda de Guaynabo<\/h2>\n<div>\n<p>24 de diciembre de 2021 &#8211; 12:03 PM<\/p>\n<\/div>\n<div>\n<p><b>Archivo<\/b><\/p>\n<p>Esta historia fue publicada hace m\u00e1s de 4 a\u00f1os.<\/p>\n<\/div>\n<\/div>\n<\/div>\n<div data-fusion-lazy-id=\"f0fIYaQF9GLV14D\">\n<div><picture><source media=\"(max-width: 375px)\" ><source media=\"(max-width: 767px)\" ><source media=\"(max-width: 1023px)\" ><source ><\/picture><figcaption>Vest\u00edbulo de la Alcald\u00eda de Guaynabo en la ma\u00f1ana del 9 de diciembre de 2021, horas despu\u00e9s del arresto del ahora exalcalde \u00c1ngel P\u00e9rez. <span>(tonito.zayas@gfmedia.com)<\/span><\/figcaption><\/div>\n<div>\n<p>Los dos precandidatos a la alcald\u00eda de <a href=\"https:\/\/www.elnuevodia.com\/topicos\/guaynabo\/\" target=\"_blank\">Guaynabo<\/a> descalificados ayer por el Comit\u00e9 Evaluador de Candidatos del <a href=\"https:\/\/www.elnuevodia.com\/topicos\/pnp\/\" target=\"_blank\">Partido Nuevo Progresista <\/a>(PNP), <b>Samuel Almod\u00f3var <\/b>y<b> Marigdalia Ram\u00edrez Fort<\/b>, radicaron esta tarde su apelaci\u00f3n el ese organismo de la colectividad.<\/p>\n<\/div>\n<\/div>\n<section>\n<header><span>Popular en la Comunidad<\/span><\/header>\n<\/section>\n<\/div>\n\n    <div class=\"xs_social_share_widget xs_share_url after_content \t\tmain_content  wslu-style-1 wslu-share-box-shaped wslu-fill-colored wslu-none wslu-share-horizontal wslu-theme-font-no wslu-main_content\">\n\n\t\t\n        <ul>\n\t\t\t        <\/ul>\n    <\/div> \n","protected":false},"excerpt":{"rendered":"<p>Se adhiere a los criterios de The Trust Project Esta ma\u00f1ana, Edward O\u2019Neill, Ricardo \u201cRicky\u201d Aponte, Luis \u201cPipe\u201d Abreu y Dana Mir\u00f3 fueron certificados como candidatos a la alcald\u00eda de Guaynabo 24 de diciembre de 2021 &#8211; 12:03 PM Archivo Esta historia fue publicada hace m\u00e1s de 4 a\u00f1os. Vest\u00edbulo de la Alcald\u00eda de Guaynabo<\/p>\n","protected":false},"author":2,"featured_media":21652,"comment_status":"open","ping_status":"open","sticky":false,"template":"","format":"standard","meta":{"om_disable_all_campaigns":false,"_monsterinsights_skip_tracking":false,"_monsterinsights_sitenote_active":false,"_monsterinsights_sitenote_note":"","_monsterinsights_sitenote_category":0,"footnotes":""},"categories":[6],"tags":[],"class_list":["post-21656","post","type-post","status-publish","format-standard","has-post-thumbnail","hentry","category-politica"],"aioseo_notices":[],"_links":{"self":[{"href":"https:\/\/aleeknews.com\/4l33k5\/wp-json\/wp\/v2\/posts\/21656","targetHints":{"allow":["GET"]}}],"collection":[{"href":"https:\/\/aleeknews.com\/4l33k5\/wp-json\/wp\/v2\/posts"}],"about":[{"href":"https:\/\/aleeknews.com\/4l33k5\/wp-json\/wp\/v2\/types\/post"}],"author":[{"embeddable":true,"href":"https:\/\/aleeknews.com\/4l33k5\/wp-json\/wp\/v2\/users\/2"}],"replies":[{"embeddable":true,"href":"https:\/\/aleeknews.com\/4l33k5\/wp-json\/wp\/v2\/comments?post=21656"}],"version-history":[{"count":0,"href":"https:\/\/aleeknews.com\/4l33k5\/wp-json\/wp\/v2\/posts\/21656\/revisions"}],"wp:featuredmedia":[{"embeddable":true,"href":"https:\/\/aleeknews.com\/4l33k5\/wp-json\/wp\/v2\/media\/21652"}],"wp:attachment":[{"href":"https:\/\/aleeknews.com\/4l33k5\/wp-json\/wp\/v2\/media?parent=21656"}],"wp:term":[{"taxonomy":"category","embeddable":true,"href":"https:\/\/aleeknews.com\/4l33k5\/wp-json\/wp\/v2\/categories?post=21656"},{"taxonomy":"post_tag","embeddable":true,"href":"https:\/\/aleeknews.com\/4l33k5\/wp-json\/wp\/v2\/tags?post=21656"}],"curies":[{"name":"wp","href":"https:\/\/api.w.org\/{rel}","templated":true}]}}