{"id":21644,"date":"2026-03-13T21:52:38","date_gmt":"2026-03-14T01:52:38","guid":{"rendered":"https:\/\/aleeknews.com\/4l33k5\/2026\/03\/13\/alcaldes-federados-escogen-por-unanimidad-al-ejecutivo-municipal-de-camuy-como-su-presidente\/"},"modified":"2026-03-13T21:52:38","modified_gmt":"2026-03-14T01:52:38","slug":"alcaldes-federados-escogen-por-unanimidad-al-ejecutivo-municipal-de-camuy-como-su-presidente","status":"publish","type":"post","link":"https:\/\/aleeknews.com\/4l33k5\/2026\/03\/13\/alcaldes-federados-escogen-por-unanimidad-al-ejecutivo-municipal-de-camuy-como-su-presidente\/","title":{"rendered":"Alcaldes federados escogen por unanimidad al ejecutivo municipal de Camuy como su presidente"},"content":{"rendered":"<div>\n<div data-fusion-lazy-id=\"f0fQYcNoHQKSGL\">\n<div class>\n<p><a href=\"https:\/\/thetrustproject.org\/\"><img decoding=\"async\" src=\"https:\/\/www.elnuevodia.com\/pf\/resources\/v2\/icons\/trust-icon.svg?d=223\"><\/a><\/p>\n<div>\n<p>Se adhiere a los criterios de The Trust Project<\/p>\n<\/div>\n<\/div>\n<div>\n<h2>Gabriel Hern\u00e1ndez asume el cargo tras la salida de \u00c1ngel P\u00e9rez, quien fue arrestado por corrupci\u00f3n, pero queda la duda de por qu\u00e9 se permiti\u00f3 la entrada de Oscar Santamar\u00eda a las reuniones <\/h2>\n<div>\n<p>12 de diciembre de 2021 &#8211; 3:28 PM<\/p>\n<\/div>\n<div>\n<p><b>Archivo<\/b><\/p>\n<p>Esta historia fue publicada hace m\u00e1s de 4 a\u00f1os.<\/p>\n<\/div>\n<\/div>\n<\/div>\n<div data-fusion-lazy-id=\"f0fIYaQF9GLV14D\">\n<div>\n<p><img decoding=\"async\" alt=\"Gloria Ruiz Kuilan\" src=\"https:\/\/www.elnuevodia.com\/resizer\/v2\/https%3A%2F%2Fs3.amazonaws.com%2Farc-authors%2Fgfrmedia%2F925327e5-c9a0-44f0-bf04-5766e967ada3.png?auth=e63b4c823fe7418710fcdcf77083171834109ee025f72499ef8f9bf308070210&#038;quality=75&#038;smart=true&#038;width=170&#038;height=147\"><\/p>\n<\/div>\n<div>\n<p>La matr\u00edcula de la<a href=\"https:\/\/www.elnuevodia.com\/topicos\/federacion-de-alcaldes\/\" target=\"_blank\"> Federaci\u00f3n de Alcaldes<\/a> seleccion\u00f3 hoy, domingo, por unanimidad al alcalde de Camuy, <b>Gabriel Hern\u00e1ndez,<\/b> como el nuevo presidente de ese organismo.<\/p>\n<\/div>\n<\/div>\n<section>\n<header><span>Popular en la Comunidad<\/span><\/header>\n<\/section>\n<\/div>\n\n    <div class=\"xs_social_share_widget xs_share_url after_content \t\tmain_content  wslu-style-1 wslu-share-box-shaped wslu-fill-colored wslu-none wslu-share-horizontal wslu-theme-font-no wslu-main_content\">\n\n\t\t\n        <ul>\n\t\t\t        <\/ul>\n    <\/div> \n","protected":false},"excerpt":{"rendered":"<p>Se adhiere a los criterios de The Trust Project Gabriel Hern\u00e1ndez asume el cargo tras la salida de \u00c1ngel P\u00e9rez, quien fue arrestado por corrupci\u00f3n, pero queda la duda de por qu\u00e9 se permiti\u00f3 la entrada de Oscar Santamar\u00eda a las reuniones 12 de diciembre de 2021 &#8211; 3:28 PM Archivo Esta historia fue publicada<\/p>\n","protected":false},"author":2,"featured_media":21645,"comment_status":"open","ping_status":"open","sticky":false,"template":"","format":"standard","meta":{"om_disable_all_campaigns":false,"_monsterinsights_skip_tracking":false,"_monsterinsights_sitenote_active":false,"_monsterinsights_sitenote_note":"","_monsterinsights_sitenote_category":0,"footnotes":""},"categories":[6],"tags":[],"class_list":["post-21644","post","type-post","status-publish","format-standard","has-post-thumbnail","hentry","category-politica"],"aioseo_notices":[],"_links":{"self":[{"href":"https:\/\/aleeknews.com\/4l33k5\/wp-json\/wp\/v2\/posts\/21644","targetHints":{"allow":["GET"]}}],"collection":[{"href":"https:\/\/aleeknews.com\/4l33k5\/wp-json\/wp\/v2\/posts"}],"about":[{"href":"https:\/\/aleeknews.com\/4l33k5\/wp-json\/wp\/v2\/types\/post"}],"author":[{"embeddable":true,"href":"https:\/\/aleeknews.com\/4l33k5\/wp-json\/wp\/v2\/users\/2"}],"replies":[{"embeddable":true,"href":"https:\/\/aleeknews.com\/4l33k5\/wp-json\/wp\/v2\/comments?post=21644"}],"version-history":[{"count":0,"href":"https:\/\/aleeknews.com\/4l33k5\/wp-json\/wp\/v2\/posts\/21644\/revisions"}],"wp:featuredmedia":[{"embeddable":true,"href":"https:\/\/aleeknews.com\/4l33k5\/wp-json\/wp\/v2\/media\/21645"}],"wp:attachment":[{"href":"https:\/\/aleeknews.com\/4l33k5\/wp-json\/wp\/v2\/media?parent=21644"}],"wp:term":[{"taxonomy":"category","embeddable":true,"href":"https:\/\/aleeknews.com\/4l33k5\/wp-json\/wp\/v2\/categories?post=21644"},{"taxonomy":"post_tag","embeddable":true,"href":"https:\/\/aleeknews.com\/4l33k5\/wp-json\/wp\/v2\/tags?post=21644"}],"curies":[{"name":"wp","href":"https:\/\/api.w.org\/{rel}","templated":true}]}}