{"id":21640,"date":"2026-03-13T21:45:30","date_gmt":"2026-03-14T01:45:30","guid":{"rendered":"https:\/\/aleeknews.com\/4l33k5\/2026\/03\/13\/donald-trump-ve-la-guerra-practicamente-terminada-y-dice-que-medita-tomar-el-estrecho-de-ormuz\/"},"modified":"2026-03-13T21:45:30","modified_gmt":"2026-03-14T01:45:30","slug":"donald-trump-ve-la-guerra-practicamente-terminada-y-dice-que-medita-tomar-el-estrecho-de-ormuz","status":"publish","type":"post","link":"https:\/\/aleeknews.com\/4l33k5\/2026\/03\/13\/donald-trump-ve-la-guerra-practicamente-terminada-y-dice-que-medita-tomar-el-estrecho-de-ormuz\/","title":{"rendered":"Donald Trump ve la guerra \u201cpr\u00e1cticamente terminada\u201d y dice que medita tomar el estrecho de Ormuz"},"content":{"rendered":"<div>\n<p>Washington &#8211; El presidente de EE.UU., <a href=\"https:\/\/www.elnuevodia.com\/topicos\/donald-trump\/\" target=\"_self\" rel title=\"https:\/\/www.elnuevodia.com\/topicos\/donald-trump\/\"><b>Donald Trump<\/b><\/a>, ha asegurado este lunes en una entrevista con la cadena CBS News que la guerra con Ir\u00e1n est\u00e1 \u201cpr\u00e1cticamente terminada\u201d y que est\u00e1 considerando \u201ctomar el control\u201d del estrecho de Ormuz, por el que afirma que ya est\u00e1n transitando buques.<\/p>\n<p><b>\u201cCreo que la guerra est\u00e1 pr\u00e1cticamente terminada\u201d<\/b>, declar\u00f3 Trump en una llamada telef\u00f3nica con la cadena en la que asegur\u00f3 que Washington e Israel van \u201cmuy adelantados con respecto a los plazos (previstos para la operaci\u00f3n Furia \u00c9pica)\u201d y que Teher\u00e1n \u201cno tiene armada, ni comunicaciones, ni fuerza a\u00e9rea\u201d.<\/p>\n<p>\u201cSus misiles est\u00e1n dispersos. Sus drones est\u00e1n siendo destruidos por todas partes, incluyendo su fabricaci\u00f3n de drones\u201d, asever\u00f3 el republicano, que originalmente habl\u00f3 de que la campa\u00f1a contra Ir\u00e1n podr\u00eda durar unas 4-5 semanas.<\/p>\n<div>\n<p><b>1 \/ 13 | <\/b><span> Dos semanas de guerra: as\u00ed se ven Ir\u00e1n, Israel y el L\u00edbano . Un hombre sostiene un cartel del ayatol\u00e1 Mojtaba Jamenei, sucesor de su difunto padre, el ayatol\u00e1 Ali Jamenei, como l\u00edder supremo, durante una concentraci\u00f3n en su apoyo en Teher\u00e1n, Ir\u00e1n, el lunes 9 de marzo de 2026. (AP Photo\/Vahid Salemi)<\/span><i> &#8211; Vahid Salemi<\/i><\/p>\n<\/div>\n<p>En la misma llamada el presidente estadounidense tambi\u00e9n afirm\u00f3 que el estrecho de Ormuz ya est\u00e1 abierto y que hay barcos cruz\u00e1ndolo, pero a\u00f1adi\u00f3 que est\u00e1 \u201cconsiderando tomar el control\u201d de este paso mar\u00edtimo vital para la econom\u00eda global.<\/p>\n<p><b>Ormuz, donde el tr\u00e1fico mercante ha quedado pr\u00e1cticamente paralizado por la guerra, es la \u00fanica manera de salir el golfo P\u00e9rsico para alcanzar el oc\u00e9ano \u00cdndico y por all\u00ed circula el 20 % del crudo mundial y tambi\u00e9n importantes partidas de gas natural licuado (LNG).<\/b><\/p>\n<p>La publicaci\u00f3n de la entrevista de Trump ha sacudido los mercados, con el barril de crudo de Texas cayendo en cuesti\u00f3n de minutos desde los 115 d\u00f3lares hasta los 85 y el Dow Jones de Industriales cerrando con una subida de medio punto porcentual tras transitar toda la jornada por terreno negativo.<\/p>\n<p>Al ser preguntado por<a href=\"https:\/\/www.elnuevodia.com\/noticias\/mundo\/notas\/nombran-a-mojtaba-jamenei-hijo-del-fallecido-lider-supremo-de-iran-como-su-sucesor\/\" target=\"_self\" rel title=\"https:\/\/www.elnuevodia.com\/noticias\/mundo\/notas\/nombran-a-mojtaba-jamenei-hijo-del-fallecido-lider-supremo-de-iran-como-su-sucesor\/\"> el nombramiento de <b>Mojtaba Jamene\u00ed<\/b> <\/a>como nuevo l\u00edder supremo de Ir\u00e1n, Trump dijo a su vez que no tiene \u201cning\u00fan mensaje para \u00e9l. Ninguno, en absoluto\u201d.<\/p>\n<div>\n<p><b>1 \/ 6 | <\/b><span> \u00bfQui\u00e9n es Mojtaba Jamene\u00ed, el nuevo l\u00edder supremo de Ir\u00e1n? . Nacido en la disidencia, tras a\u00f1os de operar entre bastidores y mantener un bajo perfil p\u00fablico, Mojtaba Jamene\u00ed emerge de entre las sombras para convertirse en el nuevo l\u00edder supremo de la Rep\u00fablica Isl\u00e1mica de Ir\u00e1n, cargo que hereda de su padre.<\/span><i> &#8211; The Associated Press<\/i><\/p>\n<\/div>\n<p>Trump, que hab\u00eda considerado que el nombramiento del hijo de Al\u00ed Jamene\u00ed (fallecido en los primeros ataques de EE.UU. e Israel sobre Ir\u00e1n el pasado 28 de febrero) como nuevo jefe de estado era inaceptable, a\u00f1adi\u00f3 tambi\u00e9n en la entrevista que tiene en mente a otra persona para dirigir el pa\u00eds, aunque no a\u00f1adi\u00f3 m\u00e1s detalles. <\/p>\n<\/div>\n\n    <div class=\"xs_social_share_widget xs_share_url after_content \t\tmain_content  wslu-style-1 wslu-share-box-shaped wslu-fill-colored wslu-none wslu-share-horizontal wslu-theme-font-no wslu-main_content\">\n\n\t\t\n        <ul>\n\t\t\t        <\/ul>\n    <\/div> \n","protected":false},"excerpt":{"rendered":"<p>Washington &#8211; El presidente de EE.UU., Donald Trump , ha asegurado este lunes en una entrevista con la cadena CBS News que la guerra con Ir\u00e1n est\u00e1 \u201cpr\u00e1cticamente terminada\u201d y que est\u00e1 considerando \u201ctomar el control\u201d del estrecho de Ormuz, por el que afirma que ya est\u00e1n transitando buques. \u201cCreo que la guerra est\u00e1 pr\u00e1cticamente<\/p>\n","protected":false},"author":2,"featured_media":21641,"comment_status":"open","ping_status":"open","sticky":false,"template":"","format":"standard","meta":{"om_disable_all_campaigns":false,"_monsterinsights_skip_tracking":false,"_monsterinsights_sitenote_active":false,"_monsterinsights_sitenote_note":"","_monsterinsights_sitenote_category":0,"footnotes":""},"categories":[10],"tags":[],"class_list":["post-21640","post","type-post","status-publish","format-standard","has-post-thumbnail","hentry","category-mundo"],"aioseo_notices":[],"_links":{"self":[{"href":"https:\/\/aleeknews.com\/4l33k5\/wp-json\/wp\/v2\/posts\/21640","targetHints":{"allow":["GET"]}}],"collection":[{"href":"https:\/\/aleeknews.com\/4l33k5\/wp-json\/wp\/v2\/posts"}],"about":[{"href":"https:\/\/aleeknews.com\/4l33k5\/wp-json\/wp\/v2\/types\/post"}],"author":[{"embeddable":true,"href":"https:\/\/aleeknews.com\/4l33k5\/wp-json\/wp\/v2\/users\/2"}],"replies":[{"embeddable":true,"href":"https:\/\/aleeknews.com\/4l33k5\/wp-json\/wp\/v2\/comments?post=21640"}],"version-history":[{"count":0,"href":"https:\/\/aleeknews.com\/4l33k5\/wp-json\/wp\/v2\/posts\/21640\/revisions"}],"wp:featuredmedia":[{"embeddable":true,"href":"https:\/\/aleeknews.com\/4l33k5\/wp-json\/wp\/v2\/media\/21641"}],"wp:attachment":[{"href":"https:\/\/aleeknews.com\/4l33k5\/wp-json\/wp\/v2\/media?parent=21640"}],"wp:term":[{"taxonomy":"category","embeddable":true,"href":"https:\/\/aleeknews.com\/4l33k5\/wp-json\/wp\/v2\/categories?post=21640"},{"taxonomy":"post_tag","embeddable":true,"href":"https:\/\/aleeknews.com\/4l33k5\/wp-json\/wp\/v2\/tags?post=21640"}],"curies":[{"name":"wp","href":"https:\/\/api.w.org\/{rel}","templated":true}]}}