{"id":21633,"date":"2026-03-13T21:45:34","date_gmt":"2026-03-14T01:45:34","guid":{"rendered":"https:\/\/aleeknews.com\/4l33k5\/2026\/03\/13\/iran-califica-de-mentira-absoluta-que-tuviera-planeado-atacar-a-estados-unidos\/"},"modified":"2026-03-13T21:45:34","modified_gmt":"2026-03-14T01:45:34","slug":"iran-califica-de-mentira-absoluta-que-tuviera-planeado-atacar-a-estados-unidos","status":"publish","type":"post","link":"https:\/\/aleeknews.com\/4l33k5\/2026\/03\/13\/iran-califica-de-mentira-absoluta-que-tuviera-planeado-atacar-a-estados-unidos\/","title":{"rendered":"Ir\u00e1n califica de \u201cmentira absoluta\u201d que tuviera planeado atacar a Estados Unidos"},"content":{"rendered":"<div>\n<p>El ministro iran\u00ed de Exteriores, Abbas Araghchi, calific\u00f3 este martes de \u201cmentira absoluta\u201d las declaraciones de <a href=\"https:\/\/www.google.com\/goto?url=CAESbwFYJrphPk6XpSLR0iYmVhp0a5yFcU_rU-fg19HS8bCOKTUOYTpBXh0bXvEHL3zlpY1-UgP3B6OJuBC1ysN_cdZgFlTxBQPzG6OG5aUlt21QCFvJJR9yF2K14SKVREIu_DodYsoMj8xqpCpeOOyp5Q==\" target=\"_blank\" rel=\"noreferrer\" title=\"https:\/\/www.google.com\/goto?url=CAESbwFYJrphPk6XpSLR0iYmVhp0a5yFcU_rU-fg19HS8bCOKTUOYTpBXh0bXvEHL3zlpY1-UgP3B6OJuBC1ysN_cdZgFlTxBQPzG6OG5aUlt21QCFvJJR9yF2K14SKVREIu_DodYsoMj8xqpCpeOOyp5Q==\"><b>Estados Unidos<\/b><\/a> de que <a href=\"https:\/\/www.google.com\/goto?url=CAESZAFYJrph5OovMBdBJfGzs3IToc4zTIVkSCYARe3aCOC4VAEbF5vR0natwuPVKmybJP60QCF_OQPS8yzNl3Ft_QOlfKjinol_DRrHetv0B5fZAyhwwnd0yebKcxr7Xi3k4l8nzSc=\" target=\"_blank\" rel=\"noreferrer\" title=\"https:\/\/www.google.com\/goto?url=CAESZAFYJrph5OovMBdBJfGzs3IToc4zTIVkSCYARe3aCOC4VAEbF5vR0natwuPVKmybJP60QCF_OQPS8yzNl3Ft_QOlfKjinol_DRrHetv0B5fZAyhwwnd0yebKcxr7Xi3k4l8nzSc=\"><b>Ir\u00e1n<\/b><\/a> ten\u00eda programado atacar a sus tropas. <\/p>\n<p>\u201cLa afirmaci\u00f3n de que Ir\u00e1n planeaba atacar a Estados Unidos o a las Fuerzas Armadas de Estados Unidos de forma preventiva es una mentira aut\u00e9ntica y absoluta\u201d, dijo en un mensaje en su cuenta oficial de X. <\/p>\n<p><b>Araqchi asegur\u00f3 que \u201cel \u00fanico prop\u00f3sito de esa mentira es justificar la Operaci\u00f3n Error \u00c9pico, una desgracia orquestada por Israel y financiada por ciudadanos estadounidenses\u201d<\/b>, haciendo un juego de palabras para aludir a la denominada operaci\u00f3n \u201cFuria \u00c9pica\u201d. <\/p>\n<div data-oembed-type=\"twitter\">\n<blockquote>\n<div lang=\"en\" dir=\"ltr\">\n<p>The claim that Iran was planning on attacking the U.S. or U.S. Forces, whether preventively or preemptively, is a sheer and utter lie.<\/p>\n<p>The sole purpose of that lie is to justify Operation Epic Mistake, a misadventure engineered by Israel and paid for by ordinary Americans.<\/p>\n<\/div>\n<p>\u2014 Seyed Abbas Araghchi (@araghchi) <a href=\"https:\/\/twitter.com\/araghchi\/status\/2031460615898710092?ref_src=twsrc%5Etfw\">March 10, 2026<\/a><\/p><\/blockquote>\n<\/div>\n<p><a href=\"https:\/\/www.google.com\/goto?url=CAESbgFYJrphWQSMdqSOSK6V6AteeMaLPrvzbb9ucbkRqa44_8y4H1Yryt4oYCxy2_E37WNX3-CF0NhO5dOWgAxYf8AqGyPhkUiDG83MO4wHiJsPvxlU2-9iNaEc9JHO1Nfh8__jz22M6stBYKM6L1Gg\" target=\"_blank\" rel=\"noreferrer\" title=\"https:\/\/www.google.com\/goto?url=CAESbgFYJrphWQSMdqSOSK6V6AteeMaLPrvzbb9ucbkRqa44_8y4H1Yryt4oYCxy2_E37WNX3-CF0NhO5dOWgAxYf8AqGyPhkUiDG83MO4wHiJsPvxlU2-9iNaEc9JHO1Nfh8__jz22M6stBYKM6L1Gg\"><b>Washington<\/b><\/a> ha alegado, entre otras cosas, que decidi\u00f3 bombardear Ir\u00e1n junto a Israel pese a que estaban en conversaciones para evitar ataques de represalia de Teher\u00e1n contra sus tropas en la regi\u00f3n. <\/p>\n<p>Estados Unidos e <a href=\"https:\/\/www.google.com\/goto?url=CAESZgFYJrphTlEMSd5rQf0wM8oRrmYlaFN4wKzFvyMVvka67ZYwn2ddszphHf1PyX1u-UnSfNGhJQMYL1VLZ0-JxQGFdK3y937puyfRmYvomGmlUTbDG1XepguhChjPkXwFQF0jv9ANhw==\" target=\"_blank\" rel=\"noreferrer\" title=\"https:\/\/www.google.com\/goto?url=CAESZgFYJrphTlEMSd5rQf0wM8oRrmYlaFN4wKzFvyMVvka67ZYwn2ddszphHf1PyX1u-UnSfNGhJQMYL1VLZ0-JxQGFdK3y937puyfRmYvomGmlUTbDG1XepguhChjPkXwFQF0jv9ANhw==\"><b>Israel<\/b><\/a> intensificaron en esta jornada sus bombardeos contra el territorio iran\u00ed y <b>el secretario de Defensa estadounidense, <\/b><a href=\"https:\/\/www.google.com\/goto?url=CAESbAFYJrphVebsVHsKZaEksoyLGXgF8_1c5TlIREGQxxZClW-pTqGwh8I_iarP1VHCdrHjM1CdC4rofUVRbnAnkhqNT9MbiRFRTfND5cglpeaWtrORjDUOqDqlSlUNCGiwao9kutQvb3UiEe6X3Q==\" target=\"_blank\" rel=\"noreferrer\" title=\"https:\/\/www.google.com\/goto?url=CAESbAFYJrphVebsVHsKZaEksoyLGXgF8_1c5TlIREGQxxZClW-pTqGwh8I_iarP1VHCdrHjM1CdC4rofUVRbnAnkhqNT9MbiRFRTfND5cglpeaWtrORjDUOqDqlSlUNCGiwao9kutQvb3UiEe6X3Q==\"><b>Pete Hegseth<\/b><\/a><b>, afirm\u00f3 que emplearon \u201cla mayor cantidad de cazas y la mayor cantidad de bombarderos\u201d. <\/b><\/p>\n<p>Mientras Washington y Tel Aviv dicen que no quieren una guerra larga y que los iran\u00edes buscan dialogar, Teher\u00e1n niega tener intenci\u00f3n de entablar nuevas conversaciones y advierte que ser\u00e1 su pa\u00eds el que determine el fin del conflicto. <\/p>\n<\/div>\n\n    <div class=\"xs_social_share_widget xs_share_url after_content \t\tmain_content  wslu-style-1 wslu-share-box-shaped wslu-fill-colored wslu-none wslu-share-horizontal wslu-theme-font-no wslu-main_content\">\n\n\t\t\n        <ul>\n\t\t\t        <\/ul>\n    <\/div> \n","protected":false},"excerpt":{"rendered":"<p>El ministro iran\u00ed de Exteriores, Abbas Araghchi, calific\u00f3 este martes de \u201cmentira absoluta\u201d las declaraciones de Estados Unidos de que Ir\u00e1n ten\u00eda programado atacar a sus tropas. \u201cLa afirmaci\u00f3n de que Ir\u00e1n planeaba atacar a Estados Unidos o a las Fuerzas Armadas de Estados Unidos de forma preventiva es una mentira aut\u00e9ntica y absoluta\u201d, dijo<\/p>\n","protected":false},"author":2,"featured_media":21634,"comment_status":"open","ping_status":"open","sticky":false,"template":"","format":"standard","meta":{"om_disable_all_campaigns":false,"_monsterinsights_skip_tracking":false,"_monsterinsights_sitenote_active":false,"_monsterinsights_sitenote_note":"","_monsterinsights_sitenote_category":0,"footnotes":""},"categories":[10],"tags":[],"class_list":["post-21633","post","type-post","status-publish","format-standard","has-post-thumbnail","hentry","category-mundo"],"aioseo_notices":[],"_links":{"self":[{"href":"https:\/\/aleeknews.com\/4l33k5\/wp-json\/wp\/v2\/posts\/21633","targetHints":{"allow":["GET"]}}],"collection":[{"href":"https:\/\/aleeknews.com\/4l33k5\/wp-json\/wp\/v2\/posts"}],"about":[{"href":"https:\/\/aleeknews.com\/4l33k5\/wp-json\/wp\/v2\/types\/post"}],"author":[{"embeddable":true,"href":"https:\/\/aleeknews.com\/4l33k5\/wp-json\/wp\/v2\/users\/2"}],"replies":[{"embeddable":true,"href":"https:\/\/aleeknews.com\/4l33k5\/wp-json\/wp\/v2\/comments?post=21633"}],"version-history":[{"count":0,"href":"https:\/\/aleeknews.com\/4l33k5\/wp-json\/wp\/v2\/posts\/21633\/revisions"}],"wp:featuredmedia":[{"embeddable":true,"href":"https:\/\/aleeknews.com\/4l33k5\/wp-json\/wp\/v2\/media\/21634"}],"wp:attachment":[{"href":"https:\/\/aleeknews.com\/4l33k5\/wp-json\/wp\/v2\/media?parent=21633"}],"wp:term":[{"taxonomy":"category","embeddable":true,"href":"https:\/\/aleeknews.com\/4l33k5\/wp-json\/wp\/v2\/categories?post=21633"},{"taxonomy":"post_tag","embeddable":true,"href":"https:\/\/aleeknews.com\/4l33k5\/wp-json\/wp\/v2\/tags?post=21633"}],"curies":[{"name":"wp","href":"https:\/\/api.w.org\/{rel}","templated":true}]}}