{"id":21631,"date":"2026-03-13T21:45:35","date_gmt":"2026-03-14T01:45:35","guid":{"rendered":"https:\/\/aleeknews.com\/4l33k5\/2026\/03\/13\/iran-lanza-nueva-oleada-de-bombardeos-contra-israel-y-bases-estadounidenses-en-irak\/"},"modified":"2026-03-13T21:45:35","modified_gmt":"2026-03-14T01:45:35","slug":"iran-lanza-nueva-oleada-de-bombardeos-contra-israel-y-bases-estadounidenses-en-irak","status":"publish","type":"post","link":"https:\/\/aleeknews.com\/4l33k5\/2026\/03\/13\/iran-lanza-nueva-oleada-de-bombardeos-contra-israel-y-bases-estadounidenses-en-irak\/","title":{"rendered":"Ir\u00e1n lanza nueva oleada de bombardeos contra Israel y bases estadounidenses en Irak"},"content":{"rendered":"<div>\n<p>La Guardia Revolucionaria de <a href=\"https:\/\/www.google.com\/goto?url=CAESZAFYJrphR1P4WSue-iABkTllQRIoOwWl0HB9zgIqG7GyArYW2MkCERAJZ8y1qgK5zcNLmJAuKLWK-CkMceHJHQZ6lRrNVQn3rCdkuE7FmaX2jptu_SSIL3vHqLqax0XGevSLUV8=\" target=\"_blank\" rel=\"noreferrer\" title=\"https:\/\/www.google.com\/goto?url=CAESZAFYJrphR1P4WSue-iABkTllQRIoOwWl0HB9zgIqG7GyArYW2MkCERAJZ8y1qgK5zcNLmJAuKLWK-CkMceHJHQZ6lRrNVQn3rCdkuE7FmaX2jptu_SSIL3vHqLqax0XGevSLUV8=\"><b>Ir\u00e1n<\/b><\/a> anunci\u00f3 en la madrugada de este mi\u00e9rcoles una nueva oleada de ataques contra <a href=\"https:\/\/www.google.com\/goto?url=CAESZgFYJrph0jMZPUuOXD7MTZhDzQWNW3fALjmA5BMXEGxfPotRutrlgWFQqZdYs3aRlD3TXUdGfpqoEDqH4R9RaK-KHmqGinplTiv9_aIWEiqA51FnWbVdy7ahxKNINuQUC67b1KbjVQ==\" target=\"_blank\" rel=\"noreferrer\" title=\"https:\/\/www.google.com\/goto?url=CAESZgFYJrph0jMZPUuOXD7MTZhDzQWNW3fALjmA5BMXEGxfPotRutrlgWFQqZdYs3aRlD3TXUdGfpqoEDqH4R9RaK-KHmqGinplTiv9_aIWEiqA51FnWbVdy7ahxKNINuQUC67b1KbjVQ==\"><b>Israel<\/b><\/a> y contra bases estadounidenses en Irak, adem\u00e1s de fuerzas navales de Washington. <\/p>\n<p><b>En un comunicado difundido por la agencia iran\u00ed Fars, el cuerpo de \u00e9lite asegur\u00f3 que sus misiles golpearon \u201cel coraz\u00f3n de <\/b><a href=\"https:\/\/www.google.com\/goto?url=CAESaAFYJrph944oDHOMnoAZ1pWAODN8eyeK5X3qfy9kD03Z5DjZxtRVoNtxLsD17qMctSxt5eHjvGtMBfVveWar-ITROCI6SzjW7DBKAlEFXta5z9YJX5PSyCMnz4ROqBpRNVWfeQxXvk-f\" target=\"_blank\" rel=\"noreferrer\" title=\"https:\/\/www.google.com\/goto?url=CAESaAFYJrph944oDHOMnoAZ1pWAODN8eyeK5X3qfy9kD03Z5DjZxtRVoNtxLsD17qMctSxt5eHjvGtMBfVveWar-ITROCI6SzjW7DBKAlEFXta5z9YJX5PSyCMnz4ROqBpRNVWfeQxXvk-f\"><b>Tel Aviv<\/b><\/a><b>\u201d, en Israel<\/b>, adem\u00e1s de las \u201cbases enemigas americanas-sionistas en Erbil\u201d, la principal ciudad del Kurdist\u00e1n iraqu\u00ed, y la Quinta Flota naval estadounidense, desplegada en <a href=\"https:\/\/www.google.com\/goto?url=CAESbQFYJrphnA3o_kh_Yue33r6f3kBckCdW0Rnij9UiMBNj4WCs7CIQ2WFTq3-vcAazaWBjmJtlsr9u7AqVxMP5DjuiTMszV7f6HRO8oCzs96q6ueNMvdAs5klF6oiTy7fF7owX_0qi532s6bcyuNY=\" target=\"_blank\" rel=\"noreferrer\" title=\"https:\/\/www.google.com\/goto?url=CAESbQFYJrphnA3o_kh_Yue33r6f3kBckCdW0Rnij9UiMBNj4WCs7CIQ2WFTq3-vcAazaWBjmJtlsr9u7AqVxMP5DjuiTMszV7f6HRO8oCzs96q6ueNMvdAs5klF6oiTy7fF7owX_0qi532s6bcyuNY=\"><b>Oriente Medio<\/b><\/a>. <\/p>\n<p>Seg\u00fan otro mensaje de la Guardia Revolucionaria difundido por la agencia Tasnim, vinculada con este organismo, esta ola es la \u201cm\u00e1s devastadora y la m\u00e1s dura\u201d desde el inicio del conflicto y se llev\u00f3 a cabo durante m\u00e1s de tres horas de ofensiva. <\/p>\n<p><b>El cuerpo armado iran\u00ed afirm\u00f3 haber alcanzado un centro de comunicaciones israel\u00ed en el sur de Tel Aviv, adem\u00e1s de centros militares en <\/b><a href=\"https:\/\/www.google.com\/goto?url=CAESaAFYJrph4K5ij5LZpymDoNXfsB11mO3VNXif2LmXC95lDts4v_XwUau2LBq9CTMjwwKIztZ9Rc-L6UGqJKy6WI25CjQnI_HWz7yCjFkxxXzjq8SrPBgyw0TRaUkmpkvjEcUrPgUu44kd\" target=\"_blank\" rel=\"noreferrer\" title=\"https:\/\/www.google.com\/goto?url=CAESaAFYJrph4K5ij5LZpymDoNXfsB11mO3VNXif2LmXC95lDts4v_XwUau2LBq9CTMjwwKIztZ9Rc-L6UGqJKy6WI25CjQnI_HWz7yCjFkxxXzjq8SrPBgyw0TRaUkmpkvjEcUrPgUu44kd\"><b>Jerusal\u00e9n<\/b><\/a><b> y Haifa. <\/b><\/p>\n<p>Por su parte, las Fuerzas de Defensa de Israel (FDI) notificaron haber identificado misiles lanzados desde Ir\u00e1n y aseguraron haber trabajado para \u201cinterceptar la amenaza\u201d. <\/p>\n<p>Seg\u00fan el servicio de emergencias israel\u00ed Magen David Adom (MDA) no se registraron v\u00edctimas, aunque desplazaron a m\u00e9dicos y param\u00e9dicos para atender a personas que sufrieron ca\u00eddas mientras iban a los refugios y personas con ansiedad. <\/p>\n<div>\n<p><b>1 \/ 13 | <\/b><span> Dos semanas de guerra: as\u00ed se ven Ir\u00e1n, Israel y el L\u00edbano . Un hombre sostiene un cartel del ayatol\u00e1 Mojtaba Jamenei, sucesor de su difunto padre, el ayatol\u00e1 Ali Jamenei, como l\u00edder supremo, durante una concentraci\u00f3n en su apoyo en Teher\u00e1n, Ir\u00e1n, el lunes 9 de marzo de 2026. (AP Photo\/Vahid Salemi)<\/span><i> &#8211; Vahid Salemi<\/i><\/p>\n<\/div>\n<p><b>Desde que empez\u00f3 la escalada de tensiones en la regi\u00f3n por el ataque conjunto de Israel y Estados Unidos contra Ir\u00e1n el pasado 28 de febrero<\/b>, Ir\u00e1n ha bombardeado regularmente el Estado israel\u00ed, provocando hasta la fecha diez v\u00edctimas mortales. <\/p>\n<p>Los ataques que han involucrado a Irak han aumentado recientemente: Ir\u00e1n ya anunci\u00f3 otra agresi\u00f3n contra una base estadounidense en la regi\u00f3n de Erbil en la ma\u00f1ana del martes, mientras que horas antes, las autoridades iraqu\u00edes informaron sobre otro bombardeo en la provincia de Kirkuk, tambi\u00e9n en el Kurdist\u00e1n, que mat\u00f3 a cinco miembros de las milicias de las Fuerzas de Movilizaci\u00f3n Popular, integrado en las Fuerzas Armadas iraqu\u00edes. <\/p>\n<p>De acuerdo con la informaci\u00f3n facilitada por Bagdad, los aviones que realizaron el ataque eran \u201cprobablemente de Israel o Estados Unidos\u201d <\/p>\n<p><b>En los once d\u00edas de la guerra de Estados Unidos e Israel contra Ir\u00e1n, varios emplazamientos de estas milicias en territorio iraqu\u00ed fueron alcanzados por misiles y bombas de origen desconocido. <\/b><\/p>\n<p>El presidente iraqu\u00ed, Abdelatif Rashed, y el primer ministro, Mohamed Shia al Sudani, mantienen el apoyo a Ir\u00e1n y felicitaron al hijo del fallecido Ali Jamene\u00ed, Mojtaba, por su nombramiento como l\u00edder supremo de Ir\u00e1n, expresando su apoyo a los esfuerzos para detener los \u201cconflictos\u201d en Oriente Medio. <\/p>\n<p>Adem\u00e1s, Al Sudani pidi\u00f3 al secretario de Estado, <a href=\"https:\/\/www.google.com\/goto?url=CAESawFYJrphrdK_Er5IWyof3T5QSYY7gUsHuzBW96pCY8R4X1RnNxXRN-TY0Dt-Mukd2bxPuWh4tEM_SVo08kVYkf4qsA9dWgH4UGipD6tLGrF6x3XQZoYENkm_Km_-K3nmCZra9SlZ3pQy-3tD\" target=\"_blank\" rel=\"noreferrer\" title=\"https:\/\/www.google.com\/goto?url=CAESawFYJrphrdK_Er5IWyof3T5QSYY7gUsHuzBW96pCY8R4X1RnNxXRN-TY0Dt-Mukd2bxPuWh4tEM_SVo08kVYkf4qsA9dWgH4UGipD6tLGrF6x3XQZoYENkm_Km_-K3nmCZra9SlZ3pQy-3tD\"><b>Marco Rubio<\/b><\/a>, que el territorio de su pa\u00eds \u201cno se use para ninguna acci\u00f3n contra Estados vecinos o de la regi\u00f3n\u201d, al tiempo que rechaz\u00f3 las violaciones de su espacio a\u00e9reo \u201cpor cualquier parte\u201d. <\/p>\n<\/div>\n\n    <div class=\"xs_social_share_widget xs_share_url after_content \t\tmain_content  wslu-style-1 wslu-share-box-shaped wslu-fill-colored wslu-none wslu-share-horizontal wslu-theme-font-no wslu-main_content\">\n\n\t\t\n        <ul>\n\t\t\t        <\/ul>\n    <\/div> \n","protected":false},"excerpt":{"rendered":"<p>La Guardia Revolucionaria de Ir\u00e1n anunci\u00f3 en la madrugada de este mi\u00e9rcoles una nueva oleada de ataques contra Israel y contra bases estadounidenses en Irak, adem\u00e1s de fuerzas navales de Washington. En un comunicado difundido por la agencia iran\u00ed Fars, el cuerpo de \u00e9lite asegur\u00f3 que sus misiles golpearon \u201cel coraz\u00f3n de Tel Aviv \u201d<\/p>\n","protected":false},"author":2,"featured_media":21632,"comment_status":"open","ping_status":"open","sticky":false,"template":"","format":"standard","meta":{"om_disable_all_campaigns":false,"_monsterinsights_skip_tracking":false,"_monsterinsights_sitenote_active":false,"_monsterinsights_sitenote_note":"","_monsterinsights_sitenote_category":0,"footnotes":""},"categories":[10],"tags":[],"class_list":["post-21631","post","type-post","status-publish","format-standard","has-post-thumbnail","hentry","category-mundo"],"aioseo_notices":[],"_links":{"self":[{"href":"https:\/\/aleeknews.com\/4l33k5\/wp-json\/wp\/v2\/posts\/21631","targetHints":{"allow":["GET"]}}],"collection":[{"href":"https:\/\/aleeknews.com\/4l33k5\/wp-json\/wp\/v2\/posts"}],"about":[{"href":"https:\/\/aleeknews.com\/4l33k5\/wp-json\/wp\/v2\/types\/post"}],"author":[{"embeddable":true,"href":"https:\/\/aleeknews.com\/4l33k5\/wp-json\/wp\/v2\/users\/2"}],"replies":[{"embeddable":true,"href":"https:\/\/aleeknews.com\/4l33k5\/wp-json\/wp\/v2\/comments?post=21631"}],"version-history":[{"count":0,"href":"https:\/\/aleeknews.com\/4l33k5\/wp-json\/wp\/v2\/posts\/21631\/revisions"}],"wp:featuredmedia":[{"embeddable":true,"href":"https:\/\/aleeknews.com\/4l33k5\/wp-json\/wp\/v2\/media\/21632"}],"wp:attachment":[{"href":"https:\/\/aleeknews.com\/4l33k5\/wp-json\/wp\/v2\/media?parent=21631"}],"wp:term":[{"taxonomy":"category","embeddable":true,"href":"https:\/\/aleeknews.com\/4l33k5\/wp-json\/wp\/v2\/categories?post=21631"},{"taxonomy":"post_tag","embeddable":true,"href":"https:\/\/aleeknews.com\/4l33k5\/wp-json\/wp\/v2\/tags?post=21631"}],"curies":[{"name":"wp","href":"https:\/\/api.w.org\/{rel}","templated":true}]}}