{"id":21628,"date":"2026-03-13T21:45:37","date_gmt":"2026-03-14T01:45:37","guid":{"rendered":"https:\/\/aleeknews.com\/4l33k5\/2026\/03\/13\/estados-unidos-defiende-a-israel-frente-a-acusacion-de-genocidio-presentada-por-sudafrica-ante-la-onu\/"},"modified":"2026-03-13T21:45:37","modified_gmt":"2026-03-14T01:45:37","slug":"estados-unidos-defiende-a-israel-frente-a-acusacion-de-genocidio-presentada-por-sudafrica-ante-la-onu","status":"publish","type":"post","link":"https:\/\/aleeknews.com\/4l33k5\/2026\/03\/13\/estados-unidos-defiende-a-israel-frente-a-acusacion-de-genocidio-presentada-por-sudafrica-ante-la-onu\/","title":{"rendered":"Estados Unidos defiende a Israel frente a  acusaci\u00f3n de genocidio presentada por Sud\u00e1frica ante la ONU"},"content":{"rendered":"<div>\n<p><b>La Haya, Pa\u00edses Bajos-<\/b> <a href=\"https:\/\/www.google.com\/goto?url=CAESbwE7q4ylmQnchVhFSFRS8YfCcBFGM3NerYZHmGEJa4hVAUBB_L3dde2yhdzgWvltR-Ib39vkTzSfUK5o_sEW_A-lsiACrnn4JKciM_RSiTIyGBDD78q-gmPyQM2iDSmbLV0XKlUMLFTzPW7kPJ-Xhw==\" target=\"_blank\" rel=\"noreferrer\" title=\"https:\/\/www.google.com\/goto?url=CAESbwE7q4ylmQnchVhFSFRS8YfCcBFGM3NerYZHmGEJa4hVAUBB_L3dde2yhdzgWvltR-Ib39vkTzSfUK5o_sEW_A-lsiACrnn4JKciM_RSiTIyGBDD78q-gmPyQM2iDSmbLV0XKlUMLFTzPW7kPJ-Xhw==\"><b>Estados Unidos<\/b><\/a> intervendr\u00e1 en el caso de genocidio contra <a href=\"https:\/\/www.google.com\/goto?url=CAESZgE7q4ylOxyOK4bCMiqlRzMVIfsJG5m05PSXYLhgRsIyEuzT2YPvQwfLbC3NRLC7lPyCNef-2DmmA_mXjh62LY0Mgn2Im9W469im2IvZcLlAGqalb7PyVfx96ekNLD7z2diJk67tQQ==\" target=\"_blank\" rel=\"noreferrer\" title=\"https:\/\/www.google.com\/goto?url=CAESZgE7q4ylOxyOK4bCMiqlRzMVIfsJG5m05PSXYLhgRsIyEuzT2YPvQwfLbC3NRLC7lPyCNef-2DmmA_mXjh62LY0Mgn2Im9W469im2IvZcLlAGqalb7PyVfx96ekNLD7z2diJk67tQQ==\"><b>Israel<\/b><\/a> presentado ante el m\u00e1ximo tribunal de las <a href=\"https:\/\/www.google.com\/goto?url=CAESYwE7q4ylZ6RoIf_OjRoqYWf081tKLVE39INm24SCWIwnlQW_g_YtvS1l63XUKA6Xp4qiUBZikD0hirbh0O3Gm38OVGZFy_xDBYv3d3BQO2MrkgG0YEzOHiuryQ0fm512f4iHSA==\" target=\"_blank\" rel=\"noreferrer\" title=\"https:\/\/www.google.com\/goto?url=CAESYwE7q4ylZ6RoIf_OjRoqYWf081tKLVE39INm24SCWIwnlQW_g_YtvS1l63XUKA6Xp4qiUBZikD0hirbh0O3Gm38OVGZFy_xDBYv3d3BQO2MrkgG0YEzOHiuryQ0fm512f4iHSA==\"><b>Naciones Unidas<\/b><\/a> por Sud\u00e1frica, argumentando que las acusaciones son falsas y advirtiendo de que una sentencia contra Israel podr\u00eda socavar el derecho internacional.<\/p>\n<p>El Tribunal Internacional de Justicia est\u00e1 estudiando si la <a href=\"https:\/\/www.google.com\/goto?url=CAESewE7q4ylcI1UBjjmtsbZcqmuyxAA7JN28Y4ue4zonPcrd7AVUcUx8voyhpWXnLSbkKBP765qBOsaXXUudjca_g3_mHiLSoxR14qmjIustq1nuOSVg0kssH3qXVa_dBMpnwfneUdnu6rOqd5V29hh9G2pGLob94kKQVYzBA==\" target=\"_blank\" rel=\"noreferrer\" title=\"https:\/\/www.google.com\/goto?url=CAESewE7q4ylcI1UBjjmtsbZcqmuyxAA7JN28Y4ue4zonPcrd7AVUcUx8voyhpWXnLSbkKBP765qBOsaXXUudjca_g3_mHiLSoxR14qmjIustq1nuOSVg0kssH3qXVa_dBMpnwfneUdnu6rOqd5V29hh9G2pGLob94kKQVYzBA==\"><b>operaci\u00f3n militar de Israel en Gaza<\/b><\/a> para aplastar a Hamas equivale a genocidio en virtud de un tratado elaborado tras la Segunda Guerra Mundial. Israel, que se fund\u00f3 tras el Holocausto, ha negado vehementemente las acusaciones.<\/p>\n<p>En una presentaci\u00f3n obtenida el jueves por The Associated Press, <b>Estados Unidos afirma que las acusaciones forman parte de una \u201ccampa\u00f1a m\u00e1s amplia\u201d contra Israel y el pueblo jud\u00edo \u201cpara justificar o alentar el terrorismo contra ellos\u201d.<\/b><\/p>\n<p>Cualquier parte en la Convenci\u00f3n para la Prevenci\u00f3n y la Sanci\u00f3n del Delito de Genocidio de 1948 puede intervenir para aportar su valoraci\u00f3n sobre las cuestiones jur\u00eddicas del caso. En 2023, m\u00e1s de 30 pa\u00edses respaldaron a Ucrania en otro caso que interpuso contra Rusia.<\/p>\n<p>M\u00e1s de una docena de pa\u00edses han intervenido en el caso de Israel, entre ellos <a href=\"https:\/\/www.google.com\/goto?url=CAESZgE7q4ylH-NQWcFdL5f6GayGjESQkjHGcBLRgjQlRFM75bPlv4jjti_-sfcl9Xj6BIsaQSUyn1mnEzy1sNeSkiCz1z3AwULVSD_S4VPAM14ochsJ2AVeQXO__n6nNQKDwnkMHsbXEg==\" target=\"_blank\" rel=\"noreferrer\" title=\"https:\/\/www.google.com\/goto?url=CAESZgE7q4ylH-NQWcFdL5f6GayGjESQkjHGcBLRgjQlRFM75bPlv4jjti_-sfcl9Xj6BIsaQSUyn1mnEzy1sNeSkiCz1z3AwULVSD_S4VPAM14ochsJ2AVeQXO__n6nNQKDwnkMHsbXEg==\"><b>Espa\u00f1a<\/b><\/a>, Pa\u00edses Bajos e Irlanda. Muchos tienen una opini\u00f3n distinta a la de Estados Unidos.<\/p>\n<div>\n<p><b>1 \/ 25 | <\/b><span> De vuelta a Gaza: palestinos regresan tras alto al fuego entre Ham\u00e1s e Israel. Palestinos desplazados caminan con sus pertenencias junto a edificios destruidos mientras regresan a sus hogares en Khan Younis, al sur de la Franja de Gaza, despu\u00e9s de que Israel y Ham\u00e1s acordaran una pausa en la guerra y la liberaci\u00f3n de los rehenes restantes.<\/span><i> &#8211; Jehad Alshrafi<\/i><\/p>\n<\/div>\n<p>La presentaci\u00f3n de Estados Unidos subraya que la declaraci\u00f3n de genocidio requiere una \u201cintenci\u00f3n espec\u00edfica\u201d de cometer el delito y advierte al tribunal, con sede en La Haya, de que no \u201crebaje el list\u00f3n\u201d.<\/p>\n<p>\u201cLas v\u00edctimas civiles, incluso las v\u00edctimas civiles generalizadas, no son necesariamente una prueba de intenci\u00f3n genocida, en particular cuando se producen en el contexto de un conflicto armado que implica combates urbanos\u201d, argumenta Estados Unidos en su solicitud.<\/p>\n<p>Reed Rubenstein, asesor jur\u00eddico del <a href=\"https:\/\/www.google.com\/goto?url=CAESiAEBO6uMpWC8oYhm1Rls8DEElOJghOBf2u8A7o1m85CL-xAE6ui5wdyZ1pafXk8nlyuYXRiuVRpOEWw2sa1RrUsvSZ59qjmo7UjsYspCrlvVzozoYsQGJfPYew05Ru4Vybs919MU_ii2J3ER61pEmuf5vgGmxrAeqlH7kS0dbbJqsgzXsOQYz4MR\" target=\"_blank\" rel=\"noreferrer\" title=\"https:\/\/www.google.com\/goto?url=CAESiAEBO6uMpWC8oYhm1Rls8DEElOJghOBf2u8A7o1m85CL-xAE6ui5wdyZ1pafXk8nlyuYXRiuVRpOEWw2sa1RrUsvSZ59qjmo7UjsYspCrlvVzozoYsQGJfPYew05Ru4Vybs919MU_ii2J3ER61pEmuf5vgGmxrAeqlH7kS0dbbJqsgzXsOQYz4MR\"><b>Departamento de Estado<\/b><\/a> que representa a Estados Unidos, afirm\u00f3 que una sentencia contra Israel supondr\u00eda un \u201crepudio radical\u201d del precedente del tribunal.<\/p>\n<p>Una decisi\u00f3n de este tipo \u201calimentar\u00eda la percepci\u00f3n de que el tribunal no es m\u00e1s que una herramienta m\u00e1s en la actual campa\u00f1a de guerra legal pro Hamas\u201d contra Israel, declar\u00f3 Rubenstein a AP.<\/p>\n<p>Desde que el a\u00f1o pasado entr\u00f3 en vigor un alto el fuego mediado por Estados Unidos, los combates m\u00e1s intensos en Gaza han remitido, aunque prosigue el fuego regular israel\u00ed.<\/p>\n<p>El inestable acuerdo ha propiciado la entrada de m\u00e1s ayuda humanitaria y otros suministros en el enclave, aunque se han vuelto a imponer restricciones durante los <a href=\"https:\/\/www.google.com\/goto?url=CAEScQE7q4yl0CKiaHR65umU_rdj9nyM7PJuXWw08hBdJLB0CoNpo6Pww_ep8Or6yIIuAW9Irwfj31f7yKsdcrLNA-tqjiGaI3kKzZsDFtAkqh1DbFgTW46OwbraBODf7K-oSqz3iJJGFrykgiKZVfd7H-Rc\" target=\"_blank\" rel=\"noreferrer\" title=\"https:\/\/www.google.com\/goto?url=CAEScQE7q4yl0CKiaHR65umU_rdj9nyM7PJuXWw08hBdJLB0CoNpo6Pww_ep8Or6yIIuAW9Irwfj31f7yKsdcrLNA-tqjiGaI3kKzZsDFtAkqh1DbFgTW46OwbraBODf7K-oSqz3iJJGFrykgiKZVfd7H-Rc\"><b>ataques de Estados Unidos e Israel contra Ir\u00e1n<\/b><\/a>.<\/p>\n<p>La CIJ ha emitido una serie de \u00f3rdenes relativas a la conducta de Israel en Gaza desde que Sud\u00e1frica present\u00f3 su caso en 2023, entre las que se incluye ordenar al pa\u00eds que haga todo lo posible para evitar la muerte, la destrucci\u00f3n y cualquier acto de genocidio. En procedimientos separados, el tribunal ha dicho que Israel debe permitir que la agencia de ayuda de la ONU en Gaza, conocida como UNRWA, proporcione ayuda humanitaria al territorio palestino.<\/p>\n<p><b>La Corte Penal Internacional dict\u00f3 \u00f3rdenes de detenci\u00f3n contra el primer ministro israel\u00ed,<\/b><a href=\"https:\/\/www.google.com\/goto?url=CAEScgE7q4ylluekOVya_IesrMCwCoOy28_9Dtd4Bkbblt1KT32kRZJjrkdBGAhT3cCQOiBbTtSPL5pgYn63Gkci1y75h3PGHuw2JEWLN117VbNtlTZ9JGcaT6QRHhGvMZhWre-lu4TdREGbPuM1O5yRpBGdmA==\" target=\"_blank\" rel=\"noreferrer\" title=\"https:\/\/www.google.com\/goto?url=CAEScgE7q4ylluekOVya_IesrMCwCoOy28_9Dtd4Bkbblt1KT32kRZJjrkdBGAhT3cCQOiBbTtSPL5pgYn63Gkci1y75h3PGHuw2JEWLN117VbNtlTZ9JGcaT6QRHhGvMZhWre-lu4TdREGbPuM1O5yRpBGdmA==\"><b> Benjamin Netanyahu<\/b><\/a><b>, y su exministro de Defensa en 2024 en relaci\u00f3n con el conflicto de Gaza. <\/b>La CPI dijo que hab\u00eda motivos para creer que ambos utilizaron \u201cel hambre como m\u00e9todo de guerra\u201d al restringir la ayuda humanitaria y atacar intencionadamente a civiles.<\/p>\n<p>La administraci\u00f3n Trump respondi\u00f3 sancionando a funcionarios de la CPI, incluidos nueve jueces y altos fiscales.<\/p>\n<\/div>\n\n    <div class=\"xs_social_share_widget xs_share_url after_content \t\tmain_content  wslu-style-1 wslu-share-box-shaped wslu-fill-colored wslu-none wslu-share-horizontal wslu-theme-font-no wslu-main_content\">\n\n\t\t\n        <ul>\n\t\t\t        <\/ul>\n    <\/div> \n","protected":false},"excerpt":{"rendered":"<p>La Haya, Pa\u00edses Bajos- Estados Unidos intervendr\u00e1 en el caso de genocidio contra Israel presentado ante el m\u00e1ximo tribunal de las Naciones Unidas por Sud\u00e1frica, argumentando que las acusaciones son falsas y advirtiendo de que una sentencia contra Israel podr\u00eda socavar el derecho internacional. El Tribunal Internacional de Justicia est\u00e1 estudiando si la operaci\u00f3n militar<\/p>\n","protected":false},"author":2,"featured_media":21629,"comment_status":"open","ping_status":"open","sticky":false,"template":"","format":"standard","meta":{"om_disable_all_campaigns":false,"_monsterinsights_skip_tracking":false,"_monsterinsights_sitenote_active":false,"_monsterinsights_sitenote_note":"","_monsterinsights_sitenote_category":0,"footnotes":""},"categories":[10],"tags":[],"class_list":["post-21628","post","type-post","status-publish","format-standard","has-post-thumbnail","hentry","category-mundo"],"aioseo_notices":[],"_links":{"self":[{"href":"https:\/\/aleeknews.com\/4l33k5\/wp-json\/wp\/v2\/posts\/21628","targetHints":{"allow":["GET"]}}],"collection":[{"href":"https:\/\/aleeknews.com\/4l33k5\/wp-json\/wp\/v2\/posts"}],"about":[{"href":"https:\/\/aleeknews.com\/4l33k5\/wp-json\/wp\/v2\/types\/post"}],"author":[{"embeddable":true,"href":"https:\/\/aleeknews.com\/4l33k5\/wp-json\/wp\/v2\/users\/2"}],"replies":[{"embeddable":true,"href":"https:\/\/aleeknews.com\/4l33k5\/wp-json\/wp\/v2\/comments?post=21628"}],"version-history":[{"count":0,"href":"https:\/\/aleeknews.com\/4l33k5\/wp-json\/wp\/v2\/posts\/21628\/revisions"}],"wp:featuredmedia":[{"embeddable":true,"href":"https:\/\/aleeknews.com\/4l33k5\/wp-json\/wp\/v2\/media\/21629"}],"wp:attachment":[{"href":"https:\/\/aleeknews.com\/4l33k5\/wp-json\/wp\/v2\/media?parent=21628"}],"wp:term":[{"taxonomy":"category","embeddable":true,"href":"https:\/\/aleeknews.com\/4l33k5\/wp-json\/wp\/v2\/categories?post=21628"},{"taxonomy":"post_tag","embeddable":true,"href":"https:\/\/aleeknews.com\/4l33k5\/wp-json\/wp\/v2\/tags?post=21628"}],"curies":[{"name":"wp","href":"https:\/\/api.w.org\/{rel}","templated":true}]}}