{"id":21624,"date":"2026-03-13T21:45:39","date_gmt":"2026-03-14T01:45:39","guid":{"rendered":"https:\/\/aleeknews.com\/4l33k5\/2026\/03\/13\/esposa-del-empresario-espanol-habria-planificado-su-asesinato-en-republica-dominicana\/"},"modified":"2026-03-13T21:45:39","modified_gmt":"2026-03-14T01:45:39","slug":"esposa-del-empresario-espanol-habria-planificado-su-asesinato-en-republica-dominicana","status":"publish","type":"post","link":"https:\/\/aleeknews.com\/4l33k5\/2026\/03\/13\/esposa-del-empresario-espanol-habria-planificado-su-asesinato-en-republica-dominicana\/","title":{"rendered":"Esposa del empresario espa\u00f1ol habr\u00eda planificado su asesinato en Rep\u00fablica Dominicana"},"content":{"rendered":"<div>\n<div>\n<p><b>Santo Domingo<\/b> &#8211; El asesinato del empresario espa\u00f1ol encontrado muerto en el interior de su veh\u00edculo en una comunidad rural del noroeste de Rep\u00fablica Dominicana en septiembre del a\u00f1o pasado fue presuntamente coordinado por <a href=\"https:\/\/www.elnuevodia.com\/noticias\/tribunales\/notas\/acusan-a-hombre-de-homicidio-negligente-por-muerte-de-su-esposa-tras-presunto-disparo-accidental-en-vega-baja\/\" target=\"_blank\" rel=\"noreferrer\" title=\"https:\/\/www.elnuevodia.com\/noticias\/tribunales\/notas\/acusan-a-hombre-de-homicidio-negligente-por-muerte-de-su-esposa-tras-presunto-disparo-accidental-en-vega-baja\/\">su esposa con la colaboraci\u00f3n de otras dos personas<\/a> en <a href=\"https:\/\/www.elnuevodia.com\/noticias\/seguridad\/notas\/investigan-como-asesinato-el-hallazgo-del-cuerpo-de-un-hombre-en-culebra\/\" target=\"_blank\" rel=\"noreferrer\" title=\"https:\/\/www.elnuevodia.com\/noticias\/seguridad\/notas\/investigan-como-asesinato-el-hallazgo-del-cuerpo-de-un-hombre-en-culebra\/\">un crimen por encargo, inform\u00f3 este viernes la Polic\u00eda Nacional<\/a> dominicana.<\/p>\n<\/div>\n<p>El espa\u00f1ol <b>Antonio Jim\u00e9nez L\u00f3pez<\/b>, propietario de viveros en la localidad sevillana de Dos Hermanas muri\u00f3 a consecuencia de un disparo en la cabeza, y fue hallado en su autom\u00f3vil el pasado 20 de septiembre de 2025, en la localidad de Damajagua, provincia de Valverde.<\/p>\n<p>Fruto de la investigaci\u00f3n, las autoridades dominicanas han detenido a seis personas, entre ellas, la esposa del difunto, <b>Patria Eridania G\u00f3mez Jim\u00e9nez<\/b>, as\u00ed como a los otros dos coordinadores del homicidio,<b> \u00c1ngel Sime\u00f3n Ram\u00edrez<\/b> y <b>Leonardo Cruz.<\/b><\/p>\n<p><b>\u201cLos tres habr\u00edan financiado y organizado el plan para ultimar al espa\u00f1ol Jim\u00e9nez L\u00f3pez\u201d<\/b>, indic\u00f3 la Polic\u00eda dominicana en un comunicado.<\/p>\n<p><b>De acuerdo con las pesquisas oficiales, se tratar\u00eda de un crimen por encargo. Leonardo Cruz contact\u00f3 con Lorenzo Osoria L\u00f3pez -tambi\u00e9n detenido- y le entreg\u00f3 200,000 pesos dominicanos (unos 2,800 euros) como adelanto para ejecutar el crimen, que se sumar\u00edan a otros 200,000 pesos comprometidos que ser\u00edan entregados una vez hubiese sido asesinado el ciudadano espa\u00f1ol.<\/b><\/p>\n<p>Dicho Osoria L\u00f3pez contact\u00f3 a su vez con Julio C\u00e9sar L\u00f3pez-tambi\u00e9n detenido- quien dispar\u00f3 a la v\u00edctima, seg\u00fan indicaron las fuentes oficiales.<\/p>\n<p><b>Las autoridades del pa\u00eds lograron recuperar el arma del crimen<\/b>, una pistola de calibre nueve mil\u00edmetros, que fue hallada en la residencia de un sexto implicado, Jes\u00fas Ramiro Fern\u00e1ndez, quien tambi\u00e9n fue arrestado y habr\u00eda colaborado en ocultar el arma con la que se cometi\u00f3 el asesinato.<\/p>\n<p>La investigaci\u00f3n, realizada por agentes de la Direcci\u00f3n Central de Investigaci\u00f3n (Dicrim), en coordinaci\u00f3n con el Ministerio P\u00fablico, incluy\u00f3 el an\u00e1lisis de c\u00e1maras de videovigilancia, entrevistas a testigos, operativos de b\u00fasqueda, allanamientos y otras diligencias, indicaron las autoridades.<\/p>\n<\/div>\n\n    <div class=\"xs_social_share_widget xs_share_url after_content \t\tmain_content  wslu-style-1 wslu-share-box-shaped wslu-fill-colored wslu-none wslu-share-horizontal wslu-theme-font-no wslu-main_content\">\n\n\t\t\n        <ul>\n\t\t\t        <\/ul>\n    <\/div> \n","protected":false},"excerpt":{"rendered":"<p>Santo Domingo &#8211; El asesinato del empresario espa\u00f1ol encontrado muerto en el interior de su veh\u00edculo en una comunidad rural del noroeste de Rep\u00fablica Dominicana en septiembre del a\u00f1o pasado fue presuntamente coordinado por su esposa con la colaboraci\u00f3n de otras dos personas en un crimen por encargo, inform\u00f3 este viernes la Polic\u00eda Nacional dominicana.<\/p>\n","protected":false},"author":2,"featured_media":21625,"comment_status":"open","ping_status":"open","sticky":false,"template":"","format":"standard","meta":{"om_disable_all_campaigns":false,"_monsterinsights_skip_tracking":false,"_monsterinsights_sitenote_active":false,"_monsterinsights_sitenote_note":"","_monsterinsights_sitenote_category":0,"footnotes":""},"categories":[10],"tags":[],"class_list":["post-21624","post","type-post","status-publish","format-standard","has-post-thumbnail","hentry","category-mundo"],"aioseo_notices":[],"_links":{"self":[{"href":"https:\/\/aleeknews.com\/4l33k5\/wp-json\/wp\/v2\/posts\/21624","targetHints":{"allow":["GET"]}}],"collection":[{"href":"https:\/\/aleeknews.com\/4l33k5\/wp-json\/wp\/v2\/posts"}],"about":[{"href":"https:\/\/aleeknews.com\/4l33k5\/wp-json\/wp\/v2\/types\/post"}],"author":[{"embeddable":true,"href":"https:\/\/aleeknews.com\/4l33k5\/wp-json\/wp\/v2\/users\/2"}],"replies":[{"embeddable":true,"href":"https:\/\/aleeknews.com\/4l33k5\/wp-json\/wp\/v2\/comments?post=21624"}],"version-history":[{"count":0,"href":"https:\/\/aleeknews.com\/4l33k5\/wp-json\/wp\/v2\/posts\/21624\/revisions"}],"wp:featuredmedia":[{"embeddable":true,"href":"https:\/\/aleeknews.com\/4l33k5\/wp-json\/wp\/v2\/media\/21625"}],"wp:attachment":[{"href":"https:\/\/aleeknews.com\/4l33k5\/wp-json\/wp\/v2\/media?parent=21624"}],"wp:term":[{"taxonomy":"category","embeddable":true,"href":"https:\/\/aleeknews.com\/4l33k5\/wp-json\/wp\/v2\/categories?post=21624"},{"taxonomy":"post_tag","embeddable":true,"href":"https:\/\/aleeknews.com\/4l33k5\/wp-json\/wp\/v2\/tags?post=21624"}],"curies":[{"name":"wp","href":"https:\/\/api.w.org\/{rel}","templated":true}]}}