{"id":21613,"date":"2026-03-13T00:45:53","date_gmt":"2026-03-12T23:45:53","guid":{"rendered":"https:\/\/aleeknews.com\/4l33k5\/2026\/03\/13\/tercera-edicion-del-congreso-internacional-de-escritores-sera-en-caguas\/"},"modified":"2026-03-13T00:45:53","modified_gmt":"2026-03-12T23:45:53","slug":"tercera-edicion-del-congreso-internacional-de-escritores-sera-en-caguas","status":"publish","type":"post","link":"https:\/\/aleeknews.com\/4l33k5\/2026\/03\/13\/tercera-edicion-del-congreso-internacional-de-escritores-sera-en-caguas\/","title":{"rendered":"Tercera edici\u00f3n del Congreso Internacional de Escritores ser\u00e1 en Caguas"},"content":{"rendered":"<div>\n<p>La tercera edici\u00f3n del <b>Congreso Internacional de Escritores <\/b>en Bellas Artes de Caguas, reunir\u00e1 del 23 al 25 de abril a escritores, acad\u00e9micos y gestores culturales de distintos pa\u00edses de habla hispana para reflexionar sobre la fuerza de la palabra como fuente de conocimiento y comunicaci\u00f3n.<\/p>\n<p>Bajo el lema <b>\u201cLa libertad de las palabras\u201d<\/b>, esta nueva edici\u00f3n del Congreso invita al p\u00fablico general a ser parte de las conferencias, debates y talleres que conformar\u00e1n el programa de actividades, incluido el di\u00e1logo magistral, titulado \u201cLas palabras que nos arman\u201d, a cargo del escritor puertorrique\u00f1o <b>Luis Rafael S\u00e1nchez<\/b> y del director del Instituto Cervantes de Espa\u00f1a, <b>Luis Garc\u00eda Montero<\/b>. Moderar\u00e1 el tambi\u00e9n escritor puertorrique\u00f1o, Manolo N\u00fa\u00f1ez Negr\u00f3n.<\/p>\n<p>\u201cEn tiempos en que tantas voces intentan reducir o vigilar el lenguaje, conviene recordar que el espa\u00f1ol siempre ha crecido gracias a la libertad de las palabras\u201d, destac\u00f3 la escritora y coordinadora del Congreso, Helena Sampedro. <\/p>\n<p>\u201cLa literatura y la lectura son el lugar donde esa libertad respira; donde la lengua se abre, se discute y vuelve a pertenecernos. Este Congreso nace de esa convicci\u00f3n y quiere ser un espacio para defender, celebrar y pensar juntos sobre la libertad de las palabras a trav\u00e9s de la lectura y la conversaci\u00f3n\u201d, puntualiz\u00f3 la escritora.<\/p>\n<p>El Congreso contar\u00e1 con las participaciones de una diversidad de invitados, entre escritores, acad\u00e9micos y gestores culturales.<\/p>\n<p>Por Puerto Rico, estar\u00e1n <b>Ana Teresa Toro, Pabsi Livmar, Melanie P\u00e9rez Ortiz, Wilda Rodr\u00edguez, Mairym Cruz Bernal, Mayra Santos Febres, Ana Mar\u00eda Fuster, Mara Pastor, Magali Garc\u00eda Ramis, Jos\u00e9 Rabelo, Arlene Carballo, Maia Sherwood, Tina Casanova, Elidio la Torre Lagares, Joan L\u00f3pez Bauz\u00e1 y Mayra Montero (Cuba, PR). De Colombia, William Ospina y Juan Gabriel V\u00e1squez; y de Venezuela, Juan Carlos M\u00e9ndez Guedez<\/b>. <\/p>\n<p>Por Rep\u00fablica Dominicana, estar\u00e1 <b>Rey And\u00fajar, mientras que por Argentina, Claudia Pi\u00f1eiro. <\/b>Espa\u00f1a estar\u00e1 representado por <b>Jos\u00e9 Manuel Fajardo, Javier Cercas, Ignacio Ferrando, Raquel Caleya, Mar\u00eda Jos\u00e9 G\u00e1lvez y Santiago Herrero<\/b>.<\/p>\n<p>Siendo la libertad de las palabras el tema que agrupa las actividades del evento, se dedicar\u00e1 uno de los debates al an\u00e1lisis de la obra musical de la estrella de la m\u00fasica urbana <a href=\"https:\/\/www.elnuevodia.com\/topicos\/bad-bunny\/\" target=\"_self\" rel title=\"https:\/\/www.elnuevodia.com\/topicos\/bad-bunny\/\"><b>Bad Bunny<\/b><\/a>, cuya aportaci\u00f3n al espa\u00f1ol fue reconocida el pasado febrero por la Academia Puertorrique\u00f1a de la Lengua Espa\u00f1ola, el Instituto Cervantes y la Real Academia Espa\u00f1ola. <\/p>\n<p>El debate, titulado \u201cBad Bunny y la palabra boricua: M\u00fasica, letra y libertad\u201d, expondr\u00e1 las perspectivas de Maia Sherwood (The ABC\u2019s of DtMF), Elidio Latorre Lagares y Ari Maniel Cruz S\u00e1nchez (cineasta). Moderar\u00e1 Melanie P\u00e9rez Ortiz.<\/p>\n<p>La Escuela de Escritores, de Espa\u00f1a, se une a esta celebraci\u00f3n de las palabras como fuerza del idioma con la otorgaci\u00f3n de diez becas para un curso de tres meses de Escritura Creativa. Los participantes deben demostrar sus talentos como escritores en 700 palabras, usando sus mejores herramientas narrativas y creativas. <\/p>\n<p>Interesados deben enviar sus escritos a: 700palabras@escueladeescritores.com, e incluir nombre y apellidos, edad, direcci\u00f3n y correo electr\u00f3nico. Se recibir\u00e1n participaciones hasta el viernes, 17 de abril. Los ganadores ser\u00e1n anunciados durante los d\u00edas del Congreso.<\/p>\n<\/div>\n\n    <div class=\"xs_social_share_widget xs_share_url after_content \t\tmain_content  wslu-style-1 wslu-share-box-shaped wslu-fill-colored wslu-none wslu-share-horizontal wslu-theme-font-no wslu-main_content\">\n\n\t\t\n        <ul>\n\t\t\t        <\/ul>\n    <\/div> \n","protected":false},"excerpt":{"rendered":"<p>La tercera edici\u00f3n del Congreso Internacional de Escritores en Bellas Artes de Caguas, reunir\u00e1 del 23 al 25 de abril a escritores, acad\u00e9micos y gestores culturales de distintos pa\u00edses de habla hispana para reflexionar sobre la fuerza de la palabra como fuente de conocimiento y comunicaci\u00f3n. Bajo el lema \u201cLa libertad de las palabras\u201d, esta<\/p>\n","protected":false},"author":2,"featured_media":21614,"comment_status":"open","ping_status":"open","sticky":false,"template":"","format":"standard","meta":{"om_disable_all_campaigns":false,"_monsterinsights_skip_tracking":false,"_monsterinsights_sitenote_active":false,"_monsterinsights_sitenote_note":"","_monsterinsights_sitenote_category":0,"footnotes":""},"categories":[48],"tags":[],"class_list":["post-21613","post","type-post","status-publish","format-standard","has-post-thumbnail","hentry","category-cultura"],"aioseo_notices":[],"_links":{"self":[{"href":"https:\/\/aleeknews.com\/4l33k5\/wp-json\/wp\/v2\/posts\/21613","targetHints":{"allow":["GET"]}}],"collection":[{"href":"https:\/\/aleeknews.com\/4l33k5\/wp-json\/wp\/v2\/posts"}],"about":[{"href":"https:\/\/aleeknews.com\/4l33k5\/wp-json\/wp\/v2\/types\/post"}],"author":[{"embeddable":true,"href":"https:\/\/aleeknews.com\/4l33k5\/wp-json\/wp\/v2\/users\/2"}],"replies":[{"embeddable":true,"href":"https:\/\/aleeknews.com\/4l33k5\/wp-json\/wp\/v2\/comments?post=21613"}],"version-history":[{"count":0,"href":"https:\/\/aleeknews.com\/4l33k5\/wp-json\/wp\/v2\/posts\/21613\/revisions"}],"wp:featuredmedia":[{"embeddable":true,"href":"https:\/\/aleeknews.com\/4l33k5\/wp-json\/wp\/v2\/media\/21614"}],"wp:attachment":[{"href":"https:\/\/aleeknews.com\/4l33k5\/wp-json\/wp\/v2\/media?parent=21613"}],"wp:term":[{"taxonomy":"category","embeddable":true,"href":"https:\/\/aleeknews.com\/4l33k5\/wp-json\/wp\/v2\/categories?post=21613"},{"taxonomy":"post_tag","embeddable":true,"href":"https:\/\/aleeknews.com\/4l33k5\/wp-json\/wp\/v2\/tags?post=21613"}],"curies":[{"name":"wp","href":"https:\/\/api.w.org\/{rel}","templated":true}]}}