{"id":21612,"date":"2026-03-13T00:45:54","date_gmt":"2026-03-12T23:45:54","guid":{"rendered":"https:\/\/aleeknews.com\/4l33k5\/2026\/03\/13\/revelan-la-fecha-de-las-fiestas-de-la-calle-san-sebastian-2027\/"},"modified":"2026-03-13T00:45:54","modified_gmt":"2026-03-12T23:45:54","slug":"revelan-la-fecha-de-las-fiestas-de-la-calle-san-sebastian-2027","status":"publish","type":"post","link":"https:\/\/aleeknews.com\/4l33k5\/2026\/03\/13\/revelan-la-fecha-de-las-fiestas-de-la-calle-san-sebastian-2027\/","title":{"rendered":"Revelan la fecha de las Fiestas de la Calle San Sebasti\u00e1n 2027"},"content":{"rendered":"<div>\n<p><b>1 \/ 38 | <\/b><span> Revelan la fecha de las Fiestas de la Calle San Sebasti\u00e1n 2027. Las Fiestas de la Calle San Sebasti\u00e1n de 2026 establecieron un r\u00e9cord de asistencia con un estimado de 1,083,881 personas durante los cuatro d\u00edas del evento.<\/span><i> &#8211; Alexis Cede\u00f1o<\/i><\/p>\n<\/div>\n<div>\n<p>El alcalde de San Juan, Miguel A. Romero Lugo, revel\u00f3 la fecha de las pr\u00f3ximas <a href=\"https:\/\/www.elnuevodia.com\/topicos\/fiestas-de-la-calle-san-sebastian\/\" target=\"_self\" rel title=\"https:\/\/www.elnuevodia.com\/topicos\/fiestas-de-la-calle-san-sebastian\/\"><b>Fiestas de la Calle San Sebasti\u00e1n<\/b><\/a>, que ser\u00e1n <b>del 21 al 24 de enero de 2027 en el Viejo San Juan<\/b>, al tiempo en que celebr\u00f3 que la festividad fue reconocida como el<b> Mejor Festival Cultural de Estados Unidos 2026<\/b> en la votaci\u00f3n nacional &#8220;<b>USA TODAY 10Best Readers\u2019 Choice Awards&#8221;<\/b>. <\/p>\n<p>\u201cEste reconocimiento nacional confirma lo que todos los puertorrique\u00f1os sabemos: que las Fiestas de la Calle San Sebasti\u00e1n son una de las grandes expresiones culturales de nuestro pa\u00eds. San Juan se convierte cada enero en el escenario donde Puerto Rico celebra su identidad, su m\u00fasica, sus tradiciones y su orgullo cultural ante el mundo. Que hoy aparezcamos en esta votaci\u00f3n nacional y que las Fiestas sean reconocidas como el mejor festival cultural de Estados Unidos demuestra que nuestras tradiciones ya han trascendido fronteras y que el mundo tambi\u00e9n est\u00e1 mirando hacia San Juan\u201d, expres\u00f3 Romero Lugo.<\/p>\n<p>El premio forma parte del programa \u201c10Best Readers\u2019 choice Awards\u201d, en el que un panel de expertos en turismo, cultura y eventos nomina a los principales festivales que se celebran en los Estados Unidos. Posteriormente, <b>una votaci\u00f3n p\u00fablica de lectores a nivel nacional determina cu\u00e1les son los eventos culturales m\u00e1s destacados.<\/b> <\/p>\n<p>La edici\u00f3n 2026 de las Fiestas de la Calle San Sebasti\u00e1n alcanz\u00f3 cifras hist\u00f3ricas que reflejan la magnitud del evento. Durante cuatro d\u00edas de celebraci\u00f3n, el festival reuni\u00f3 un r\u00e9cord de asistencia de 1,083,881 personas, consolid\u00e1ndose como el evento cultural m\u00e1s grande de Puerto Rico y del Caribe. Asimismo, la actividad gener\u00f3 un impacto econ\u00f3mico estimado en $1.08 millones.<\/p>\n<p><h4><b>Comienzan los preparativos para la edici\u00f3n 2027 <\/b><\/h4>\n<\/p>\n<p>El alcalde Romero Lugo adelant\u00f3 adem\u00e1s que el municipio de San Juan ya comenz\u00f3 los preparativos para la pr\u00f3xima edici\u00f3n del evento. Como parte de esa planificaci\u00f3n, <b>se confirm\u00f3 que las Fiestas de la Calle San Sebasti\u00e1n 2027 se celebrar\u00e1n del 21 al 24 de enero de 2027 en el Viejo San Juan.<\/b><\/p>\n<p>La organizaci\u00f3n de las Fiestas de la Calle San Sebasti\u00e1n comienza con meses de anticipaci\u00f3n e integra planificaci\u00f3n log\u00edstica, programaci\u00f3n art\u00edstica, seguridad, manejo de multitudes y coordinaci\u00f3n con diversos sectores culturales y comunitarios. <\/p>\n<\/div>\n\n    <div class=\"xs_social_share_widget xs_share_url after_content \t\tmain_content  wslu-style-1 wslu-share-box-shaped wslu-fill-colored wslu-none wslu-share-horizontal wslu-theme-font-no wslu-main_content\">\n\n\t\t\n        <ul>\n\t\t\t        <\/ul>\n    <\/div> \n","protected":false},"excerpt":{"rendered":"<p>1 \/ 38 | Revelan la fecha de las Fiestas de la Calle San Sebasti\u00e1n 2027. Las Fiestas de la Calle San Sebasti\u00e1n de 2026 establecieron un r\u00e9cord de asistencia con un estimado de 1,083,881 personas durante los cuatro d\u00edas del evento. &#8211; Alexis Cede\u00f1o El alcalde de San Juan, Miguel A. Romero Lugo, revel\u00f3<\/p>\n","protected":false},"author":2,"featured_media":0,"comment_status":"open","ping_status":"open","sticky":false,"template":"","format":"standard","meta":{"om_disable_all_campaigns":false,"_monsterinsights_skip_tracking":false,"_monsterinsights_sitenote_active":false,"_monsterinsights_sitenote_note":"","_monsterinsights_sitenote_category":0,"footnotes":""},"categories":[48],"tags":[],"class_list":["post-21612","post","type-post","status-publish","format-standard","hentry","category-cultura"],"aioseo_notices":[],"_links":{"self":[{"href":"https:\/\/aleeknews.com\/4l33k5\/wp-json\/wp\/v2\/posts\/21612","targetHints":{"allow":["GET"]}}],"collection":[{"href":"https:\/\/aleeknews.com\/4l33k5\/wp-json\/wp\/v2\/posts"}],"about":[{"href":"https:\/\/aleeknews.com\/4l33k5\/wp-json\/wp\/v2\/types\/post"}],"author":[{"embeddable":true,"href":"https:\/\/aleeknews.com\/4l33k5\/wp-json\/wp\/v2\/users\/2"}],"replies":[{"embeddable":true,"href":"https:\/\/aleeknews.com\/4l33k5\/wp-json\/wp\/v2\/comments?post=21612"}],"version-history":[{"count":0,"href":"https:\/\/aleeknews.com\/4l33k5\/wp-json\/wp\/v2\/posts\/21612\/revisions"}],"wp:attachment":[{"href":"https:\/\/aleeknews.com\/4l33k5\/wp-json\/wp\/v2\/media?parent=21612"}],"wp:term":[{"taxonomy":"category","embeddable":true,"href":"https:\/\/aleeknews.com\/4l33k5\/wp-json\/wp\/v2\/categories?post=21612"},{"taxonomy":"post_tag","embeddable":true,"href":"https:\/\/aleeknews.com\/4l33k5\/wp-json\/wp\/v2\/tags?post=21612"}],"curies":[{"name":"wp","href":"https:\/\/api.w.org\/{rel}","templated":true}]}}