{"id":21610,"date":"2026-03-13T00:45:43","date_gmt":"2026-03-12T23:45:43","guid":{"rendered":"https:\/\/aleeknews.com\/4l33k5\/2026\/03\/13\/ellas-volveran-a-competir-por-la-corona-de-miss-universe-puerto-rico-este-ano\/"},"modified":"2026-03-13T00:45:43","modified_gmt":"2026-03-12T23:45:43","slug":"ellas-volveran-a-competir-por-la-corona-de-miss-universe-puerto-rico-este-ano","status":"publish","type":"post","link":"https:\/\/aleeknews.com\/4l33k5\/2026\/03\/13\/ellas-volveran-a-competir-por-la-corona-de-miss-universe-puerto-rico-este-ano\/","title":{"rendered":"Ellas volver\u00e1n a competir por la corona de Miss Universe Puerto Rico este a\u00f1o"},"content":{"rendered":"<div data-fusion-lazy-id=\"f0fvkVotAlJJUv\">\n<div>\n<div>\n<p>Con la mirada puesta en ser la anfitriona en el Coliseo de Puerto Rico Jos\u00e9 Miguel Agrelot, el grupo de veteranas que regresa este 2026 promete una de las ediciones m\u00e1s competitivas en la historia reciente del concurso local <\/p>\n<div>\n<p><img decoding=\"async\" alt=\"Jomar Jos\u00e9 Rivera Cede\u00f1o\" src=\"https:\/\/www.elnuevodia.com\/pf\/api\/v3\/content\/fetch\/image-resizer-v1?query=%7B%22website%22%3A%22el-nuevo-dia%22%2C%22imageUrl%22%3A%22https%3A%2F%2Fs3.amazonaws.com%2Farc-authors%2Fgfrmedia%2F8cbc33b9-9384-40e7-a8e4-0bc70d0a305d.png%22%2C%22width%22%3A170%2C%22height%22%3A147%2C%22redirect%22%3A%221%22%2C%22external%22%3A%221%22%7D\"><\/p>\n<\/div>\n<div>\n<p>10 de marzo de 2026 &#8211; 9:15 PM<\/p>\n<\/div>\n<\/div>\n<\/div>\n<div>\n<p><b>1 \/ 8 | <\/b><span> Ellas volver\u00e1n a competir por la corona de Miss Universe Puerto Rico este a\u00f1o . Nicole Marie Col\u00f3n Rivera fue Miss Cayey en el 2015 y Miss Caguas en el 2017.<\/span><i> &#8211; Facebook<\/i><\/p>\n<\/div>\n<\/div>\n\n    <div class=\"xs_social_share_widget xs_share_url after_content \t\tmain_content  wslu-style-1 wslu-share-box-shaped wslu-fill-colored wslu-none wslu-share-horizontal wslu-theme-font-no wslu-main_content\">\n\n\t\t\n        <ul>\n\t\t\t        <\/ul>\n    <\/div> \n","protected":false},"excerpt":{"rendered":"<p>Con la mirada puesta en ser la anfitriona en el Coliseo de Puerto Rico Jos\u00e9 Miguel Agrelot, el grupo de veteranas que regresa este 2026 promete una de las ediciones m\u00e1s competitivas en la historia reciente del concurso local 10 de marzo de 2026 &#8211; 9:15 PM 1 \/ 8 | Ellas volver\u00e1n a competir<\/p>\n","protected":false},"author":2,"featured_media":21611,"comment_status":"open","ping_status":"open","sticky":false,"template":"","format":"standard","meta":{"om_disable_all_campaigns":false,"_monsterinsights_skip_tracking":false,"_monsterinsights_sitenote_active":false,"_monsterinsights_sitenote_note":"","_monsterinsights_sitenote_category":0,"footnotes":""},"categories":[47],"tags":[],"class_list":["post-21610","post","type-post","status-publish","format-standard","has-post-thumbnail","hentry","category-farandula"],"aioseo_notices":[],"_links":{"self":[{"href":"https:\/\/aleeknews.com\/4l33k5\/wp-json\/wp\/v2\/posts\/21610","targetHints":{"allow":["GET"]}}],"collection":[{"href":"https:\/\/aleeknews.com\/4l33k5\/wp-json\/wp\/v2\/posts"}],"about":[{"href":"https:\/\/aleeknews.com\/4l33k5\/wp-json\/wp\/v2\/types\/post"}],"author":[{"embeddable":true,"href":"https:\/\/aleeknews.com\/4l33k5\/wp-json\/wp\/v2\/users\/2"}],"replies":[{"embeddable":true,"href":"https:\/\/aleeknews.com\/4l33k5\/wp-json\/wp\/v2\/comments?post=21610"}],"version-history":[{"count":0,"href":"https:\/\/aleeknews.com\/4l33k5\/wp-json\/wp\/v2\/posts\/21610\/revisions"}],"wp:featuredmedia":[{"embeddable":true,"href":"https:\/\/aleeknews.com\/4l33k5\/wp-json\/wp\/v2\/media\/21611"}],"wp:attachment":[{"href":"https:\/\/aleeknews.com\/4l33k5\/wp-json\/wp\/v2\/media?parent=21610"}],"wp:term":[{"taxonomy":"category","embeddable":true,"href":"https:\/\/aleeknews.com\/4l33k5\/wp-json\/wp\/v2\/categories?post=21610"},{"taxonomy":"post_tag","embeddable":true,"href":"https:\/\/aleeknews.com\/4l33k5\/wp-json\/wp\/v2\/tags?post=21610"}],"curies":[{"name":"wp","href":"https:\/\/api.w.org\/{rel}","templated":true}]}}