{"id":21580,"date":"2026-03-12T21:49:24","date_gmt":"2026-03-12T20:49:24","guid":{"rendered":"https:\/\/aleeknews.com\/4l33k5\/2026\/03\/12\/jose-quiquito-melendez-considera-aspirar-a-la-alcaldia-de-guaynabo\/"},"modified":"2026-03-12T21:49:24","modified_gmt":"2026-03-12T20:49:24","slug":"jose-quiquito-melendez-considera-aspirar-a-la-alcaldia-de-guaynabo","status":"publish","type":"post","link":"https:\/\/aleeknews.com\/4l33k5\/2026\/03\/12\/jose-quiquito-melendez-considera-aspirar-a-la-alcaldia-de-guaynabo\/","title":{"rendered":"Jos\u00e9 \u201cQuiquito\u201d Mel\u00e9ndez \u201cconsidera\u201d aspirar a la alcald\u00eda de Guaynabo"},"content":{"rendered":"<div>\n<div data-fusion-lazy-id=\"f0fQYcNoHQKSGL\">\n<div class>\n<p><a href=\"https:\/\/thetrustproject.org\/\"><img decoding=\"async\" src=\"https:\/\/www.elnuevodia.com\/pf\/resources\/v2\/icons\/trust-icon.svg?d=223\"><\/a><\/p>\n<div>\n<p>Se adhiere a los criterios de The Trust Project<\/p>\n<\/div>\n<\/div>\n<div>\n<h2>Mientras, El Nuevo D\u00eda supo que el exrepresentante Antonio Soto lo est\u00e1 considerando. El senador Carmelo R\u00edos se limit\u00f3 a indicar ayer que no era el d\u00eda para hablar del asunto.<\/h2>\n<div>\n<p>10 de diciembre de 2021 &#8211; 9:20 AM<\/p>\n<\/div>\n<div>\n<p><b>Archivo<\/b><\/p>\n<p>Esta historia fue publicada hace m\u00e1s de 4 a\u00f1os.<\/p>\n<\/div>\n<\/div>\n<\/div>\n<div data-fusion-lazy-id=\"f0fIYaQF9GLV14D\">\n<div><picture><source media=\"(max-width: 375px)\" ><source media=\"(max-width: 767px)\" ><source media=\"(max-width: 1023px)\" ><source ><\/picture><figcaption>El representante Jos\u00e9 Enrique \u201cQuiquito\u201d Mel\u00e9ndez. <\/figcaption><\/div>\n<div>\n<p>El representante penep\u00e9 por acumulaci\u00f3n, <a href=\"https:\/\/www.elnuevodia.com\/topicos\/jose-quiquito-melendez\/\" target=\"_blank\">Jos\u00e9 Enrique \u201cQuiquito\u201d Mel\u00e9ndez<\/a> asegur\u00f3 esta ma\u00f1ana que no ha tomado una decisi\u00f3n sobre si aspirar\u00eda a ocupar la eventual vacante en la alcald\u00eda de <a href=\"https:\/\/www.elnuevodia.com\/topicos\/guaynabo\/\" target=\"_blank\">Guaynabo<\/a>, pero igualmente indic\u00f3 que<b> lo est\u00e1 considerando,<\/b> a ra\u00edz de m\u00faltiples acercamientos que dijo haber recibido ayer de varios sectores del municipio.<\/p>\n<\/div>\n<\/div>\n<section>\n<header><span>Popular en la Comunidad<\/span><\/header>\n<\/section>\n<\/div>\n\n    <div class=\"xs_social_share_widget xs_share_url after_content \t\tmain_content  wslu-style-1 wslu-share-box-shaped wslu-fill-colored wslu-none wslu-share-horizontal wslu-theme-font-no wslu-main_content\">\n\n\t\t\n        <ul>\n\t\t\t        <\/ul>\n    <\/div> \n","protected":false},"excerpt":{"rendered":"<p>Se adhiere a los criterios de The Trust Project Mientras, El Nuevo D\u00eda supo que el exrepresentante Antonio Soto lo est\u00e1 considerando. El senador Carmelo R\u00edos se limit\u00f3 a indicar ayer que no era el d\u00eda para hablar del asunto. 10 de diciembre de 2021 &#8211; 9:20 AM Archivo Esta historia fue publicada hace m\u00e1s<\/p>\n","protected":false},"author":2,"featured_media":21581,"comment_status":"open","ping_status":"open","sticky":false,"template":"","format":"standard","meta":{"om_disable_all_campaigns":false,"_monsterinsights_skip_tracking":false,"_monsterinsights_sitenote_active":false,"_monsterinsights_sitenote_note":"","_monsterinsights_sitenote_category":0,"footnotes":""},"categories":[6],"tags":[],"class_list":["post-21580","post","type-post","status-publish","format-standard","has-post-thumbnail","hentry","category-politica"],"aioseo_notices":[],"_links":{"self":[{"href":"https:\/\/aleeknews.com\/4l33k5\/wp-json\/wp\/v2\/posts\/21580","targetHints":{"allow":["GET"]}}],"collection":[{"href":"https:\/\/aleeknews.com\/4l33k5\/wp-json\/wp\/v2\/posts"}],"about":[{"href":"https:\/\/aleeknews.com\/4l33k5\/wp-json\/wp\/v2\/types\/post"}],"author":[{"embeddable":true,"href":"https:\/\/aleeknews.com\/4l33k5\/wp-json\/wp\/v2\/users\/2"}],"replies":[{"embeddable":true,"href":"https:\/\/aleeknews.com\/4l33k5\/wp-json\/wp\/v2\/comments?post=21580"}],"version-history":[{"count":0,"href":"https:\/\/aleeknews.com\/4l33k5\/wp-json\/wp\/v2\/posts\/21580\/revisions"}],"wp:featuredmedia":[{"embeddable":true,"href":"https:\/\/aleeknews.com\/4l33k5\/wp-json\/wp\/v2\/media\/21581"}],"wp:attachment":[{"href":"https:\/\/aleeknews.com\/4l33k5\/wp-json\/wp\/v2\/media?parent=21580"}],"wp:term":[{"taxonomy":"category","embeddable":true,"href":"https:\/\/aleeknews.com\/4l33k5\/wp-json\/wp\/v2\/categories?post=21580"},{"taxonomy":"post_tag","embeddable":true,"href":"https:\/\/aleeknews.com\/4l33k5\/wp-json\/wp\/v2\/tags?post=21580"}],"curies":[{"name":"wp","href":"https:\/\/api.w.org\/{rel}","templated":true}]}}