{"id":21576,"date":"2026-03-12T21:49:27","date_gmt":"2026-03-12T20:49:27","guid":{"rendered":"https:\/\/aleeknews.com\/4l33k5\/2026\/03\/12\/angel-perez-otero-renuncia-como-alcalde-de-guaynabo-efectivo-el-16-de-diciembre\/"},"modified":"2026-03-12T21:49:27","modified_gmt":"2026-03-12T20:49:27","slug":"angel-perez-otero-renuncia-como-alcalde-de-guaynabo-efectivo-el-16-de-diciembre","status":"publish","type":"post","link":"https:\/\/aleeknews.com\/4l33k5\/2026\/03\/12\/angel-perez-otero-renuncia-como-alcalde-de-guaynabo-efectivo-el-16-de-diciembre\/","title":{"rendered":"\u00c1ngel P\u00e9rez Otero renuncia como alcalde de Guaynabo efectivo el 16 de diciembre"},"content":{"rendered":"<div>\n<div data-fusion-lazy-id=\"f0fQYcNoHQKSGL\">\n<div class>\n<p><a href=\"https:\/\/thetrustproject.org\/\"><img decoding=\"async\" src=\"https:\/\/www.elnuevodia.com\/pf\/resources\/v2\/icons\/trust-icon.svg?d=223\"><\/a><\/p>\n<div>\n<p>Se adhiere a los criterios de The Trust Project<\/p>\n<\/div>\n<\/div>\n<div>\n<h2>La fecha de la dimisi\u00f3n provoc\u00f3 molestia en la portavoz popular en la Legislatura Municipal, Mariana Castro<\/h2>\n<div>\n<p>10 de diciembre de 2021 &#8211; 6:16 PM<\/p>\n<\/div>\n<div>\n<p><b>Archivo<\/b><\/p>\n<p>Esta historia fue publicada hace m\u00e1s de 4 a\u00f1os.<\/p>\n<\/div>\n<\/div>\n<\/div>\n<div data-fusion-lazy-id=\"f0fIYaQF9GLV14D\">\n<div><picture><source media=\"(max-width: 375px)\" ><source media=\"(max-width: 767px)\" ><source media=\"(max-width: 1023px)\" ><source ><\/picture><figcaption>\u00c1ngel P\u00e9rez, suspendido alcalde de Guaynabo, a su salida ayer del Tribunal federal en Hato Rey. <span>(tonito.zayas@gfmedia.com)<\/span><\/figcaption><\/div>\n<div>\n<p>El suspendido alcalde de Guaynabo y acusado a nivel federal, \u00c1ngel P\u00e9rez Otero, present\u00f3 esta tarde a las 5:00 p.m. su carta de renuncia, pero su dimisi\u00f3n es efectiva el pr\u00f3ximo jueves, 16 de diciembre, indic\u00f3 Mariana Castro, portavoz popular en la Asamblea Municipal.<\/p>\n<\/div>\n<\/div>\n<section>\n<header><span>Popular en la Comunidad<\/span><\/header>\n<\/section>\n<\/div>\n\n    <div class=\"xs_social_share_widget xs_share_url after_content \t\tmain_content  wslu-style-1 wslu-share-box-shaped wslu-fill-colored wslu-none wslu-share-horizontal wslu-theme-font-no wslu-main_content\">\n\n\t\t\n        <ul>\n\t\t\t        <\/ul>\n    <\/div> \n","protected":false},"excerpt":{"rendered":"<p>Se adhiere a los criterios de The Trust Project La fecha de la dimisi\u00f3n provoc\u00f3 molestia en la portavoz popular en la Legislatura Municipal, Mariana Castro 10 de diciembre de 2021 &#8211; 6:16 PM Archivo Esta historia fue publicada hace m\u00e1s de 4 a\u00f1os. \u00c1ngel P\u00e9rez, suspendido alcalde de Guaynabo, a su salida ayer del<\/p>\n","protected":false},"author":2,"featured_media":21577,"comment_status":"open","ping_status":"open","sticky":false,"template":"","format":"standard","meta":{"om_disable_all_campaigns":false,"_monsterinsights_skip_tracking":false,"_monsterinsights_sitenote_active":false,"_monsterinsights_sitenote_note":"","_monsterinsights_sitenote_category":0,"footnotes":""},"categories":[6],"tags":[],"class_list":["post-21576","post","type-post","status-publish","format-standard","has-post-thumbnail","hentry","category-politica"],"aioseo_notices":[],"_links":{"self":[{"href":"https:\/\/aleeknews.com\/4l33k5\/wp-json\/wp\/v2\/posts\/21576","targetHints":{"allow":["GET"]}}],"collection":[{"href":"https:\/\/aleeknews.com\/4l33k5\/wp-json\/wp\/v2\/posts"}],"about":[{"href":"https:\/\/aleeknews.com\/4l33k5\/wp-json\/wp\/v2\/types\/post"}],"author":[{"embeddable":true,"href":"https:\/\/aleeknews.com\/4l33k5\/wp-json\/wp\/v2\/users\/2"}],"replies":[{"embeddable":true,"href":"https:\/\/aleeknews.com\/4l33k5\/wp-json\/wp\/v2\/comments?post=21576"}],"version-history":[{"count":0,"href":"https:\/\/aleeknews.com\/4l33k5\/wp-json\/wp\/v2\/posts\/21576\/revisions"}],"wp:featuredmedia":[{"embeddable":true,"href":"https:\/\/aleeknews.com\/4l33k5\/wp-json\/wp\/v2\/media\/21577"}],"wp:attachment":[{"href":"https:\/\/aleeknews.com\/4l33k5\/wp-json\/wp\/v2\/media?parent=21576"}],"wp:term":[{"taxonomy":"category","embeddable":true,"href":"https:\/\/aleeknews.com\/4l33k5\/wp-json\/wp\/v2\/categories?post=21576"},{"taxonomy":"post_tag","embeddable":true,"href":"https:\/\/aleeknews.com\/4l33k5\/wp-json\/wp\/v2\/tags?post=21576"}],"curies":[{"name":"wp","href":"https:\/\/api.w.org\/{rel}","templated":true}]}}