{"id":21574,"date":"2026-03-12T21:49:28","date_gmt":"2026-03-12T20:49:28","guid":{"rendered":"https:\/\/aleeknews.com\/4l33k5\/2026\/03\/12\/carmelo-rios-santiago-buscara-nuevamente-convertirse-en-alcalde-de-guaynabo\/"},"modified":"2026-03-12T21:49:28","modified_gmt":"2026-03-12T20:49:28","slug":"carmelo-rios-santiago-buscara-nuevamente-convertirse-en-alcalde-de-guaynabo","status":"publish","type":"post","link":"https:\/\/aleeknews.com\/4l33k5\/2026\/03\/12\/carmelo-rios-santiago-buscara-nuevamente-convertirse-en-alcalde-de-guaynabo\/","title":{"rendered":"Carmelo R\u00edos Santiago buscar\u00e1 nuevamente convertirse en alcalde de Guaynabo"},"content":{"rendered":"<div>\n<div data-fusion-lazy-id=\"f0fQYcNoHQKSGL\">\n<div class>\n<p><a href=\"https:\/\/thetrustproject.org\/\"><img decoding=\"async\" src=\"https:\/\/www.elnuevodia.com\/pf\/resources\/v2\/icons\/trust-icon.svg?d=223\"><\/a><\/p>\n<div>\n<p>Se adhiere a los criterios de The Trust Project<\/p>\n<\/div>\n<\/div>\n<div>\n<h2>\u201cTe garantizo que ninguno tiene el coraz\u00f3n de guaynabe\u00f1o que tengo yo para echar esto hacia adelante\u201d, dijo el veterano senador en exclusiva con El Nuevo D\u00eda <\/h2>\n<div>\n<p>12 de diciembre de 2021 &#8211; 12:00 AM<\/p>\n<\/div>\n<div>\n<p><b>Archivo<\/b><\/p>\n<p>Esta historia fue publicada hace m\u00e1s de 4 a\u00f1os.<\/p>\n<\/div>\n<\/div>\n<\/div>\n<div data-fusion-lazy-id=\"f0fIYaQF9GLV14D\">\n<p>Convencido de que no cometer\u00e1 los errores de la pasada elecci\u00f3n especial por la alcald\u00eda de <a href=\"https:\/\/www.elnuevodia.com\/topicos\/guaynabo\" target=\"_blank\"><b>Guaynabo<\/b><\/a> y con la bendici\u00f3n de sus padres que sufrieron dicha contienda en el 2017, el senador penep\u00e9 Carmelo R\u00edos Santiago confirm\u00f3 que nuevamente aspirar\u00e1 a la posici\u00f3n, esta vez en sustituci\u00f3n del renunciante \u00c1ngel P\u00e9rez Otero.<\/p>\n<\/div>\n<section>\n<header><span>Popular en la Comunidad<\/span><\/header>\n<\/section>\n<\/div>\n\n    <div class=\"xs_social_share_widget xs_share_url after_content \t\tmain_content  wslu-style-1 wslu-share-box-shaped wslu-fill-colored wslu-none wslu-share-horizontal wslu-theme-font-no wslu-main_content\">\n\n\t\t\n        <ul>\n\t\t\t        <\/ul>\n    <\/div> \n","protected":false},"excerpt":{"rendered":"<p>Se adhiere a los criterios de The Trust Project \u201cTe garantizo que ninguno tiene el coraz\u00f3n de guaynabe\u00f1o que tengo yo para echar esto hacia adelante\u201d, dijo el veterano senador en exclusiva con El Nuevo D\u00eda 12 de diciembre de 2021 &#8211; 12:00 AM Archivo Esta historia fue publicada hace m\u00e1s de 4 a\u00f1os. Convencido<\/p>\n","protected":false},"author":2,"featured_media":21575,"comment_status":"open","ping_status":"open","sticky":false,"template":"","format":"standard","meta":{"om_disable_all_campaigns":false,"_monsterinsights_skip_tracking":false,"_monsterinsights_sitenote_active":false,"_monsterinsights_sitenote_note":"","_monsterinsights_sitenote_category":0,"footnotes":""},"categories":[6],"tags":[],"class_list":["post-21574","post","type-post","status-publish","format-standard","has-post-thumbnail","hentry","category-politica"],"aioseo_notices":[],"_links":{"self":[{"href":"https:\/\/aleeknews.com\/4l33k5\/wp-json\/wp\/v2\/posts\/21574","targetHints":{"allow":["GET"]}}],"collection":[{"href":"https:\/\/aleeknews.com\/4l33k5\/wp-json\/wp\/v2\/posts"}],"about":[{"href":"https:\/\/aleeknews.com\/4l33k5\/wp-json\/wp\/v2\/types\/post"}],"author":[{"embeddable":true,"href":"https:\/\/aleeknews.com\/4l33k5\/wp-json\/wp\/v2\/users\/2"}],"replies":[{"embeddable":true,"href":"https:\/\/aleeknews.com\/4l33k5\/wp-json\/wp\/v2\/comments?post=21574"}],"version-history":[{"count":0,"href":"https:\/\/aleeknews.com\/4l33k5\/wp-json\/wp\/v2\/posts\/21574\/revisions"}],"wp:featuredmedia":[{"embeddable":true,"href":"https:\/\/aleeknews.com\/4l33k5\/wp-json\/wp\/v2\/media\/21575"}],"wp:attachment":[{"href":"https:\/\/aleeknews.com\/4l33k5\/wp-json\/wp\/v2\/media?parent=21574"}],"wp:term":[{"taxonomy":"category","embeddable":true,"href":"https:\/\/aleeknews.com\/4l33k5\/wp-json\/wp\/v2\/categories?post=21574"},{"taxonomy":"post_tag","embeddable":true,"href":"https:\/\/aleeknews.com\/4l33k5\/wp-json\/wp\/v2\/tags?post=21574"}],"curies":[{"name":"wp","href":"https:\/\/api.w.org\/{rel}","templated":true}]}}