{"id":21567,"date":"2026-03-12T21:43:15","date_gmt":"2026-03-12T20:43:15","guid":{"rendered":"https:\/\/aleeknews.com\/4l33k5\/2026\/03\/12\/onu-alerta-1000-millones-diarios-en-guerra-mientras-crecen-las-necesidades-humanitarias\/"},"modified":"2026-03-12T21:43:15","modified_gmt":"2026-03-12T20:43:15","slug":"onu-alerta-1000-millones-diarios-en-guerra-mientras-crecen-las-necesidades-humanitarias","status":"publish","type":"post","link":"https:\/\/aleeknews.com\/4l33k5\/2026\/03\/12\/onu-alerta-1000-millones-diarios-en-guerra-mientras-crecen-las-necesidades-humanitarias\/","title":{"rendered":"ONU alerta: $1,000 millones diarios en guerra mientras crecen las necesidades humanitarias"},"content":{"rendered":"<div>\n<p><b>Ginebra- <\/b>La <a href=\"https:\/\/www.google.com\/goto?url=CAESYwFYJrph1_9867vKqerL8fbXu7qSeaIk7exBmX4BpAA5UBxo5Cl863mFmbwQBtk9DytspQMhBc_cJS3x0Q1Sm-goU18fzmJKYZ8-wTE9aP9ZkEmp3xda8my6GkKWFFayk8DU-w==\" target=\"_blank\" rel=\"noreferrer\" title=\"https:\/\/www.google.com\/goto?url=CAESYwFYJrph1_9867vKqerL8fbXu7qSeaIk7exBmX4BpAA5UBxo5Cl863mFmbwQBtk9DytspQMhBc_cJS3x0Q1Sm-goU18fzmJKYZ8-wTE9aP9ZkEmp3xda8my6GkKWFFayk8DU-w==\"><b>Organizaci\u00f3n de las Naciones Unidas<\/b><\/a><b> (ONU) <\/b>denunci\u00f3 hoy que se est\u00e9n gastando $1,000 millones diarios en la guerra iniciada tras los <a href=\"https:\/\/www.google.com\/goto?url=CAESywEBWCa6YQ6MIeVnjDDcAcWeanfbUlv0YDdx_AhZTnVnvC2CEcwZvL38gO-xMTddz_a3ZeS8uYxcDCujImToQr4pyt1c34X3PTi0jUOWdgZFUsCH1gIo4XPZqvHzW3T1MHmEdf-QgSetXJLdGKlgIyjGFlXbwVZQowMYRFKg76kHMEhwYhFOY8lSgFLFhZ1qcIw1emNKYc7x18UP2SEAO_GeRyxoj4zy6kKfLfO43t0wGmYTnlrUfogHuG8tAcF4YAQJo35V6Tr6zJsSwA==\" target=\"_blank\" rel=\"noreferrer\" title=\"https:\/\/www.google.com\/goto?url=CAESywEBWCa6YQ6MIeVnjDDcAcWeanfbUlv0YDdx_AhZTnVnvC2CEcwZvL38gO-xMTddz_a3ZeS8uYxcDCujImToQr4pyt1c34X3PTi0jUOWdgZFUsCH1gIo4XPZqvHzW3T1MHmEdf-QgSetXJLdGKlgIyjGFlXbwVZQowMYRFKg76kHMEhwYhFOY8lSgFLFhZ1qcIw1emNKYc7x18UP2SEAO_GeRyxoj4zy6kKfLfO43t0wGmYTnlrUfogHuG8tAcF4YAQJo35V6Tr6zJsSwA==\"><b>ataques de Israel y Estados Unidos contra Ir\u00e1n<\/b><\/a>, mientras contin\u00faa en sus esfuerzos por reunir los $23,000 millones s que necesita, como m\u00ednimo, para salvar este a\u00f1o la vida de las 87 millones de personas m\u00e1s vulnerables en el mundo. <\/p>\n<p>Esas cifras corresponden a una \u201cultra priorizaci\u00f3n\u201d de necesidades humanitarias que la ONU ha tenido que realizar para adaptarse a la reducci\u00f3n de la financiaci\u00f3n para estas causas, en particular por los recortes a la ayuda internacional por parte del gobierno de Estados Unidos, aunque algunos europeos tambi\u00e9n disminuyeron sus donaciones. <\/p>\n<p><b>El jefe humanitario de Naciones Unidas, Tom Fletcher, anunci\u00f3 \u2014como un mensaje un tanto esperanzador\u2014 que varios gobiernos han desembolsado o comprometido en lo que va del a\u00f1o $8,700 millones, un tercio de lo requerido. <\/b><\/p>\n<p>Sin embargo, queda por lograr el resto de la financiaci\u00f3n, sin la cual \u201cmillones de personas morir\u00e1n\u201d. <\/p>\n<p>\u201cNecesitamos que quienes han hecho promesas desembolsen los fondos r\u00e1pidamente, que quienes disponen de m\u00e1s recursos los movilicen hacia este plan en la primera mitad del a\u00f1o, no en la segunda, para que podamos actuar donde es m\u00e1s urgente\u201d, explic\u00f3 en una rueda de prensa en Ginebra. <\/p>\n<div>\n<p><b>1 \/ 13 | <\/b><span> Dos semanas de guerra: as\u00ed se ven Ir\u00e1n, Israel y el L\u00edbano . Un hombre sostiene un cartel del ayatol\u00e1 Mojtaba Jamenei, sucesor de su difunto padre, el ayatol\u00e1 Ali Jamenei, como l\u00edder supremo, durante una concentraci\u00f3n en su apoyo en Teher\u00e1n, Ir\u00e1n, el lunes 9 de marzo de 2026. (AP Photo\/Vahid Salemi)<\/span><i> &#8211; Vahid Salemi<\/i><\/p>\n<\/div>\n<p>\u201cLas cifras son claras: todav\u00eda necesitamos m\u00e1s de $14,000 millones para ejecutar este plan. Y esto ocurre en un momento en que el conflicto en <a href=\"https:\/\/www.google.com\/goto?url=CAESbQFYJrphnz_3I3UORffwhczSEDw-qkOldR3vSET-6HmOioUDLHj5tTAVLQGM-g_P0VEHSTsu9yEIf-pCZl9ogmRNrv-iHqb5a9LchK1ttv5S4eyUEemC-FjVodkj0qdF0hMLraMVvVhTLPZdJjs=\" target=\"_blank\" rel=\"noreferrer\" title=\"https:\/\/www.google.com\/goto?url=CAESbQFYJrphnz_3I3UORffwhczSEDw-qkOldR3vSET-6HmOioUDLHj5tTAVLQGM-g_P0VEHSTsu9yEIf-pCZl9ogmRNrv-iHqb5a9LchK1ttv5S4eyUEemC-FjVodkj0qdF0hMLraMVvVhTLPZdJjs=\"><b>Oriente Medio<\/b><\/a> est\u00e1 costando mil millones de d\u00f3lares al d\u00eda. Escuchen esta cifra y sientan la verg\u00fcenza que yo siento\u201d, declar\u00f3. <\/p>\n<p>Sobre lo cumplido hasta ahora, Fletcher present\u00f3 una \u201crara noticia positiva\u201d, relacionada con la ayuda que la ONU ha aportado \u2014en parte a trav\u00e9s de las organizaciones no gubernamentales locales e internacionales con las que colabora\u2014 a \u201csiete millones de personas con las necesidades m\u00e1s graves y en los lugares m\u00e1s dif\u00edciles de llegar\u201d, solo en las primeras nueve semanas del a\u00f1o. <\/p>\n<p><b>El responsable humanitario agreg\u00f3 que debido al conflicto en Oriente Medio \u201ctendremos que ampliar a\u00fan m\u00e1s la respuesta en lugares como el L\u00edbano\u201d y para este fin presentar\u00e1 en los siguientes d\u00edas un llamamiento para financiaci\u00f3n de emergencia. <\/b><\/p>\n<p>Explic\u00f3 que para responder a las necesidades humanitarias en esa regi\u00f3n se est\u00e1 utilizando dinero del Fondo de Respuesta a Emergencias de la ONU, lo que implica que al mismo tiempo debe retirarse alguna otra emergencia de la lista de prioridades. <\/p>\n<\/div>\n\n    <div class=\"xs_social_share_widget xs_share_url after_content \t\tmain_content  wslu-style-1 wslu-share-box-shaped wslu-fill-colored wslu-none wslu-share-horizontal wslu-theme-font-no wslu-main_content\">\n\n\t\t\n        <ul>\n\t\t\t        <\/ul>\n    <\/div> \n","protected":false},"excerpt":{"rendered":"<p>Ginebra- La Organizaci\u00f3n de las Naciones Unidas (ONU) denunci\u00f3 hoy que se est\u00e9n gastando $1,000 millones diarios en la guerra iniciada tras los ataques de Israel y Estados Unidos contra Ir\u00e1n , mientras contin\u00faa en sus esfuerzos por reunir los $23,000 millones s que necesita, como m\u00ednimo, para salvar este a\u00f1o la vida de las<\/p>\n","protected":false},"author":2,"featured_media":21568,"comment_status":"open","ping_status":"open","sticky":false,"template":"","format":"standard","meta":{"om_disable_all_campaigns":false,"_monsterinsights_skip_tracking":false,"_monsterinsights_sitenote_active":false,"_monsterinsights_sitenote_note":"","_monsterinsights_sitenote_category":0,"footnotes":""},"categories":[10],"tags":[],"class_list":["post-21567","post","type-post","status-publish","format-standard","has-post-thumbnail","hentry","category-mundo"],"aioseo_notices":[],"_links":{"self":[{"href":"https:\/\/aleeknews.com\/4l33k5\/wp-json\/wp\/v2\/posts\/21567","targetHints":{"allow":["GET"]}}],"collection":[{"href":"https:\/\/aleeknews.com\/4l33k5\/wp-json\/wp\/v2\/posts"}],"about":[{"href":"https:\/\/aleeknews.com\/4l33k5\/wp-json\/wp\/v2\/types\/post"}],"author":[{"embeddable":true,"href":"https:\/\/aleeknews.com\/4l33k5\/wp-json\/wp\/v2\/users\/2"}],"replies":[{"embeddable":true,"href":"https:\/\/aleeknews.com\/4l33k5\/wp-json\/wp\/v2\/comments?post=21567"}],"version-history":[{"count":0,"href":"https:\/\/aleeknews.com\/4l33k5\/wp-json\/wp\/v2\/posts\/21567\/revisions"}],"wp:featuredmedia":[{"embeddable":true,"href":"https:\/\/aleeknews.com\/4l33k5\/wp-json\/wp\/v2\/media\/21568"}],"wp:attachment":[{"href":"https:\/\/aleeknews.com\/4l33k5\/wp-json\/wp\/v2\/media?parent=21567"}],"wp:term":[{"taxonomy":"category","embeddable":true,"href":"https:\/\/aleeknews.com\/4l33k5\/wp-json\/wp\/v2\/categories?post=21567"},{"taxonomy":"post_tag","embeddable":true,"href":"https:\/\/aleeknews.com\/4l33k5\/wp-json\/wp\/v2\/tags?post=21567"}],"curies":[{"name":"wp","href":"https:\/\/api.w.org\/{rel}","templated":true}]}}