{"id":21554,"date":"2026-03-12T21:43:23","date_gmt":"2026-03-12T20:43:23","guid":{"rendered":"https:\/\/aleeknews.com\/4l33k5\/2026\/03\/12\/reino-unido-reconoce-haber-derribado-multiples-drones-iranies-en-acciones-defensivas\/"},"modified":"2026-03-12T21:43:23","modified_gmt":"2026-03-12T20:43:23","slug":"reino-unido-reconoce-haber-derribado-multiples-drones-iranies-en-acciones-defensivas","status":"publish","type":"post","link":"https:\/\/aleeknews.com\/4l33k5\/2026\/03\/12\/reino-unido-reconoce-haber-derribado-multiples-drones-iranies-en-acciones-defensivas\/","title":{"rendered":"Reino Unido reconoce haber derribado m\u00faltiples drones iran\u00edes en acciones \u201cdefensivas\u201d"},"content":{"rendered":"<div>\n<p><b>Londres-<\/b> El Gobierno brit\u00e1nico reconoci\u00f3 este jueves haber derribado \u201cm\u00faltiples drones\u201d procedentes de Ir\u00e1n en lo que denomina \u201coperaciones defensivas\u201d en defensa de sus aliados en <a href=\"https:\/\/www.google.com\/goto?url=CAESbQE7q4ylKtPMyBPvT0KrFbVz9d_xNBdKUSWY1jf6a3Uyb1Yf4bAeSRDAKC6z1jtqgg4_0ZtpOfOmxSSdlvV2-QJIcULD1GgjCfc2F_qLYOXrpetPyXSxszuFVmuW64NQ6jxwTCrz21ovLbItvao=\" target=\"_blank\" rel=\"noreferrer\" title=\"https:\/\/www.google.com\/goto?url=CAESbQE7q4ylKtPMyBPvT0KrFbVz9d_xNBdKUSWY1jf6a3Uyb1Yf4bAeSRDAKC6z1jtqgg4_0ZtpOfOmxSSdlvV2-QJIcULD1GgjCfc2F_qLYOXrpetPyXSxszuFVmuW64NQ6jxwTCrz21ovLbItvao=\"><b>Oriente Medio<\/b><\/a>, la \u00faltima de ellas registrada en la noche del mi\u00e9rcoles en Erbil, en el Kurdist\u00e1n iraqu\u00ed. <\/p>\n<p>En su reporte diario, el Ministerio de Defensa del <a href=\"https:\/\/www.google.com\/goto?url=CAESawE7q4ylpOZ3JWgr7cKNDfHB305mI5u_4e8gyK3ld99ZgIpDMBAtjgmvV5eGJIRAgJ7dPBJJzRn4fuo0AaDUuNsfKq9aTVgbUneBMBxgqOdFTZwtP9aXM4jli7VV9M8NqT4L-6RtCWON70fh\" target=\"_blank\" rel=\"noreferrer\" title=\"https:\/\/www.google.com\/goto?url=CAESawE7q4ylpOZ3JWgr7cKNDfHB305mI5u_4e8gyK3ld99ZgIpDMBAtjgmvV5eGJIRAgJ7dPBJJzRn4fuo0AaDUuNsfKq9aTVgbUneBMBxgqOdFTZwtP9aXM4jli7VV9M8NqT4L-6RtCWON70fh\"><b>Reino Unido<\/b><\/a> a\u00f1adi\u00f3 que los pilotos de la fuerza a\u00e9rea brit\u00e1nica han realizado m\u00e1s de 300 horas de vuelo, la mayor\u00eda sobre los cielos de <a href=\"https:\/\/www.google.com\/goto?url=CAEScQE7q4ylO75B4EwmCRBz9v4zIniHwunefI3cPtVLo9tEzgPmdYPC6gj-DH9ket03rFb2TWopWCWfTtAhQGB0Ndbt2JuGrv6qvFdM85ZNAq1m2YZOSOFVpviu2HMcmxw7iEYwqKOSDfuLA9J19wE1fB8a\" target=\"_blank\" rel=\"noreferrer\" title=\"https:\/\/www.google.com\/goto?url=CAEScQE7q4ylO75B4EwmCRBz9v4zIniHwunefI3cPtVLo9tEzgPmdYPC6gj-DH9ket03rFb2TWopWCWfTtAhQGB0Ndbt2JuGrv6qvFdM85ZNAq1m2YZOSOFVpviu2HMcmxw7iEYwqKOSDfuLA9J19wE1fB8a\"><b>Jordania<\/b><\/a>, <a href=\"https:\/\/www.google.com\/goto?url=CAESZQE7q4ylS587oXXY4WH8eR1muXWWaiPnNoa_2MUd87SRblfF6SZQOUu1aVJ6HdkMT2jYbn7hnDZ3agq3O_eAdqPgsvm6M1kPWrKSXp5R8HpgnCxfsSn3wR8ttzl6TXL_XXGWTOdS\" target=\"_blank\" rel=\"noreferrer\" title=\"https:\/\/www.google.com\/goto?url=CAESZQE7q4ylS587oXXY4WH8eR1muXWWaiPnNoa_2MUd87SRblfF6SZQOUu1aVJ6HdkMT2jYbn7hnDZ3agq3O_eAdqPgsvm6M1kPWrKSXp5R8HpgnCxfsSn3wR8ttzl6TXL_XXGWTOdS\"><b>Qatar<\/b><\/a> y <a href=\"https:\/\/www.google.com\/goto?url=CAESdgE7q4ylQKW6NnXOFeNhg1S0i6u2sqF1AMuK6cXmBUv0r7eDuls6Iaoc6QloMjiXfNvUoF3jpUF_pa9SAdaRIeLUZ3UNRYxyxB7GZmzdSnLD_YEVX5EZo3y13Vj-tXbZGf4p0Km919_EwRoYMd06qQq9nD3QRyo=\" target=\"_blank\" rel=\"noreferrer\" title=\"https:\/\/www.google.com\/goto?url=CAESdgE7q4ylQKW6NnXOFeNhg1S0i6u2sqF1AMuK6cXmBUv0r7eDuls6Iaoc6QloMjiXfNvUoF3jpUF_pa9SAdaRIeLUZ3UNRYxyxB7GZmzdSnLD_YEVX5EZo3y13Vj-tXbZGf4p0Km919_EwRoYMd06qQq9nD3QRyo=\"><b>Emiratos \u00c1rabes Unidos<\/b><\/a>, \u201cen defensa de los intereses y aliados brit\u00e1nicos\u201d. <\/p>\n<p><b>La pasada noche, dos bases militares estadounidenses con presencia brit\u00e1nica en Irak, una en Bagdad y otra en Erbil (Kurdist\u00e1n iraqu\u00ed, cerca de Ir\u00e1n) fueron alcanzadas \u201cen varias ocasiones\u201d por ataques iran\u00edes<\/b>, precis\u00f3 hoy el general de brigada brit\u00e1nico Guy Foden durante una visita del secretario de Defensa, John Healey, a la base de Northwood, a las afueras de Londres. <\/p>\n<p>Al repeler el ataque, las fuerzas brit\u00e1nicas en Erbil consiguieron derribar dos de los drones, pero no pudieron evitar los impactos de los otros, que dejaron heridos a varios soldados estadounidenses, seg\u00fan Healey. <\/p>\n<p>El secretario de Defensa a\u00f1adi\u00f3 que esos ataques iran\u00edes fueron muy similares a los que Rusia perpetra en Ucrania, lo que le llev\u00f3 a suponer un apoyo ruso al r\u00e9gimen de Teher\u00e1n: \u201cQue nadie se sorprenda de ver la mano escondida de (el presidente ruso, Vlad\u00edmir) <a href=\"https:\/\/www.google.com\/goto?url=CAESbgE7q4ylV7ulply6vBZnw02RvNxV6xMDqrVCOPxsI0eSlw7ju_RBhA-YJ6HCGcJmGwk3ywt0X_86v2jr96X6A2xB21I6h29g9oE4_bxe5gEN43yLeGwRgM8zdK1DVf1krwVIjYy0xflSEcI0n1rY\" target=\"_blank\" rel=\"noreferrer\" title=\"https:\/\/www.google.com\/goto?url=CAESbgE7q4ylV7ulply6vBZnw02RvNxV6xMDqrVCOPxsI0eSlw7ju_RBhA-YJ6HCGcJmGwk3ywt0X_86v2jr96X6A2xB21I6h29g9oE4_bxe5gEN43yLeGwRgM8zdK1DVf1krwVIjYy0xflSEcI0n1rY\"><b>Putin<\/b><\/a> detr\u00e1s de algunas t\u00e1cticas de los iran\u00edes\u201d, apunt\u00f3. <\/p>\n<div>\n<p><b>1 \/ 13 | <\/b><span> Dos semanas de guerra: as\u00ed se ven Ir\u00e1n, Israel y el L\u00edbano . Un hombre sostiene un cartel del ayatol\u00e1 Mojtaba Jamenei, sucesor de su difunto padre, el ayatol\u00e1 Ali Jamenei, como l\u00edder supremo, durante una concentraci\u00f3n en su apoyo en Teher\u00e1n, Ir\u00e1n, el lunes 9 de marzo de 2026. (AP Photo\/Vahid Salemi)<\/span><i> &#8211; Vahid Salemi<\/i><\/p>\n<\/div>\n<p>El Gobierno laborista de Keir Starmer ha tratado de distanciarse de la<a href=\"https:\/\/www.google.com\/goto?url=CAEScQE7q4ylyzuCwEGwzhSBPNtlpGwo2yFiGpw0GdpkmMlkmoP5HwFpjJMK9XJ-Il3jeJw3_e6GcC7l52VKjtb4dISZYLdEhrwRrrNZOt01_AHwOJffgVd8ktMSPXP4fSduTnc3VnXD7qo2ZZSmnv9r2R-g\" target=\"_blank\" rel=\"noreferrer\" title=\"https:\/\/www.google.com\/goto?url=CAEScQE7q4ylyzuCwEGwzhSBPNtlpGwo2yFiGpw0GdpkmMlkmoP5HwFpjJMK9XJ-Il3jeJw3_e6GcC7l52VKjtb4dISZYLdEhrwRrrNZOt01_AHwOJffgVd8ktMSPXP4fSduTnc3VnXD7qo2ZZSmnv9r2R-g\"><b> guerra lanzada por Estados Unidos e Israel contra Ir\u00e1n<\/b><\/a>, pero al mismo tiempo ha enviado barcos y aviones a Oriente Medio, matizando que participar\u00edan solo en acciones defensivas. <\/p>\n<p>Ha permitido, adem\u00e1s, que la aviaci\u00f3n de Estados Unidos utilice varias de sus bases y ha reconocido que comparte informaci\u00f3n de inteligencia militar, difuminando as\u00ed los cometidos estrictamente \u201cdefensivos\u201d. <\/p>\n<p>Esta actitud ambivalente ha sido una y otra vez criticada por el presidente estadounidense, <a href=\"https:\/\/www.google.com\/goto?url=CAESbAE7q4ylfS7U-RvR1PcVuUZ9IsQ7IM1w7xx6rNQZXn81rm1w_WWHvcU30o4zg3yvI5GZAH2gyiR2VMwmbnW5eJOckvC8ryWX6yVJraW1BEY5SHoFvmDVUkYJ0DhXENRcCSpqlbV783iuMSb7fw==\" target=\"_blank\" rel=\"noreferrer\" title=\"https:\/\/www.google.com\/goto?url=CAESbAE7q4ylfS7U-RvR1PcVuUZ9IsQ7IM1w7xx6rNQZXn81rm1w_WWHvcU30o4zg3yvI5GZAH2gyiR2VMwmbnW5eJOckvC8ryWX6yVJraW1BEY5SHoFvmDVUkYJ0DhXENRcCSpqlbV783iuMSb7fw==\"><b>Donald Trump<\/b><\/a>. Starmer \u201cno ha sido muy colaborador\u201d, dijo la pasada semana el mandatario, y poco despu\u00e9s se\u00f1al\u00f3, de forma despectiva: \u201cNo es que estemos tratando con <a href=\"https:\/\/www.google.com\/goto?url=CAEStwEBO6uMpQ6KrWwwRsr8cNZzT7uT_JVpbNY1jcm0SMpV9f6QA6cUmGHlP6uAykHdaj3Z5u0-l_HAntbVeXBVDbjWnidkIz9rF2KNVkwCJWIFG6FaP_BaoB9OXuOE_1x5STC_WQ0HhHpd2x6i_fEEFAFRiZdi3mSwAIH4XXxsplkxlUDXZ52gTf_xFO5I9C3oh5svj1LdoJt-HqgxV7Bh3SbFECZ9xhbVQgSt8s314JY_rnZSiR5CRu0=\" target=\"_blank\" rel=\"noreferrer\" title=\"https:\/\/www.google.com\/goto?url=CAEStwEBO6uMpQ6KrWwwRsr8cNZzT7uT_JVpbNY1jcm0SMpV9f6QA6cUmGHlP6uAykHdaj3Z5u0-l_HAntbVeXBVDbjWnidkIz9rF2KNVkwCJWIFG6FaP_BaoB9OXuOE_1x5STC_WQ0HhHpd2x6i_fEEFAFRiZdi3mSwAIH4XXxsplkxlUDXZ52gTf_xFO5I9C3oh5svj1LdoJt-HqgxV7Bh3SbFECZ9xhbVQgSt8s314JY_rnZSiR5CRu0=\"><b>Winston Churchill<\/b><\/a>\u201d. <\/p>\n<\/div>\n\n    <div class=\"xs_social_share_widget xs_share_url after_content \t\tmain_content  wslu-style-1 wslu-share-box-shaped wslu-fill-colored wslu-none wslu-share-horizontal wslu-theme-font-no wslu-main_content\">\n\n\t\t\n        <ul>\n\t\t\t        <\/ul>\n    <\/div> \n","protected":false},"excerpt":{"rendered":"<p>Londres- El Gobierno brit\u00e1nico reconoci\u00f3 este jueves haber derribado \u201cm\u00faltiples drones\u201d procedentes de Ir\u00e1n en lo que denomina \u201coperaciones defensivas\u201d en defensa de sus aliados en Oriente Medio , la \u00faltima de ellas registrada en la noche del mi\u00e9rcoles en Erbil, en el Kurdist\u00e1n iraqu\u00ed. En su reporte diario, el Ministerio de Defensa del Reino<\/p>\n","protected":false},"author":2,"featured_media":21555,"comment_status":"open","ping_status":"open","sticky":false,"template":"","format":"standard","meta":{"om_disable_all_campaigns":false,"_monsterinsights_skip_tracking":false,"_monsterinsights_sitenote_active":false,"_monsterinsights_sitenote_note":"","_monsterinsights_sitenote_category":0,"footnotes":""},"categories":[10],"tags":[],"class_list":["post-21554","post","type-post","status-publish","format-standard","has-post-thumbnail","hentry","category-mundo"],"aioseo_notices":[],"_links":{"self":[{"href":"https:\/\/aleeknews.com\/4l33k5\/wp-json\/wp\/v2\/posts\/21554","targetHints":{"allow":["GET"]}}],"collection":[{"href":"https:\/\/aleeknews.com\/4l33k5\/wp-json\/wp\/v2\/posts"}],"about":[{"href":"https:\/\/aleeknews.com\/4l33k5\/wp-json\/wp\/v2\/types\/post"}],"author":[{"embeddable":true,"href":"https:\/\/aleeknews.com\/4l33k5\/wp-json\/wp\/v2\/users\/2"}],"replies":[{"embeddable":true,"href":"https:\/\/aleeknews.com\/4l33k5\/wp-json\/wp\/v2\/comments?post=21554"}],"version-history":[{"count":0,"href":"https:\/\/aleeknews.com\/4l33k5\/wp-json\/wp\/v2\/posts\/21554\/revisions"}],"wp:featuredmedia":[{"embeddable":true,"href":"https:\/\/aleeknews.com\/4l33k5\/wp-json\/wp\/v2\/media\/21555"}],"wp:attachment":[{"href":"https:\/\/aleeknews.com\/4l33k5\/wp-json\/wp\/v2\/media?parent=21554"}],"wp:term":[{"taxonomy":"category","embeddable":true,"href":"https:\/\/aleeknews.com\/4l33k5\/wp-json\/wp\/v2\/categories?post=21554"},{"taxonomy":"post_tag","embeddable":true,"href":"https:\/\/aleeknews.com\/4l33k5\/wp-json\/wp\/v2\/tags?post=21554"}],"curies":[{"name":"wp","href":"https:\/\/api.w.org\/{rel}","templated":true}]}}