{"id":21545,"date":"2026-03-11T23:47:34","date_gmt":"2026-03-11T22:47:34","guid":{"rendered":"https:\/\/aleeknews.com\/4l33k5\/2026\/03\/11\/la-construccion-frida-kahlo-en-manos-de-la-curadora-puertorriquena-mari-carmen-ramirez\/"},"modified":"2026-03-11T23:47:34","modified_gmt":"2026-03-11T22:47:34","slug":"la-construccion-frida-kahlo-en-manos-de-la-curadora-puertorriquena-mari-carmen-ramirez","status":"publish","type":"post","link":"https:\/\/aleeknews.com\/4l33k5\/2026\/03\/11\/la-construccion-frida-kahlo-en-manos-de-la-curadora-puertorriquena-mari-carmen-ramirez\/","title":{"rendered":"La construcci\u00f3n Frida Kahlo en manos de la curadora puertorrique\u00f1a Mari Carmen Ram\u00edrez"},"content":{"rendered":"<div>\n<div data-fusion-lazy-id=\"f0fQYcNoHQKSGL\">\n<div class>\n<p><a href=\"https:\/\/thetrustproject.org\/\"><img decoding=\"async\" src=\"https:\/\/www.elnuevodia.com\/pf\/resources\/v2\/icons\/trust-icon.svg?d=223\"><\/a><\/p>\n<div>\n<p>An\u00e1lisis<\/p>\n<div>\n<p>Basado en hechos reales, en el que se incorpora la experiencia del periodista, quien puede agregar su interpretaci\u00f3n y conclusiones.<\/p>\n<\/div>\n<\/div>\n<\/div>\n<div>\n<h2>En el Museo de Bellas Artes de Houston, la exposici\u00f3n \u201cFrida: The Making of an Icon\u201d analiza la complejidad art\u00edstica, pol\u00edtica y cultural de la pintora mexicana<\/h2>\n<div>\n<p>11 de marzo de 2026 &#8211; 11:10 PM<\/p>\n<\/div>\n<\/div>\n<\/div>\n<div data-fusion-lazy-id=\"f0fIYaQF9GLV14D\">\n<div><picture><source media=\"(max-width: 375px)\" ><source media=\"(max-width: 767px)\" ><source media=\"(max-width: 1023px)\" ><source ><\/picture><figcaption>Frida Kahlo, Self-Portrait (in a Velvet Dress),1926. <span>(Suministrada)<\/span><\/figcaption><\/div>\n<div>\n<p><img decoding=\"async\" alt=\"Antonio Martorell\" src=\"https:\/\/www.elnuevodia.com\/resizer\/v2\/https%3A%2F%2Fs3.amazonaws.com%2Farc-authors%2Fgfrmedia%2F0b0373c4-a2a4-49bb-8ed0-c54e3265b974.png?auth=3636e594ecdebdd8a9b99d75a95fc1b2eacdb225fae77d5596847eb54e701a5e&#038;quality=75&#038;smart=true&#038;width=170&#038;height=147\"><\/p>\n<\/div>\n<div>\n<p>\u201cFree\u201d, del adjetivo libre en ingl\u00e9s y da del verbo dar en espa\u00f1ol se evidencian como un todo en esta exposici\u00f3n <b>\u201cFrida: The Making of an Icon\u201d (Frida: la construcci\u00f3n de un mito)<\/b>. Su legado, al dar libertades m\u00faltiples, contin\u00faa creciendo superando fronteras de tiempo y espacio.<\/p>\n<\/div>\n<\/div>\n<section>\n<header><span>Popular en la Comunidad<\/span><\/header>\n<\/section>\n<\/div>\n\n    <div class=\"xs_social_share_widget xs_share_url after_content \t\tmain_content  wslu-style-1 wslu-share-box-shaped wslu-fill-colored wslu-none wslu-share-horizontal wslu-theme-font-no wslu-main_content\">\n\n\t\t\n        <ul>\n\t\t\t        <\/ul>\n    <\/div> \n","protected":false},"excerpt":{"rendered":"<p>An\u00e1lisis Basado en hechos reales, en el que se incorpora la experiencia del periodista, quien puede agregar su interpretaci\u00f3n y conclusiones. En el Museo de Bellas Artes de Houston, la exposici\u00f3n \u201cFrida: The Making of an Icon\u201d analiza la complejidad art\u00edstica, pol\u00edtica y cultural de la pintora mexicana 11 de marzo de 2026 &#8211; 11:10<\/p>\n","protected":false},"author":2,"featured_media":21546,"comment_status":"open","ping_status":"open","sticky":false,"template":"","format":"standard","meta":{"om_disable_all_campaigns":false,"_monsterinsights_skip_tracking":false,"_monsterinsights_sitenote_active":false,"_monsterinsights_sitenote_note":"","_monsterinsights_sitenote_category":0,"footnotes":""},"categories":[48],"tags":[],"class_list":["post-21545","post","type-post","status-publish","format-standard","has-post-thumbnail","hentry","category-cultura"],"aioseo_notices":[],"_links":{"self":[{"href":"https:\/\/aleeknews.com\/4l33k5\/wp-json\/wp\/v2\/posts\/21545","targetHints":{"allow":["GET"]}}],"collection":[{"href":"https:\/\/aleeknews.com\/4l33k5\/wp-json\/wp\/v2\/posts"}],"about":[{"href":"https:\/\/aleeknews.com\/4l33k5\/wp-json\/wp\/v2\/types\/post"}],"author":[{"embeddable":true,"href":"https:\/\/aleeknews.com\/4l33k5\/wp-json\/wp\/v2\/users\/2"}],"replies":[{"embeddable":true,"href":"https:\/\/aleeknews.com\/4l33k5\/wp-json\/wp\/v2\/comments?post=21545"}],"version-history":[{"count":0,"href":"https:\/\/aleeknews.com\/4l33k5\/wp-json\/wp\/v2\/posts\/21545\/revisions"}],"wp:featuredmedia":[{"embeddable":true,"href":"https:\/\/aleeknews.com\/4l33k5\/wp-json\/wp\/v2\/media\/21546"}],"wp:attachment":[{"href":"https:\/\/aleeknews.com\/4l33k5\/wp-json\/wp\/v2\/media?parent=21545"}],"wp:term":[{"taxonomy":"category","embeddable":true,"href":"https:\/\/aleeknews.com\/4l33k5\/wp-json\/wp\/v2\/categories?post=21545"},{"taxonomy":"post_tag","embeddable":true,"href":"https:\/\/aleeknews.com\/4l33k5\/wp-json\/wp\/v2\/tags?post=21545"}],"curies":[{"name":"wp","href":"https:\/\/api.w.org\/{rel}","templated":true}]}}