{"id":21543,"date":"2026-03-11T23:47:35","date_gmt":"2026-03-11T22:47:35","guid":{"rendered":"https:\/\/aleeknews.com\/4l33k5\/2026\/03\/11\/coro-de-la-upr-fue-invitado-a-prestigiosa-competencia-europea\/"},"modified":"2026-03-11T23:47:35","modified_gmt":"2026-03-11T22:47:35","slug":"coro-de-la-upr-fue-invitado-a-prestigiosa-competencia-europea","status":"publish","type":"post","link":"https:\/\/aleeknews.com\/4l33k5\/2026\/03\/11\/coro-de-la-upr-fue-invitado-a-prestigiosa-competencia-europea\/","title":{"rendered":"Coro de la UPR fue invitado a prestigiosa competencia europea"},"content":{"rendered":"<div>\n<p><b>Coralia, el Coro de Concierto de la <\/b><a href=\"https:\/\/www.elnuevodia.com\/topicos\/universidad-de-puerto-rico\/\" target=\"_self\" rel title=\"https:\/\/www.elnuevodia.com\/topicos\/universidad-de-puerto-rico\/\"><b>Universidad de Puerto Rico<\/b><\/a>, fue invitado a competir en la edici\u00f3n n\u00famero 30 del <b>B\u00e9la Bart\u00f3k Choir Competition<\/b>, uno de los encuentros corales m\u00e1s reconocidos de Europa. <\/p>\n<p>Esta invitaci\u00f3n posiciona a la agrupaci\u00f3n puertorrique\u00f1a en un escenario internacional de alto nivel art\u00edstico, y seg\u00fan el grupo reafirma su excelencia interpretativa y su compromiso con el desarrollo del arte coral.<\/p>\n<p>De esta forma, Coralia se convierte en el \u00fanico coro del Caribe que ha sido invitado a participar en esta competencia de renombre. <\/p>\n<p>La competencia adem\u00e1s forma parte del prestigioso circuito del European Grand Prix for Choral Singing (EGP), considerado el m\u00e1ximo circuito competitivo del canto coral a nivel mundial. <\/p>\n<p>Fundada en 1982 por su directora, Carmen Acevedo Luc\u00edo, Coralia se ha consolidado como una de las agrupaciones corales m\u00e1s activas y galardonadas de Puerto Rico, con una s\u00f3lida trayectoria internacional. <\/p>\n<p>Recientemente, la agrupaci\u00f3n protagoniz\u00f3 la nueva campa\u00f1a de la Compa\u00f1\u00eda de Turismo de Puerto Rico, \u201cYo Te Quiero Puerto Rico\u201d, divulgada a trav\u00e9s de los principales medios de comunicaci\u00f3n del pa\u00eds y presentada en el marco de FITUR 2026, transmitido en vivo desde Puerto Rico para Madrid. <\/p>\n<\/div>\n\n    <div class=\"xs_social_share_widget xs_share_url after_content \t\tmain_content  wslu-style-1 wslu-share-box-shaped wslu-fill-colored wslu-none wslu-share-horizontal wslu-theme-font-no wslu-main_content\">\n\n\t\t\n        <ul>\n\t\t\t        <\/ul>\n    <\/div> \n","protected":false},"excerpt":{"rendered":"<p>Coralia, el Coro de Concierto de la Universidad de Puerto Rico , fue invitado a competir en la edici\u00f3n n\u00famero 30 del B\u00e9la Bart\u00f3k Choir Competition, uno de los encuentros corales m\u00e1s reconocidos de Europa. Esta invitaci\u00f3n posiciona a la agrupaci\u00f3n puertorrique\u00f1a en un escenario internacional de alto nivel art\u00edstico, y seg\u00fan el grupo reafirma<\/p>\n","protected":false},"author":2,"featured_media":21544,"comment_status":"open","ping_status":"open","sticky":false,"template":"","format":"standard","meta":{"om_disable_all_campaigns":false,"_monsterinsights_skip_tracking":false,"_monsterinsights_sitenote_active":false,"_monsterinsights_sitenote_note":"","_monsterinsights_sitenote_category":0,"footnotes":""},"categories":[48],"tags":[],"class_list":["post-21543","post","type-post","status-publish","format-standard","has-post-thumbnail","hentry","category-cultura"],"aioseo_notices":[],"_links":{"self":[{"href":"https:\/\/aleeknews.com\/4l33k5\/wp-json\/wp\/v2\/posts\/21543","targetHints":{"allow":["GET"]}}],"collection":[{"href":"https:\/\/aleeknews.com\/4l33k5\/wp-json\/wp\/v2\/posts"}],"about":[{"href":"https:\/\/aleeknews.com\/4l33k5\/wp-json\/wp\/v2\/types\/post"}],"author":[{"embeddable":true,"href":"https:\/\/aleeknews.com\/4l33k5\/wp-json\/wp\/v2\/users\/2"}],"replies":[{"embeddable":true,"href":"https:\/\/aleeknews.com\/4l33k5\/wp-json\/wp\/v2\/comments?post=21543"}],"version-history":[{"count":0,"href":"https:\/\/aleeknews.com\/4l33k5\/wp-json\/wp\/v2\/posts\/21543\/revisions"}],"wp:featuredmedia":[{"embeddable":true,"href":"https:\/\/aleeknews.com\/4l33k5\/wp-json\/wp\/v2\/media\/21544"}],"wp:attachment":[{"href":"https:\/\/aleeknews.com\/4l33k5\/wp-json\/wp\/v2\/media?parent=21543"}],"wp:term":[{"taxonomy":"category","embeddable":true,"href":"https:\/\/aleeknews.com\/4l33k5\/wp-json\/wp\/v2\/categories?post=21543"},{"taxonomy":"post_tag","embeddable":true,"href":"https:\/\/aleeknews.com\/4l33k5\/wp-json\/wp\/v2\/tags?post=21543"}],"curies":[{"name":"wp","href":"https:\/\/api.w.org\/{rel}","templated":true}]}}