{"id":21539,"date":"2026-03-11T23:47:27","date_gmt":"2026-03-11T22:47:27","guid":{"rendered":"https:\/\/aleeknews.com\/4l33k5\/2026\/03\/11\/sergio-mayer-aclara-rumores-sobre-puerto-rico-tras-su-eliminacion-de-la-casa-de-los-famosos-6\/"},"modified":"2026-03-11T23:47:27","modified_gmt":"2026-03-11T22:47:27","slug":"sergio-mayer-aclara-rumores-sobre-puerto-rico-tras-su-eliminacion-de-la-casa-de-los-famosos-6","status":"publish","type":"post","link":"https:\/\/aleeknews.com\/4l33k5\/2026\/03\/11\/sergio-mayer-aclara-rumores-sobre-puerto-rico-tras-su-eliminacion-de-la-casa-de-los-famosos-6\/","title":{"rendered":"Sergio Mayer aclara rumores sobre Puerto Rico tras su eliminaci\u00f3n de \u201cLa casa de los famosos 6\u201d"},"content":{"rendered":"<div>\n<p>Luego de su inesperada eliminaci\u00f3n a tan solo tres semanas de convivencia, el actor y pol\u00edtico mexicano<a href=\"https:\/\/www.instagram.com\/sergiomayerb\/\" target=\"_self\" rel title=\"https:\/\/www.instagram.com\/sergiomayerb\/\"> <b>Sergio Mayer<\/b><\/a> aprovech\u00f3 su salida para, seg\u00fan enfatiz\u00f3, aclarar varios rumores que circularon en las redes sociales mientras formaba parte de la sexta temporada de <a href=\"https:\/\/www.elnuevodia.com\/topicos\/la-casa-de-los-famosos\/\" target=\"_self\" rel title=\"https:\/\/www.elnuevodia.com\/topicos\/la-casa-de-los-famosos\/\"><b>\u201cLa casa de los famosos\u201d.<\/b><\/a><\/p>\n<p><b>\u201cHay varios mitos que me gustar\u00eda, si me lo permiten y hay tiempo, aclarar\u201d, <\/b>comenz\u00f3 expresando el denominado \u201csensei\u201d durante una entrevista en <a href=\"https:\/\/www.youtube.com\/watch?v=2eRyVr38oSU\" target=\"_self\" rel title=\"https:\/\/www.youtube.com\/watch?v=2eRyVr38oSU\">Hoy D\u00eda<\/a> de <a href=\"https:\/\/www.elnuevodia.com\/topicos\/telemundo\/\" target=\"_self\" rel title=\"https:\/\/www.elnuevodia.com\/topicos\/telemundo\/\"><b>Telemundo.<\/b><\/a><\/p>\n<p><b>\u201cLamento mucho y quiero ofrecerles una disculpa\u2026 est\u00e1n diciendo dentro de los mitos que yo ped\u00ed que no entrara nadie de Puerto Rico. Puerto Rico merece todo mi cari\u00f1o y respeto, jam\u00e1s har\u00eda yo una cosa como esa\u201d<\/b>, expres\u00f3 Mayer.<\/p>\n<p>Sus declaraciones son una respuesta a las expresiones de la modelo boricua y ganadora de la cuarta temporada del <a href=\"https:\/\/www.elnuevodia.com\/topicos\/reality-shows\/\" target=\"_self\" rel title=\"https:\/\/www.elnuevodia.com\/topicos\/reality-shows\/\">\u201creality show\u201d<\/a>,<a href=\"https:\/\/www.elnuevodia.com\/topicos\/maripily\/\" target=\"_self\" rel title=\"https:\/\/www.elnuevodia.com\/topicos\/maripily\/\"><b> Maripily Rivera,<\/b><\/a> quien recientemente coment\u00f3 que la raz\u00f3n por la cual tampoco en esta edici\u00f3n se contempl\u00f3 la participaci\u00f3n de un puertorrique\u00f1o fue debido a las <a href=\"https:\/\/www.elnuevodia.com\/entretenimiento\/television\/notas\/maripily-celebra-eliminacion-de-sergio-mayer-de-lcdlf6-lo-logramos-puerto-rico\/\" target=\"_self\" rel title=\"https:\/\/www.elnuevodia.com\/entretenimiento\/television\/notas\/maripily-celebra-eliminacion-de-sergio-mayer-de-lcdlf6-lo-logramos-puerto-rico\/\">alegadas exigencias de Mayer en su contrato.<\/a><\/p>\n<p><b>\u201cYo jam\u00e1s le quitar\u00eda la oportunidad de trabajo y menos a gente como de Puerto Rico o Santo Domingo, saben que soy una persona que ama esos lugares. No entiendo por qu\u00e9 hicieron correr esos rumores lamentables\u201d<\/b>, lament\u00f3 el actor.<\/p>\n<p>Asimismo, tambi\u00e9n aprovech\u00f3 la entrevista para aclarar rumores sobre su salida, pues fan\u00e1ticos del programa aseguraron que fue una arreglada con la producci\u00f3n. \u201cTampoco acepto que digan que yo arregl\u00e9 con la producci\u00f3n salir por mi trabajo o por este tipo de agresiones. Yo soy una persona profesional, yo respeto el voto del p\u00fablico y jam\u00e1s har\u00eda una cosa como esa\u201d.<\/p>\n<p><h4>La controversia<\/h4>\n<\/p>\n<p>\u201cS\u00ed, yo era amiga de Sergio. <b>Me molesta de Sergio que utiliz\u00f3 mi amistad para poder ganarse a los puertorrique\u00f1os y despu\u00e9s poner en un contrato que no quiere a los puertorrique\u00f1os en el reality, sino \u00e9l no entraba\u201d<\/b>, sostuvo el denominado \u201cHurac\u00e1n boricua\u201d a trav\u00e9s de una historia en su cuenta de <b>Instagram<\/b> al hacer referencia a su amigo estratega, quien fue anunciado como el \u00faltimo participante de esta explosiva y pol\u00e9mica edici\u00f3n justamente el d\u00eda del estreno.<\/p>\n<p><b>\u201cSi ah\u00ed hubiera puertorrique\u00f1os, hubiera igualdad,<\/b> hay de todos los pa\u00edses, pero puertorrique\u00f1os no hay. \u00bfPor qu\u00e9? Porque <b>saben que no importa a quien pongan, se apoyan y ganan, porque nosotros apoyamos este tipo de realities\u201d<\/b>, destac\u00f3 la empresaria en aquel momento.<\/p>\n<div>\n<p><b>1 \/ 23 | <\/b><span> Estos son los habitantes de la sexta temporada de &#8220;La casa de los famosos&#8221;. Lupita Jones: Miss Universe 1991, actriz, escritora y empresaria mexicana. <\/span><i> &#8211; Alexis Cede\u00f1o<\/i><\/p>\n<\/div>\n<\/div>\n\n    <div class=\"xs_social_share_widget xs_share_url after_content \t\tmain_content  wslu-style-1 wslu-share-box-shaped wslu-fill-colored wslu-none wslu-share-horizontal wslu-theme-font-no wslu-main_content\">\n\n\t\t\n        <ul>\n\t\t\t        <\/ul>\n    <\/div> \n","protected":false},"excerpt":{"rendered":"<p>Luego de su inesperada eliminaci\u00f3n a tan solo tres semanas de convivencia, el actor y pol\u00edtico mexicano Sergio Mayer aprovech\u00f3 su salida para, seg\u00fan enfatiz\u00f3, aclarar varios rumores que circularon en las redes sociales mientras formaba parte de la sexta temporada de \u201cLa casa de los famosos\u201d. \u201cHay varios mitos que me gustar\u00eda, si me<\/p>\n","protected":false},"author":2,"featured_media":21540,"comment_status":"open","ping_status":"open","sticky":false,"template":"","format":"standard","meta":{"om_disable_all_campaigns":false,"_monsterinsights_skip_tracking":false,"_monsterinsights_sitenote_active":false,"_monsterinsights_sitenote_note":"","_monsterinsights_sitenote_category":0,"footnotes":""},"categories":[47],"tags":[],"class_list":["post-21539","post","type-post","status-publish","format-standard","has-post-thumbnail","hentry","category-farandula"],"aioseo_notices":[],"_links":{"self":[{"href":"https:\/\/aleeknews.com\/4l33k5\/wp-json\/wp\/v2\/posts\/21539","targetHints":{"allow":["GET"]}}],"collection":[{"href":"https:\/\/aleeknews.com\/4l33k5\/wp-json\/wp\/v2\/posts"}],"about":[{"href":"https:\/\/aleeknews.com\/4l33k5\/wp-json\/wp\/v2\/types\/post"}],"author":[{"embeddable":true,"href":"https:\/\/aleeknews.com\/4l33k5\/wp-json\/wp\/v2\/users\/2"}],"replies":[{"embeddable":true,"href":"https:\/\/aleeknews.com\/4l33k5\/wp-json\/wp\/v2\/comments?post=21539"}],"version-history":[{"count":0,"href":"https:\/\/aleeknews.com\/4l33k5\/wp-json\/wp\/v2\/posts\/21539\/revisions"}],"wp:featuredmedia":[{"embeddable":true,"href":"https:\/\/aleeknews.com\/4l33k5\/wp-json\/wp\/v2\/media\/21540"}],"wp:attachment":[{"href":"https:\/\/aleeknews.com\/4l33k5\/wp-json\/wp\/v2\/media?parent=21539"}],"wp:term":[{"taxonomy":"category","embeddable":true,"href":"https:\/\/aleeknews.com\/4l33k5\/wp-json\/wp\/v2\/categories?post=21539"},{"taxonomy":"post_tag","embeddable":true,"href":"https:\/\/aleeknews.com\/4l33k5\/wp-json\/wp\/v2\/tags?post=21539"}],"curies":[{"name":"wp","href":"https:\/\/api.w.org\/{rel}","templated":true}]}}