{"id":21537,"date":"2026-03-11T23:47:22","date_gmt":"2026-03-11T22:47:22","guid":{"rendered":"https:\/\/aleeknews.com\/4l33k5\/2026\/03\/11\/doble-celebracion-en-el-museo-de-arte-de-puerto-rico\/"},"modified":"2026-03-11T23:47:22","modified_gmt":"2026-03-11T22:47:22","slug":"doble-celebracion-en-el-museo-de-arte-de-puerto-rico","status":"publish","type":"post","link":"https:\/\/aleeknews.com\/4l33k5\/2026\/03\/11\/doble-celebracion-en-el-museo-de-arte-de-puerto-rico\/","title":{"rendered":"Doble celebraci\u00f3n en el Museo de Arte de Puerto Rico"},"content":{"rendered":"<div>\n<p>El <a href=\"https:\/\/elnuevodia.com\/topicos\/MUSEO-DE-ARTE-DE-PUERTO-RICO\" target=\"_self\" rel title=\"https:\/\/elnuevodia.com\/topicos\/MUSEO-DE-ARTE-DE-PUERTO-RICO\"><b>Museo de Arte de Puerto Rico<\/b><\/a> (MAPR) celebrar\u00e1 en grande el cierre de su 25 aniversario con su tradicional gala anual que se llevar\u00e1 a cabo el pr\u00f3ximo 11 de abril de 2026 en el hotel Sheraton Puerto Rico Resort &#038; Casino, en San Juan.<\/p>\n<p>El evento, que para esta edici\u00f3n se titula <b>Gala 2026 Blank Canvas<\/b>, ser\u00e1 el principal esfuerzo de recaudaci\u00f3n de fondos de la instituci\u00f3n y reunir\u00e1 a l\u00edderes culturales, artistas, auspiciadores y seguidores del museo en una velada dedicada al arte, la m\u00fasica y la celebraci\u00f3n de su trayectoria.<\/p>\n<p>La gala se concibe como un \u201clienzo en blanco\u201d, una idea que busca simbolizar una nueva etapa para el MAPR. <\/p>\n<div>\n<figure><picture><source media=\"(max-width: 375px)\" ><source media=\"(max-width: 767px)\" ><source media=\"(max-width: 1023px)\" ><source ><img src=\"https:\/\/www.elnuevodia.com\/resizer\/v2\/VXSYYYLXKBBVJCCG5OG3EXEZ3Q.jpg?auth=cca21deca048feba791515d9a9178ebd196ed9187bb24c39a279e67828906883&#038;quality=75&#038;width=829&#038;smart=true\" alt=\"El c\u00f3digo de vestimenta propuesto es \"Creative Elegance\"\" loading=\"eager\" fetchpriority=\"high\" decoding=\"sync\"><\/picture><figcaption>El c\u00f3digo de vestimenta propuesto es &#8220;Creative Elegance&#8221; (Suministrada)<\/figcaption><\/figure>\n<\/div>\n<p><b>\u201cBlank Canvas es una afirmaci\u00f3n de futuro. Celebramos 25 a\u00f1os de historia, pero, sobre todo, renovamos nuestro compromiso con el arte, la educaci\u00f3n y el pa\u00eds. Esta gala marca el inicio de una nueva etapa para el museo\u201d<\/b>, expres\u00f3 la directora ejecutiva del museo, Mar\u00eda Cristina Gaztambide.<\/p>\n<p>Por su parte, la presidenta de la Junta de S\u00edndicos del museo, Ver\u00f3nica Viso, destac\u00f3 el rol de los auspiciadores en la continuidad de los proyectos culturales y educativos de la instituci\u00f3n. \u201cEl respaldo de nuestros auspiciadores es fundamental para que el Museo contin\u00fae ampliando su impacto cultural y educativo en Puerto Rico. Gala 2026 <i>Blank Canvas <\/i>es una oportunidad para que nuestros aliados se integren a la construcci\u00f3n del pr\u00f3ximo cap\u00edtulo del MAPR\u201d, agreg\u00f3 en declaraciones escritas. <\/p>\n<p>La velada contar\u00e1 con presentaciones musicales en vivo, destac\u00e1dose la participaci\u00f3n del percusionista puertorrique\u00f1o Little Johnny Rivero, el cantante y poeta Flaco Navaja y la cantante Yeika \u00c1lvarez junto a su orquesta. La ambientaci\u00f3n estar\u00e1 a cargo de Emilio Olabarrieta y el banquete ser\u00e1 preparado por el chef ejecutivo del hotel, Jorge Bartolomei.<\/p>\n<p>Como parte del concepto de la gala, el c\u00f3digo de vestimenta propuesto es &#8220;<b>Creative Elegance&#8221;<\/b>, una invitaci\u00f3n a que los asistentes interpreten el tema con un estilo personal que refleje creatividad.<\/p>\n<p>Las personas interesadas en auspicios o boletos pueden comunicarse al 787-977-4449 o al 787-376-4317 para obtener m\u00e1s informaci\u00f3n.<\/p>\n<\/div>\n\n    <div class=\"xs_social_share_widget xs_share_url after_content \t\tmain_content  wslu-style-1 wslu-share-box-shaped wslu-fill-colored wslu-none wslu-share-horizontal wslu-theme-font-no wslu-main_content\">\n\n\t\t\n        <ul>\n\t\t\t        <\/ul>\n    <\/div> \n","protected":false},"excerpt":{"rendered":"<p>El Museo de Arte de Puerto Rico (MAPR) celebrar\u00e1 en grande el cierre de su 25 aniversario con su tradicional gala anual que se llevar\u00e1 a cabo el pr\u00f3ximo 11 de abril de 2026 en el hotel Sheraton Puerto Rico Resort &amp; Casino, en San Juan. El evento, que para esta edici\u00f3n se titula Gala<\/p>\n","protected":false},"author":2,"featured_media":21538,"comment_status":"open","ping_status":"open","sticky":false,"template":"","format":"standard","meta":{"om_disable_all_campaigns":false,"_monsterinsights_skip_tracking":false,"_monsterinsights_sitenote_active":false,"_monsterinsights_sitenote_note":"","_monsterinsights_sitenote_category":0,"footnotes":""},"categories":[36],"tags":[],"class_list":["post-21537","post","type-post","status-publish","format-standard","has-post-thumbnail","hentry","category-magazine"],"aioseo_notices":[],"_links":{"self":[{"href":"https:\/\/aleeknews.com\/4l33k5\/wp-json\/wp\/v2\/posts\/21537","targetHints":{"allow":["GET"]}}],"collection":[{"href":"https:\/\/aleeknews.com\/4l33k5\/wp-json\/wp\/v2\/posts"}],"about":[{"href":"https:\/\/aleeknews.com\/4l33k5\/wp-json\/wp\/v2\/types\/post"}],"author":[{"embeddable":true,"href":"https:\/\/aleeknews.com\/4l33k5\/wp-json\/wp\/v2\/users\/2"}],"replies":[{"embeddable":true,"href":"https:\/\/aleeknews.com\/4l33k5\/wp-json\/wp\/v2\/comments?post=21537"}],"version-history":[{"count":0,"href":"https:\/\/aleeknews.com\/4l33k5\/wp-json\/wp\/v2\/posts\/21537\/revisions"}],"wp:featuredmedia":[{"embeddable":true,"href":"https:\/\/aleeknews.com\/4l33k5\/wp-json\/wp\/v2\/media\/21538"}],"wp:attachment":[{"href":"https:\/\/aleeknews.com\/4l33k5\/wp-json\/wp\/v2\/media?parent=21537"}],"wp:term":[{"taxonomy":"category","embeddable":true,"href":"https:\/\/aleeknews.com\/4l33k5\/wp-json\/wp\/v2\/categories?post=21537"},{"taxonomy":"post_tag","embeddable":true,"href":"https:\/\/aleeknews.com\/4l33k5\/wp-json\/wp\/v2\/tags?post=21537"}],"curies":[{"name":"wp","href":"https:\/\/api.w.org\/{rel}","templated":true}]}}