{"id":21533,"date":"2026-03-11T23:47:01","date_gmt":"2026-03-11T22:47:01","guid":{"rendered":"https:\/\/aleeknews.com\/4l33k5\/2026\/03\/11\/taller-gratuito-sobre-tecnicas-de-relajacion-para-mejorar-el-sueno\/"},"modified":"2026-03-11T23:47:01","modified_gmt":"2026-03-11T22:47:01","slug":"taller-gratuito-sobre-tecnicas-de-relajacion-para-mejorar-el-sueno","status":"publish","type":"post","link":"https:\/\/aleeknews.com\/4l33k5\/2026\/03\/11\/taller-gratuito-sobre-tecnicas-de-relajacion-para-mejorar-el-sueno\/","title":{"rendered":"Taller gratuito sobre t\u00e9cnicas de relajaci\u00f3n para mejorar el sue\u00f1o"},"content":{"rendered":"<div>\n<p>En respuesta al creciente n\u00famero de personas que enfrentan dificultades para <a href=\"https:\/\/www.elnuevodia.com\/estilos-de-vida\/salud\/notas\/no-puedes-dormir-bien-lo-que-no-debes-hacer-antes-de-acostarte\/\" target=\"_blank\" rel=\"noreferrer\" title=\"https:\/\/www.elnuevodia.com\/estilos-de-vida\/salud\/notas\/no-puedes-dormir-bien-lo-que-no-debes-hacer-antes-de-acostarte\/\"><b>dormir<\/b><\/a> o manejar el <a href=\"https:\/\/www.elnuevodia.com\/topicos\/estres\/\" target=\"_blank\" rel=\"noreferrer\" title=\"https:\/\/www.elnuevodia.com\/topicos\/estres\/\"><b>estr\u00e9s<\/b><\/a><b> <\/b>diario, el Centro Cultural Yoga Devanand anunci\u00f3 que ofrecer\u00e1 un taller gratis de relajaci\u00f3n y descanso.<\/p>\n<p>Y es que dormir mal se ha convertido en un problema cada vez m\u00e1s com\u00fan. Seg\u00fan se se\u00f1al\u00f3, estudios estiman que alrededor de uno de cada cinco adultos experimentan problemas relacionados con el <a href=\"https:\/\/www.elnuevodia.com\/topicos\/sueno\/\" target=\"_blank\" rel=\"noreferrer\" title=\"https:\/\/www.elnuevodia.com\/topicos\/sueno\/\"><b>sue\u00f1o<\/b><\/a>, mientras que condiciones como el estr\u00e9s y la <a href=\"https:\/\/www.elnuevodia.com\/topicos\/ansiedad\/\" target=\"_blank\" rel=\"noreferrer\" title=\"https:\/\/www.elnuevodia.com\/topicos\/ansiedad\/\"><b>ansiedad <\/b><\/a>pueden afectar significativamente la calidad del descanso.<\/p>\n<p><b>\u201cEl estr\u00e9s acumulado durante el d\u00eda muchas veces es el responsable de que las personas no logren conciliar el sue\u00f1o o se despierten durante la noche\u201d,<\/b> explic\u00f3 por escrito H\u00e9ctor Rivera, instructor de Mantra Yoga Meditaci\u00f3n del Centro Cultural Yoga Devanand. <\/p>\n<div>\n<figure><picture><source media=\"(max-width: 375px)\" ><source media=\"(max-width: 767px)\" ><source media=\"(max-width: 1023px)\" ><source ><img src=\"https:\/\/www.elnuevodia.com\/resizer\/v2\/IPJSEM5MGVGGTAM6LAOWYKH5AI.jpg?auth=a25db1b6696a3c40a7f32611787d10fa3490f330ff6c0c75934e87f1ba465312&#038;quality=75&#038;width=829&#038;smart=true\" alt=\"Pr\u00e1ctica del yoga.\" loading=\"eager\" fetchpriority=\"high\" decoding=\"sync\"><\/picture><figcaption>Pr\u00e1ctica del yoga. (Shutterstock)<\/figcaption><\/figure>\n<\/div>\n<p><b>\u201cA trav\u00e9s de t\u00e9cnicas de respiraci\u00f3n consciente y ejercicios sencillos de<\/b> <a href=\"https:\/\/www.elnuevodia.com\/topicos\/yoga\/\" target=\"_blank\" rel=\"noreferrer\" title=\"https:\/\/www.elnuevodia.com\/topicos\/yoga\/\"><b>yoga<\/b><\/a>, es posible ayudar al cuerpo y a la mente a relajarse para lograr un descanso m\u00e1s profundo y reparador\u201d, agreg\u00f3.<\/p>\n<p>Durante el taller, los participantes aprender\u00e1n <a href=\"https:\/\/www.elnuevodia.com\/estilos-de-vida\/salud\/notas\/tecnicas-de-respiracion-que-te-ayudaran-a-relajarte\/?templateId=OTB2HAZL1TSY&#038;templateVariantId=OTVG58JHKTYQZ&#038;experienceID=EXRSL2YIUINN\" target=\"_blank\" rel=\"noreferrer\" title=\"https:\/\/www.elnuevodia.com\/estilos-de-vida\/salud\/notas\/tecnicas-de-respiracion-que-te-ayudaran-a-relajarte\/?templateId=OTB2HAZL1TSY&#038;templateVariantId=OTVG58JHKTYQZ&#038;experienceID=EXRSL2YIUINN\"><b>t\u00e9cnicas pr\u00e1cticas de respiraci\u00f3n<\/b><\/a>, relajaci\u00f3n y movimientos suaves de yoga que pueden integrarse f\u00e1cilmente en la rutina diaria.<\/p>\n<p><b>El taller tendr\u00e1 una duraci\u00f3n aproximada de dos horas y se llevar\u00e1 a cabo el s\u00e1bado, 14 de marzo a las 10:30 a.m. <\/b>en las instalaciones del Centro Cultural Yoga Devanand, con 45 a\u00f1os de servicio a la comunidad puertorrique\u00f1a, ubicado en la Calle 13 SO #824, en Caparra Terrace (entrando por la Escuela Gabriela Mistral en la avenida Jes\u00fas T. Pi\u00f1ero), San Juan.<\/p>\n<p>Los organizadores recomiendan asistir con ropa c\u00f3moda y llevar una toalla o mat de ejercicios. Para m\u00e1s informaci\u00f3n, los interesados pueden llamar al 787-273-0236.<\/p>\n<\/div>\n\n    <div class=\"xs_social_share_widget xs_share_url after_content \t\tmain_content  wslu-style-1 wslu-share-box-shaped wslu-fill-colored wslu-none wslu-share-horizontal wslu-theme-font-no wslu-main_content\">\n\n\t\t\n        <ul>\n\t\t\t        <\/ul>\n    <\/div> \n","protected":false},"excerpt":{"rendered":"<p>En respuesta al creciente n\u00famero de personas que enfrentan dificultades para dormir o manejar el estr\u00e9s diario, el Centro Cultural Yoga Devanand anunci\u00f3 que ofrecer\u00e1 un taller gratis de relajaci\u00f3n y descanso. Y es que dormir mal se ha convertido en un problema cada vez m\u00e1s com\u00fan. Seg\u00fan se se\u00f1al\u00f3, estudios estiman que alrededor de<\/p>\n","protected":false},"author":2,"featured_media":21534,"comment_status":"open","ping_status":"open","sticky":false,"template":"","format":"standard","meta":{"om_disable_all_campaigns":false,"_monsterinsights_skip_tracking":false,"_monsterinsights_sitenote_active":false,"_monsterinsights_sitenote_note":"","_monsterinsights_sitenote_category":0,"footnotes":""},"categories":[38],"tags":[],"class_list":["post-21533","post","type-post","status-publish","format-standard","has-post-thumbnail","hentry","category-estilo-de-vida"],"aioseo_notices":[],"_links":{"self":[{"href":"https:\/\/aleeknews.com\/4l33k5\/wp-json\/wp\/v2\/posts\/21533","targetHints":{"allow":["GET"]}}],"collection":[{"href":"https:\/\/aleeknews.com\/4l33k5\/wp-json\/wp\/v2\/posts"}],"about":[{"href":"https:\/\/aleeknews.com\/4l33k5\/wp-json\/wp\/v2\/types\/post"}],"author":[{"embeddable":true,"href":"https:\/\/aleeknews.com\/4l33k5\/wp-json\/wp\/v2\/users\/2"}],"replies":[{"embeddable":true,"href":"https:\/\/aleeknews.com\/4l33k5\/wp-json\/wp\/v2\/comments?post=21533"}],"version-history":[{"count":0,"href":"https:\/\/aleeknews.com\/4l33k5\/wp-json\/wp\/v2\/posts\/21533\/revisions"}],"wp:featuredmedia":[{"embeddable":true,"href":"https:\/\/aleeknews.com\/4l33k5\/wp-json\/wp\/v2\/media\/21534"}],"wp:attachment":[{"href":"https:\/\/aleeknews.com\/4l33k5\/wp-json\/wp\/v2\/media?parent=21533"}],"wp:term":[{"taxonomy":"category","embeddable":true,"href":"https:\/\/aleeknews.com\/4l33k5\/wp-json\/wp\/v2\/categories?post=21533"},{"taxonomy":"post_tag","embeddable":true,"href":"https:\/\/aleeknews.com\/4l33k5\/wp-json\/wp\/v2\/tags?post=21533"}],"curies":[{"name":"wp","href":"https:\/\/api.w.org\/{rel}","templated":true}]}}