{"id":21531,"date":"2026-03-11T23:46:25","date_gmt":"2026-03-11T22:46:25","guid":{"rendered":"https:\/\/aleeknews.com\/4l33k5\/2026\/03\/11\/imparable-el-alza-en-el-precio-de-los-alimentos\/"},"modified":"2026-03-11T23:46:25","modified_gmt":"2026-03-11T22:46:25","slug":"imparable-el-alza-en-el-precio-de-los-alimentos","status":"publish","type":"post","link":"https:\/\/aleeknews.com\/4l33k5\/2026\/03\/11\/imparable-el-alza-en-el-precio-de-los-alimentos\/","title":{"rendered":"Imparable el alza en el precio de los alimentos"},"content":{"rendered":"<div>\n<div data-fusion-lazy-id=\"f0f5G41E11Y61Ck\">\n<div data-testid=\"global-header-test\">\n<hr>\n<p><span>Bolsa de valores <b>10:46 PM<\/b><\/span><\/p>\n<\/div>\n<div data-testid=\"test-post-copy\">\n<div>\n<p>S&#038;P 500 &#8211; (CFD)<\/p>\n<p>6775.79<\/p>\n<p>-0.08%<\/p>\n<\/div>\n<p><span> \u00b7 <\/span><\/p>\n<p><span> \u00b7 <\/span><\/p>\n<\/div>\n<\/div>\n<div>\n<div data-fusion-lazy-id=\"f0f9tfiOw0362nv\">\n<div class>\n<p><a href=\"https:\/\/thetrustproject.org\/\"><img decoding=\"async\" src=\"https:\/\/www.elnuevodia.com\/pf\/resources\/v2\/icons\/trust-icon.svg?d=223\"><\/a><\/p>\n<div>\n<p>Se adhiere a los criterios de The Trust Project<\/p>\n<\/div>\n<\/div>\n<div>\n<h2>Cada vez hay m\u00e1s productos que suben su costo y en las pr\u00f3ximas semanas habr\u00e1 nuevos aumentos, entre ellos el arroz<\/h2>\n<div>\n<p>23 de mayo de 2021 &#8211; 11:40 PM<\/p>\n<\/div>\n<div>\n<p><b>Archivo<\/b><\/p>\n<p>Esta historia fue publicada hace m\u00e1s de 4 a\u00f1os.<\/p>\n<\/div>\n<\/div>\n<\/div>\n<div data-fusion-lazy-id=\"f0f8wxHIPTYNet\">\n<div><picture><source media=\"(max-width: 375px)\" ><source media=\"(max-width: 767px)\" ><source media=\"(max-width: 1023px)\" ><source ><\/picture><figcaption>El costo de las carnes se ha disparado, entre 16% y 31%, dependiendo del corte y tipo de prote\u00edna. Y, seg\u00fan conocedores de la industria de alimentos, el pollo fresco local ha comenzado a escasear en meses recientes. <span>(Archivo \/ Ram\u00f3n &#8220;Tonito&#8221; Zayas)<\/span><\/figcaption><\/div>\n<div>\n<p><img decoding=\"async\" alt=\"Marian D\u00edaz\" src=\"https:\/\/www.elnuevodia.com\/resizer\/v2\/https%3A%2F%2Fs3.amazonaws.com%2Farc-authors%2Fgfrmedia%2F14e09c78-76d5-47d9-b618-5a2cb8be0d96.png?auth=a5fd05e26d54c23523ae1b9d6ad49f1f9eab86e6cf3871570e6f0e82aec6fae9&#038;quality=75&#038;smart=true&#038;width=170&#038;height=147\"><\/p>\n<\/div>\n<div>\n<p>Si usted ha notado c\u00f3mo se han disparado los precios de los alimentos en los \u00faltimos meses, sepa que<b> en las pr\u00f3ximas semanas podr\u00eda haber m\u00e1s aumentos en un sinf\u00edn de productos <\/b>y que esa tendencia podr\u00eda continuar hasta, por lo menos, finales de este a\u00f1o, seg\u00fan representantes de la industria alimentaria entrevistados por Negocios.<\/p>\n<\/div>\n<\/div>\n<section>\n<header><span>Popular en la Comunidad<\/span><\/header>\n<\/section>\n<\/div>\n<\/div>\n\n    <div class=\"xs_social_share_widget xs_share_url after_content \t\tmain_content  wslu-style-1 wslu-share-box-shaped wslu-fill-colored wslu-none wslu-share-horizontal wslu-theme-font-no wslu-main_content\">\n\n\t\t\n        <ul>\n\t\t\t        <\/ul>\n    <\/div> \n","protected":false},"excerpt":{"rendered":"<p>Bolsa de valores 10:46 PM S&amp;P 500 &#8211; (CFD) 6775.79 -0.08% \u00b7 \u00b7 Se adhiere a los criterios de The Trust Project Cada vez hay m\u00e1s productos que suben su costo y en las pr\u00f3ximas semanas habr\u00e1 nuevos aumentos, entre ellos el arroz 23 de mayo de 2021 &#8211; 11:40 PM Archivo Esta historia fue<\/p>\n","protected":false},"author":2,"featured_media":21532,"comment_status":"open","ping_status":"open","sticky":false,"template":"","format":"standard","meta":{"om_disable_all_campaigns":false,"_monsterinsights_skip_tracking":false,"_monsterinsights_sitenote_active":false,"_monsterinsights_sitenote_note":"","_monsterinsights_sitenote_category":0,"footnotes":""},"categories":[5],"tags":[],"class_list":["post-21531","post","type-post","status-publish","format-standard","has-post-thumbnail","hentry","category-negocios"],"aioseo_notices":[],"_links":{"self":[{"href":"https:\/\/aleeknews.com\/4l33k5\/wp-json\/wp\/v2\/posts\/21531","targetHints":{"allow":["GET"]}}],"collection":[{"href":"https:\/\/aleeknews.com\/4l33k5\/wp-json\/wp\/v2\/posts"}],"about":[{"href":"https:\/\/aleeknews.com\/4l33k5\/wp-json\/wp\/v2\/types\/post"}],"author":[{"embeddable":true,"href":"https:\/\/aleeknews.com\/4l33k5\/wp-json\/wp\/v2\/users\/2"}],"replies":[{"embeddable":true,"href":"https:\/\/aleeknews.com\/4l33k5\/wp-json\/wp\/v2\/comments?post=21531"}],"version-history":[{"count":0,"href":"https:\/\/aleeknews.com\/4l33k5\/wp-json\/wp\/v2\/posts\/21531\/revisions"}],"wp:featuredmedia":[{"embeddable":true,"href":"https:\/\/aleeknews.com\/4l33k5\/wp-json\/wp\/v2\/media\/21532"}],"wp:attachment":[{"href":"https:\/\/aleeknews.com\/4l33k5\/wp-json\/wp\/v2\/media?parent=21531"}],"wp:term":[{"taxonomy":"category","embeddable":true,"href":"https:\/\/aleeknews.com\/4l33k5\/wp-json\/wp\/v2\/categories?post=21531"},{"taxonomy":"post_tag","embeddable":true,"href":"https:\/\/aleeknews.com\/4l33k5\/wp-json\/wp\/v2\/tags?post=21531"}],"curies":[{"name":"wp","href":"https:\/\/api.w.org\/{rel}","templated":true}]}}