{"id":21529,"date":"2026-03-11T23:46:26","date_gmt":"2026-03-11T22:46:26","guid":{"rendered":"https:\/\/aleeknews.com\/4l33k5\/2026\/03\/11\/daco-actualiza-precios-de-la-canasta-de-emergencia\/"},"modified":"2026-03-11T23:46:26","modified_gmt":"2026-03-11T22:46:26","slug":"daco-actualiza-precios-de-la-canasta-de-emergencia","status":"publish","type":"post","link":"https:\/\/aleeknews.com\/4l33k5\/2026\/03\/11\/daco-actualiza-precios-de-la-canasta-de-emergencia\/","title":{"rendered":"DACO actualiza precios de la canasta de emergencia"},"content":{"rendered":"<div>\n<div data-fusion-lazy-id=\"f0f5G41E11Y61Ck\">\n<div data-testid=\"global-header-test\">\n<hr>\n<p><span>Bolsa de valores <b>10:46 PM<\/b><\/span><\/p>\n<\/div>\n<div data-testid=\"test-post-copy\">\n<div>\n<p>S&#038;P 500 &#8211; (CFD)<\/p>\n<p>6775.79<\/p>\n<p>-0.08%<\/p>\n<\/div>\n<p><span> \u00b7 <\/span><\/p>\n<p><span> \u00b7 <\/span><\/p>\n<\/div>\n<\/div>\n<div>\n<div data-fusion-lazy-id=\"f0f9tfiOw0362nv\">\n<div class>\n<p><a href=\"https:\/\/thetrustproject.org\/\"><img decoding=\"async\" src=\"https:\/\/www.elnuevodia.com\/pf\/resources\/v2\/icons\/trust-icon.svg?d=223\"><\/a><\/p>\n<div>\n<p>Se adhiere a los criterios de The Trust Project<\/p>\n<\/div>\n<\/div>\n<div>\n<h2>La agencia seguir\u00e1 de cerca el monitoreo de precios y exhorta al consumidor a estar preparado durante la temporada de huracanes<\/h2>\n<div>\n<p>29 de junio de 2021 &#8211; 10:02 AM<\/p>\n<\/div>\n<div>\n<p><b>Archivo<\/b><\/p>\n<p>Esta historia fue publicada hace m\u00e1s de 4 a\u00f1os.<\/p>\n<\/div>\n<\/div>\n<\/div>\n<div data-fusion-lazy-id=\"f0f8wxHIPTYNet\">\n<div><picture><source media=\"(max-width: 375px)\" ><source media=\"(max-width: 767px)\" ><source media=\"(max-width: 1023px)\" ><source ><\/picture><figcaption>La lista comprendida en la \u201ccanasta de emergencia\u201d incluye varios grupos de alimentos, como son: cereales y farin\u00e1ceos, hortalizas o vegetales y legumbres; frutas; prote\u00ednas enlatadas y l\u00e1cteos. <span>(Shutterstock)<\/span><\/figcaption><\/div>\n<div>\n<p>El secretario del <a href=\"https:\/\/www.elnuevodia.com\/topicos\/daco\/\" target=\"_blank\">Departamento de Asuntos del Consumidor (DACO)<\/a>, Edan Rivera Rodr\u00edguez, inform\u00f3 hoy que, <b>como parte de los preparativos para la temporada de huracanes, la agencia recopil\u00f3 los precios promedio de productos de primera necesidad en \u00e9pocas de emergencia.<\/b> Dichos productos se incluyeron en una Orden de Monitoreo de DACO, con el fin de poder seguir de cerca el comportamiento de precios en el mercado, y actualizar los promedios peri\u00f3dicamente.<\/p>\n<\/div>\n<\/div>\n<section>\n<header><span>Popular en la Comunidad<\/span><\/header>\n<\/section>\n<\/div>\n<\/div>\n\n    <div class=\"xs_social_share_widget xs_share_url after_content \t\tmain_content  wslu-style-1 wslu-share-box-shaped wslu-fill-colored wslu-none wslu-share-horizontal wslu-theme-font-no wslu-main_content\">\n\n\t\t\n        <ul>\n\t\t\t        <\/ul>\n    <\/div> \n","protected":false},"excerpt":{"rendered":"<p>Bolsa de valores 10:46 PM S&amp;P 500 &#8211; (CFD) 6775.79 -0.08% \u00b7 \u00b7 Se adhiere a los criterios de The Trust Project La agencia seguir\u00e1 de cerca el monitoreo de precios y exhorta al consumidor a estar preparado durante la temporada de huracanes 29 de junio de 2021 &#8211; 10:02 AM Archivo Esta historia fue<\/p>\n","protected":false},"author":2,"featured_media":21530,"comment_status":"open","ping_status":"open","sticky":false,"template":"","format":"standard","meta":{"om_disable_all_campaigns":false,"_monsterinsights_skip_tracking":false,"_monsterinsights_sitenote_active":false,"_monsterinsights_sitenote_note":"","_monsterinsights_sitenote_category":0,"footnotes":""},"categories":[5],"tags":[],"class_list":["post-21529","post","type-post","status-publish","format-standard","has-post-thumbnail","hentry","category-negocios"],"aioseo_notices":[],"_links":{"self":[{"href":"https:\/\/aleeknews.com\/4l33k5\/wp-json\/wp\/v2\/posts\/21529","targetHints":{"allow":["GET"]}}],"collection":[{"href":"https:\/\/aleeknews.com\/4l33k5\/wp-json\/wp\/v2\/posts"}],"about":[{"href":"https:\/\/aleeknews.com\/4l33k5\/wp-json\/wp\/v2\/types\/post"}],"author":[{"embeddable":true,"href":"https:\/\/aleeknews.com\/4l33k5\/wp-json\/wp\/v2\/users\/2"}],"replies":[{"embeddable":true,"href":"https:\/\/aleeknews.com\/4l33k5\/wp-json\/wp\/v2\/comments?post=21529"}],"version-history":[{"count":0,"href":"https:\/\/aleeknews.com\/4l33k5\/wp-json\/wp\/v2\/posts\/21529\/revisions"}],"wp:featuredmedia":[{"embeddable":true,"href":"https:\/\/aleeknews.com\/4l33k5\/wp-json\/wp\/v2\/media\/21530"}],"wp:attachment":[{"href":"https:\/\/aleeknews.com\/4l33k5\/wp-json\/wp\/v2\/media?parent=21529"}],"wp:term":[{"taxonomy":"category","embeddable":true,"href":"https:\/\/aleeknews.com\/4l33k5\/wp-json\/wp\/v2\/categories?post=21529"},{"taxonomy":"post_tag","embeddable":true,"href":"https:\/\/aleeknews.com\/4l33k5\/wp-json\/wp\/v2\/tags?post=21529"}],"curies":[{"name":"wp","href":"https:\/\/api.w.org\/{rel}","templated":true}]}}