{"id":21518,"date":"2026-03-11T23:46:33","date_gmt":"2026-03-11T22:46:33","guid":{"rendered":"https:\/\/aleeknews.com\/4l33k5\/2026\/03\/11\/continua-a-la-baja-la-venta-de-autos-nuevos-en-puerto-rico\/"},"modified":"2026-03-11T23:46:33","modified_gmt":"2026-03-11T22:46:33","slug":"continua-a-la-baja-la-venta-de-autos-nuevos-en-puerto-rico","status":"publish","type":"post","link":"https:\/\/aleeknews.com\/4l33k5\/2026\/03\/11\/continua-a-la-baja-la-venta-de-autos-nuevos-en-puerto-rico\/","title":{"rendered":"Contin\u00faa a la baja la venta de autos nuevos en Puerto Rico"},"content":{"rendered":"<div>\n<p>La venta de autos nuevos en Puerto Rico cerr\u00f3 el segundo mes del a\u00f1o con una ca\u00edda de 13.4%, report\u00f3 el <a href=\"https:\/\/www.elnuevodia.com\/topicos\/venta-de-autos\/\" target=\"_blank\" rel=\"noreferrer\" title=\"https:\/\/www.elnuevodia.com\/topicos\/venta-de-autos\/\">Grupo Unido de Importadores de Autos<\/a> (GUIA).<\/p>\n<p>Febrero termin\u00f3 con 7,722 unidades vendidas, 1,202 menos que durante el mismo periodo en 2025, cuando el n\u00famero se coloc\u00f3 en 8,924.<\/p>\n<p><b>Ros\u00e1ngela Guerra<\/b>, presidenta de GUIA, destac\u00f3 que el comportamiento del mes pasado fue similar al de enero, que tambi\u00e9n registr\u00f3 una reducci\u00f3n de casi 14%.<\/p>\n<p><b>\u201cEste resultado responde a los mismos factores que consideramos al presentar nuestras proyecciones para 2026, entre ellos, la desaceleraci\u00f3n general de la econom\u00eda, las altas <\/b><a href=\"https:\/\/www.elnuevodia.com\/topicos\/tasa-de-interes\/\" target=\"_blank\" rel=\"noreferrer\" title=\"https:\/\/www.elnuevodia.com\/topicos\/tasa-de-interes\/\"><b>tasas de inter\u00e9s<\/b><\/a><b>, la inflaci\u00f3n y el aumento en los precios asociados a la imposici\u00f3n de aranceles\u201d<\/b>, se\u00f1al\u00f3 Guerra en un comunicado de prensa.<\/p>\n<p>\u201cNos mantendremos atentos a estas condiciones y a otras que puedan surgir como consecuencia de las tensiones geopol\u00edticas que contin\u00faan desarroll\u00e1ndose. Por otro lado, <b>reiteramos la importancia de reformar el sistema de arbitrios que actualmente aplica a los veh\u00edculos de motor, para que beneficie al consumidor<\/b>, a la industria y al gobierno\u201d, a\u00f1adi\u00f3 la tambi\u00e9n directora de Ford para Puerto Rico, Centroam\u00e9rica y el Caribe.<\/p>\n<p>A tenor con GUIA, <b>los segmentos de sedanes mini compactos y mini compactos <\/b><i><b>premium<\/b><\/i><b>, fueron los m\u00e1s impactados, con una disminuci\u00f3n de 62%, seguidos del segmento de SUV compactos, que experiment\u00f3 una reducci\u00f3n de 50%<\/b>.<\/p>\n<p>Mientras, los segmentos de vanes y de SUV medianas registraron un aumento de 20% cada uno.<\/p>\n<p>Al observar el comportamiento de los fabricantes, las marcas japonesas dominaron el mercado, con la venta de 3,853 unidades. De ese total, Toyota vendi\u00f3 2,241 autos nuevos.<\/p>\n<p><b>Las marcas coreanas vendieron 2,165 unidades. <\/b><a href=\"https:\/\/www.elnuevodia.com\/topicos\/hyundai\/\" target=\"_blank\" rel=\"noreferrer\" title=\"https:\/\/www.elnuevodia.com\/topicos\/hyundai\/\"><b>Hyundai<\/b><\/a><b> repiti\u00f3 como el fabricante coreano de mayor demanda (1,438 unidades) y <\/b><a href=\"https:\/\/www.elnuevodia.com\/topicos\/kia\/\" target=\"_blank\" rel=\"noreferrer\" title=\"https:\/\/www.elnuevodia.com\/topicos\/kia\/\"><b>Kia<\/b><\/a><b> se mantuvo en el segundo puesto, con la venta 711 autos nuevos.<\/b><\/p>\n<p>Del lado de los fabricantes estadounidenses, las ventas ascendieron a 1,140, con <a href=\"https:\/\/www.elnuevodia.com\/topicos\/ford\/\" target=\"_blank\" rel=\"noreferrer\" title=\"https:\/\/www.elnuevodia.com\/topicos\/ford\/\">Ford<\/a> a la cabeza (643 unidades).<\/p>\n<p>Las marcas europeas, mientras tanto, vendieron 564 unidades. En ese grupo, BMW retuvo el liderato al vender 205 carros nuevos.<\/p>\n<p>De todos los fabricantes, Mercedes, Mazda y <a href=\"https:\/\/www.elnuevodia.com\/topicos\/honda\/\" target=\"_blank\" rel=\"noreferrer\" title=\"https:\/\/www.elnuevodia.com\/topicos\/honda\/\">Honda<\/a> fueron las marcas que m\u00e1s crecieron durante febrero pasado, con aumentos de 23%, 19% y 8%, respectivamente.<\/p>\n<\/div>\n\n    <div class=\"xs_social_share_widget xs_share_url after_content \t\tmain_content  wslu-style-1 wslu-share-box-shaped wslu-fill-colored wslu-none wslu-share-horizontal wslu-theme-font-no wslu-main_content\">\n\n\t\t\n        <ul>\n\t\t\t        <\/ul>\n    <\/div> \n","protected":false},"excerpt":{"rendered":"<p>La venta de autos nuevos en Puerto Rico cerr\u00f3 el segundo mes del a\u00f1o con una ca\u00edda de 13.4%, report\u00f3 el Grupo Unido de Importadores de Autos (GUIA). Febrero termin\u00f3 con 7,722 unidades vendidas, 1,202 menos que durante el mismo periodo en 2025, cuando el n\u00famero se coloc\u00f3 en 8,924. Ros\u00e1ngela Guerra, presidenta de GUIA<\/p>\n","protected":false},"author":2,"featured_media":21519,"comment_status":"open","ping_status":"open","sticky":false,"template":"","format":"standard","meta":{"om_disable_all_campaigns":false,"_monsterinsights_skip_tracking":false,"_monsterinsights_sitenote_active":false,"_monsterinsights_sitenote_note":"","_monsterinsights_sitenote_category":0,"footnotes":""},"categories":[5],"tags":[],"class_list":["post-21518","post","type-post","status-publish","format-standard","has-post-thumbnail","hentry","category-negocios"],"aioseo_notices":[],"_links":{"self":[{"href":"https:\/\/aleeknews.com\/4l33k5\/wp-json\/wp\/v2\/posts\/21518","targetHints":{"allow":["GET"]}}],"collection":[{"href":"https:\/\/aleeknews.com\/4l33k5\/wp-json\/wp\/v2\/posts"}],"about":[{"href":"https:\/\/aleeknews.com\/4l33k5\/wp-json\/wp\/v2\/types\/post"}],"author":[{"embeddable":true,"href":"https:\/\/aleeknews.com\/4l33k5\/wp-json\/wp\/v2\/users\/2"}],"replies":[{"embeddable":true,"href":"https:\/\/aleeknews.com\/4l33k5\/wp-json\/wp\/v2\/comments?post=21518"}],"version-history":[{"count":0,"href":"https:\/\/aleeknews.com\/4l33k5\/wp-json\/wp\/v2\/posts\/21518\/revisions"}],"wp:featuredmedia":[{"embeddable":true,"href":"https:\/\/aleeknews.com\/4l33k5\/wp-json\/wp\/v2\/media\/21519"}],"wp:attachment":[{"href":"https:\/\/aleeknews.com\/4l33k5\/wp-json\/wp\/v2\/media?parent=21518"}],"wp:term":[{"taxonomy":"category","embeddable":true,"href":"https:\/\/aleeknews.com\/4l33k5\/wp-json\/wp\/v2\/categories?post=21518"},{"taxonomy":"post_tag","embeddable":true,"href":"https:\/\/aleeknews.com\/4l33k5\/wp-json\/wp\/v2\/tags?post=21518"}],"curies":[{"name":"wp","href":"https:\/\/api.w.org\/{rel}","templated":true}]}}