{"id":21514,"date":"2026-03-11T21:48:36","date_gmt":"2026-03-11T20:48:36","guid":{"rendered":"https:\/\/aleeknews.com\/4l33k5\/2026\/03\/11\/edward-oneill-rosa-confirma-que-aspirara-a-la-alcaldia-de-guaynabo\/"},"modified":"2026-03-11T21:48:36","modified_gmt":"2026-03-11T20:48:36","slug":"edward-oneill-rosa-confirma-que-aspirara-a-la-alcaldia-de-guaynabo","status":"publish","type":"post","link":"https:\/\/aleeknews.com\/4l33k5\/2026\/03\/11\/edward-oneill-rosa-confirma-que-aspirara-a-la-alcaldia-de-guaynabo\/","title":{"rendered":"Edward O\u2019Neill Rosa confirma que aspirar\u00e1 a la alcald\u00eda de Guaynabo"},"content":{"rendered":"<div>\n<div data-fusion-lazy-id=\"f0fQYcNoHQKSGL\">\n<div class>\n<p><a href=\"https:\/\/thetrustproject.org\/\"><img decoding=\"async\" src=\"https:\/\/www.elnuevodia.com\/pf\/resources\/v2\/icons\/trust-icon.svg?d=223\"><\/a><\/p>\n<div>\n<p>Se adhiere a los criterios de The Trust Project<\/p>\n<\/div>\n<\/div>\n<div>\n<h2>El hijo del exalcalde H\u00e9ctor O\u2019Neill hab\u00eda retado a \u00c1ngel P\u00e9rez en primarias en el 2020<\/h2>\n<div>\n<p>14 de diciembre de 2021 &#8211; 7:29 AM<\/p>\n<\/div>\n<div>\n<p><b>Archivo<\/b><\/p>\n<p>Esta historia fue publicada hace m\u00e1s de 4 a\u00f1os.<\/p>\n<\/div>\n<\/div>\n<\/div>\n<div data-fusion-lazy-id=\"f0fIYaQF9GLV14D\">\n<div><picture><source media=\"(max-width: 375px)\" ><source media=\"(max-width: 767px)\" ><source media=\"(max-width: 1023px)\" ><source ><\/picture><figcaption>Edward O\u2019Neill, hijo del exalcalde H\u00e9ctor O&#8217;Neill. <span>(tonito.zayas@gfrmedia.com)<\/span><\/figcaption><\/div>\n<div>\n<p><b>Edward O\u2019Neill Rosa<\/b>, hijo del exalcalde H\u00e9ctor O\u2019Neill,<b> anunci\u00f3 esta ma\u00f1ana su aspiraci\u00f3n a llenar la vacante de la alcald\u00eda de Guaynabo<\/b> ante la renuncia de<a href=\"https:\/\/www.elnuevodia.com\/topicos\/angel-perez\/\" target=\"_blank\"><b> \u00c1ngel P\u00e9rez<\/b> <\/a>tras ser acusado a nivel federal por soborno, \u2018kickbacks\u2019 y conspiraci\u00f3n. <\/p>\n<\/div>\n<\/div>\n<section>\n<header><span>Popular en la Comunidad<\/span><\/header>\n<\/section>\n<\/div>\n\n    <div class=\"xs_social_share_widget xs_share_url after_content \t\tmain_content  wslu-style-1 wslu-share-box-shaped wslu-fill-colored wslu-none wslu-share-horizontal wslu-theme-font-no wslu-main_content\">\n\n\t\t\n        <ul>\n\t\t\t        <\/ul>\n    <\/div> \n","protected":false},"excerpt":{"rendered":"<p>Se adhiere a los criterios de The Trust Project El hijo del exalcalde H\u00e9ctor O\u2019Neill hab\u00eda retado a \u00c1ngel P\u00e9rez en primarias en el 2020 14 de diciembre de 2021 &#8211; 7:29 AM Archivo Esta historia fue publicada hace m\u00e1s de 4 a\u00f1os. Edward O\u2019Neill, hijo del exalcalde H\u00e9ctor O&#8217;Neill. (tonito.zayas@gfrmedia.com) Edward O\u2019Neill Rosa, hijo<\/p>\n","protected":false},"author":2,"featured_media":21515,"comment_status":"open","ping_status":"open","sticky":false,"template":"","format":"standard","meta":{"om_disable_all_campaigns":false,"_monsterinsights_skip_tracking":false,"_monsterinsights_sitenote_active":false,"_monsterinsights_sitenote_note":"","_monsterinsights_sitenote_category":0,"footnotes":""},"categories":[6],"tags":[],"class_list":["post-21514","post","type-post","status-publish","format-standard","has-post-thumbnail","hentry","category-politica"],"aioseo_notices":[],"_links":{"self":[{"href":"https:\/\/aleeknews.com\/4l33k5\/wp-json\/wp\/v2\/posts\/21514","targetHints":{"allow":["GET"]}}],"collection":[{"href":"https:\/\/aleeknews.com\/4l33k5\/wp-json\/wp\/v2\/posts"}],"about":[{"href":"https:\/\/aleeknews.com\/4l33k5\/wp-json\/wp\/v2\/types\/post"}],"author":[{"embeddable":true,"href":"https:\/\/aleeknews.com\/4l33k5\/wp-json\/wp\/v2\/users\/2"}],"replies":[{"embeddable":true,"href":"https:\/\/aleeknews.com\/4l33k5\/wp-json\/wp\/v2\/comments?post=21514"}],"version-history":[{"count":0,"href":"https:\/\/aleeknews.com\/4l33k5\/wp-json\/wp\/v2\/posts\/21514\/revisions"}],"wp:featuredmedia":[{"embeddable":true,"href":"https:\/\/aleeknews.com\/4l33k5\/wp-json\/wp\/v2\/media\/21515"}],"wp:attachment":[{"href":"https:\/\/aleeknews.com\/4l33k5\/wp-json\/wp\/v2\/media?parent=21514"}],"wp:term":[{"taxonomy":"category","embeddable":true,"href":"https:\/\/aleeknews.com\/4l33k5\/wp-json\/wp\/v2\/categories?post=21514"},{"taxonomy":"post_tag","embeddable":true,"href":"https:\/\/aleeknews.com\/4l33k5\/wp-json\/wp\/v2\/tags?post=21514"}],"curies":[{"name":"wp","href":"https:\/\/api.w.org\/{rel}","templated":true}]}}