{"id":21506,"date":"2026-03-11T21:48:41","date_gmt":"2026-03-11T20:48:41","guid":{"rendered":"https:\/\/aleeknews.com\/4l33k5\/2026\/03\/11\/hasta-11-personas-han-mostrado-interes-por-radicar-su-candidatura-a-la-eleccion-especial-en-guaynabo\/"},"modified":"2026-03-11T21:48:41","modified_gmt":"2026-03-11T20:48:41","slug":"hasta-11-personas-han-mostrado-interes-por-radicar-su-candidatura-a-la-eleccion-especial-en-guaynabo","status":"publish","type":"post","link":"https:\/\/aleeknews.com\/4l33k5\/2026\/03\/11\/hasta-11-personas-han-mostrado-interes-por-radicar-su-candidatura-a-la-eleccion-especial-en-guaynabo\/","title":{"rendered":"Hasta 11 personas han mostrado inter\u00e9s por radicar su candidatura a la elecci\u00f3n especial en Guaynabo"},"content":{"rendered":"<div>\n<div data-fusion-lazy-id=\"f0fQYcNoHQKSGL\">\n<div class>\n<p><a href=\"https:\/\/thetrustproject.org\/\"><img decoding=\"async\" src=\"https:\/\/www.elnuevodia.com\/pf\/resources\/v2\/icons\/trust-icon.svg?d=223\"><\/a><\/p>\n<div>\n<p>Se adhiere a los criterios de The Trust Project<\/p>\n<\/div>\n<\/div>\n<div>\n<h2>Los interesados tienen hasta el martes para entregar los documentos<\/h2>\n<div>\n<p>17 de diciembre de 2021 &#8211; 3:23 PM<\/p>\n<\/div>\n<div>\n<p><b>Archivo<\/b><\/p>\n<p>Esta historia fue publicada hace m\u00e1s de 4 a\u00f1os.<\/p>\n<\/div>\n<\/div>\n<\/div>\n<div data-fusion-lazy-id=\"f0fIYaQF9GLV14D\">\n<div><picture><source media=\"(max-width: 375px)\" ><source media=\"(max-width: 767px)\" ><source media=\"(max-width: 1023px)\" ><source ><\/picture><figcaption>Sede de la Comisi\u00f3n Estatal de Elecciones. <span>(pablo.martinez@gfrmedia.com)<\/span><\/figcaption><\/div>\n<div>\n<p>El proceso de radicaci\u00f3n de las candidaturas para la elecci\u00f3n especial del 15 de enero en que se llenar\u00e1 la vacante de la alcald\u00eda de<a href=\"https:\/\/www.elnuevodia.com\/topicos\/guaynabo\/\" target=\"_blank\"> Guaynabo<\/a> arranc\u00f3 este viernes a las 8:00 a.m. y culmina el martes a las 5:00 p.m.<\/p>\n<\/div>\n<\/div>\n<section>\n<header><span>Popular en la Comunidad<\/span><\/header>\n<\/section>\n<\/div>\n\n    <div class=\"xs_social_share_widget xs_share_url after_content \t\tmain_content  wslu-style-1 wslu-share-box-shaped wslu-fill-colored wslu-none wslu-share-horizontal wslu-theme-font-no wslu-main_content\">\n\n\t\t\n        <ul>\n\t\t\t        <\/ul>\n    <\/div> \n","protected":false},"excerpt":{"rendered":"<p>Se adhiere a los criterios de The Trust Project Los interesados tienen hasta el martes para entregar los documentos 17 de diciembre de 2021 &#8211; 3:23 PM Archivo Esta historia fue publicada hace m\u00e1s de 4 a\u00f1os. Sede de la Comisi\u00f3n Estatal de Elecciones. (pablo.martinez@gfrmedia.com) El proceso de radicaci\u00f3n de las candidaturas para la elecci\u00f3n<\/p>\n","protected":false},"author":2,"featured_media":21507,"comment_status":"open","ping_status":"open","sticky":false,"template":"","format":"standard","meta":{"om_disable_all_campaigns":false,"_monsterinsights_skip_tracking":false,"_monsterinsights_sitenote_active":false,"_monsterinsights_sitenote_note":"","_monsterinsights_sitenote_category":0,"footnotes":""},"categories":[6],"tags":[],"class_list":["post-21506","post","type-post","status-publish","format-standard","has-post-thumbnail","hentry","category-politica"],"aioseo_notices":[],"_links":{"self":[{"href":"https:\/\/aleeknews.com\/4l33k5\/wp-json\/wp\/v2\/posts\/21506","targetHints":{"allow":["GET"]}}],"collection":[{"href":"https:\/\/aleeknews.com\/4l33k5\/wp-json\/wp\/v2\/posts"}],"about":[{"href":"https:\/\/aleeknews.com\/4l33k5\/wp-json\/wp\/v2\/types\/post"}],"author":[{"embeddable":true,"href":"https:\/\/aleeknews.com\/4l33k5\/wp-json\/wp\/v2\/users\/2"}],"replies":[{"embeddable":true,"href":"https:\/\/aleeknews.com\/4l33k5\/wp-json\/wp\/v2\/comments?post=21506"}],"version-history":[{"count":0,"href":"https:\/\/aleeknews.com\/4l33k5\/wp-json\/wp\/v2\/posts\/21506\/revisions"}],"wp:featuredmedia":[{"embeddable":true,"href":"https:\/\/aleeknews.com\/4l33k5\/wp-json\/wp\/v2\/media\/21507"}],"wp:attachment":[{"href":"https:\/\/aleeknews.com\/4l33k5\/wp-json\/wp\/v2\/media?parent=21506"}],"wp:term":[{"taxonomy":"category","embeddable":true,"href":"https:\/\/aleeknews.com\/4l33k5\/wp-json\/wp\/v2\/categories?post=21506"},{"taxonomy":"post_tag","embeddable":true,"href":"https:\/\/aleeknews.com\/4l33k5\/wp-json\/wp\/v2\/tags?post=21506"}],"curies":[{"name":"wp","href":"https:\/\/api.w.org\/{rel}","templated":true}]}}