{"id":21504,"date":"2026-03-11T21:48:42","date_gmt":"2026-03-11T20:48:42","guid":{"rendered":"https:\/\/aleeknews.com\/4l33k5\/2026\/03\/11\/carmelo-rios-desiste-de-aspirar-a-la-alcaldia-de-guaynabo\/"},"modified":"2026-03-11T21:48:42","modified_gmt":"2026-03-11T20:48:42","slug":"carmelo-rios-desiste-de-aspirar-a-la-alcaldia-de-guaynabo","status":"publish","type":"post","link":"https:\/\/aleeknews.com\/4l33k5\/2026\/03\/11\/carmelo-rios-desiste-de-aspirar-a-la-alcaldia-de-guaynabo\/","title":{"rendered":"Carmelo R\u00edos desiste de aspirar a la alcald\u00eda de Guaynabo"},"content":{"rendered":"<div>\n<div data-fusion-lazy-id=\"f0fQYcNoHQKSGL\">\n<div class>\n<p><a href=\"https:\/\/thetrustproject.org\/\"><img decoding=\"async\" src=\"https:\/\/www.elnuevodia.com\/pf\/resources\/v2\/icons\/trust-icon.svg?d=223\"><\/a><\/p>\n<div>\n<p>Se adhiere a los criterios de The Trust Project<\/p>\n<\/div>\n<\/div>\n<div>\n<h2>No fue claro sobre por qu\u00e9 dio el reverzaso ya que hab\u00eda sido el primero en anunciar sus aspiraciones <\/h2>\n<div>\n<p>21 de diciembre de 2021 &#8211; 3:35 PM<\/p>\n<\/div>\n<div>\n<p><b>Archivo<\/b><\/p>\n<p>Esta historia fue publicada hace m\u00e1s de 4 a\u00f1os.<\/p>\n<\/div>\n<\/div>\n<\/div>\n<div data-fusion-lazy-id=\"f0fIYaQF9GLV14D\">\n<div><picture><source media=\"(max-width: 375px)\" ><source media=\"(max-width: 767px)\" ><source media=\"(max-width: 1023px)\" ><source ><\/picture><figcaption>La alcald\u00eda de Guaynabo. <span>(Archivo)<\/span><\/figcaption><\/div>\n<div>\n<p>En un reverzaso sorpresivo, el senador penep\u00e9 Carmelo R\u00edos Santiago ha optado por no seguir en la carrera para convertirse en el nuevo alcalde de Guaynabo, mientras que Ricardo \u201cRicky\u201d Aponte, Dana Mir\u00f3 y Julio \u201cPipe\u201d Abreu s\u00ed anunciaron sus aspiraciones al presentar sus documentos ante la <a href=\"https:\/\/www.elnuevodia.com\/topicos\/cee\" target=\"_blank\">Comisi\u00f3n Estatal de Elecciones<\/a> (CEE).<\/p>\n<\/div>\n<\/div>\n<section>\n<header><span>Popular en la Comunidad<\/span><\/header>\n<\/section>\n<\/div>\n\n    <div class=\"xs_social_share_widget xs_share_url after_content \t\tmain_content  wslu-style-1 wslu-share-box-shaped wslu-fill-colored wslu-none wslu-share-horizontal wslu-theme-font-no wslu-main_content\">\n\n\t\t\n        <ul>\n\t\t\t        <\/ul>\n    <\/div> \n","protected":false},"excerpt":{"rendered":"<p>Se adhiere a los criterios de The Trust Project No fue claro sobre por qu\u00e9 dio el reverzaso ya que hab\u00eda sido el primero en anunciar sus aspiraciones 21 de diciembre de 2021 &#8211; 3:35 PM Archivo Esta historia fue publicada hace m\u00e1s de 4 a\u00f1os. La alcald\u00eda de Guaynabo. (Archivo) En un reverzaso sorpresivo<\/p>\n","protected":false},"author":2,"featured_media":21505,"comment_status":"open","ping_status":"open","sticky":false,"template":"","format":"standard","meta":{"om_disable_all_campaigns":false,"_monsterinsights_skip_tracking":false,"_monsterinsights_sitenote_active":false,"_monsterinsights_sitenote_note":"","_monsterinsights_sitenote_category":0,"footnotes":""},"categories":[6],"tags":[],"class_list":["post-21504","post","type-post","status-publish","format-standard","has-post-thumbnail","hentry","category-politica"],"aioseo_notices":[],"_links":{"self":[{"href":"https:\/\/aleeknews.com\/4l33k5\/wp-json\/wp\/v2\/posts\/21504","targetHints":{"allow":["GET"]}}],"collection":[{"href":"https:\/\/aleeknews.com\/4l33k5\/wp-json\/wp\/v2\/posts"}],"about":[{"href":"https:\/\/aleeknews.com\/4l33k5\/wp-json\/wp\/v2\/types\/post"}],"author":[{"embeddable":true,"href":"https:\/\/aleeknews.com\/4l33k5\/wp-json\/wp\/v2\/users\/2"}],"replies":[{"embeddable":true,"href":"https:\/\/aleeknews.com\/4l33k5\/wp-json\/wp\/v2\/comments?post=21504"}],"version-history":[{"count":0,"href":"https:\/\/aleeknews.com\/4l33k5\/wp-json\/wp\/v2\/posts\/21504\/revisions"}],"wp:featuredmedia":[{"embeddable":true,"href":"https:\/\/aleeknews.com\/4l33k5\/wp-json\/wp\/v2\/media\/21505"}],"wp:attachment":[{"href":"https:\/\/aleeknews.com\/4l33k5\/wp-json\/wp\/v2\/media?parent=21504"}],"wp:term":[{"taxonomy":"category","embeddable":true,"href":"https:\/\/aleeknews.com\/4l33k5\/wp-json\/wp\/v2\/categories?post=21504"},{"taxonomy":"post_tag","embeddable":true,"href":"https:\/\/aleeknews.com\/4l33k5\/wp-json\/wp\/v2\/tags?post=21504"}],"curies":[{"name":"wp","href":"https:\/\/api.w.org\/{rel}","templated":true}]}}