{"id":21499,"date":"2026-03-11T21:48:45","date_gmt":"2026-03-11T20:48:45","guid":{"rendered":"https:\/\/aleeknews.com\/4l33k5\/2026\/03\/11\/pam-bondi-se-enfrenta-a-los-democratas-en-su-lucha-por-pasar-pagina-al-furor-de-los-archivos-epstein\/"},"modified":"2026-03-11T21:48:45","modified_gmt":"2026-03-11T20:48:45","slug":"pam-bondi-se-enfrenta-a-los-democratas-en-su-lucha-por-pasar-pagina-al-furor-de-los-archivos-epstein","status":"publish","type":"post","link":"https:\/\/aleeknews.com\/4l33k5\/2026\/03\/11\/pam-bondi-se-enfrenta-a-los-democratas-en-su-lucha-por-pasar-pagina-al-furor-de-los-archivos-epstein\/","title":{"rendered":"Pam Bondi se enfrenta a los dem\u00f3cratas en su lucha por pasar p\u00e1gina al furor de los archivos Epstein"},"content":{"rendered":"<div>\n<p>La fiscal general <b>Pam Bondi<\/b> se lanz\u00f3 a una amplia y apasionada defensa del presidente <a href=\"https:\/\/www.elnuevodia.com\/topicos\/donald-trump\/\" target=\"_blank\" rel=\"noreferrer\" title=\"https:\/\/www.elnuevodia.com\/topicos\/donald-trump\/\"><b>Donald Trump<\/b><\/a>, gritando repetidamente a los dem\u00f3cratas durante una combativa audiencia en la que se postul\u00f3 como la principal protectora del republicano y trat\u00f3 de pasar p\u00e1gina a las persistentes cr\u00edticas por el manejo del <a href=\"https:\/\/www.elnuevodia.com\/topicos\/departamento-de-justicia-de-estados-unidos\/\" target=\"_blank\" rel=\"noreferrer\" title=\"https:\/\/www.elnuevodia.com\/topicos\/departamento-de-justicia-de-estados-unidos\/\"><b>Departamento de Justicia<\/b><\/a> de los archivos de <a href=\"https:\/\/www.elnuevodia.com\/topicos\/jeffrey-epstein\/\" target=\"_blank\" rel=\"noreferrer\" title=\"https:\/\/www.elnuevodia.com\/topicos\/jeffrey-epstein\/\"><b>Jeffrey Epstein<\/b><\/a>.<\/p>\n<p>Asediada por las preguntas sobre Epstein y las acusaciones de un Departamento de Justicia armado, <b>Bondi pivot\u00f3 agresivamente en un discurso extraordinario en el que se burl\u00f3 de sus interrogadores dem\u00f3cratas, elogi\u00f3 a Trump por el rendimiento del mercado de valores y se aline\u00f3 abiertamente como en sinton\u00eda con un presidente al que pint\u00f3 como una v\u00edctima de investigaciones pasadas.<\/b><\/p>\n<p><b>\u201cSe sientan aqu\u00ed y atacan al presidente y no lo voy a consentir\u201d<\/b>, dijo Bondi a los legisladores del Comit\u00e9 Judicial de la C\u00e1mara de Representantes. \u201cNo voy a tolerarlo\u201d.<\/p>\n<p>Con las v\u00edctimas de Epstein sentadas detr\u00e1s de ella en la sala de audiencias, Bondi defendi\u00f3 en\u00e9rgicamente el manejo del departamento de los archivos relacionados con el financiero bien conectado que han perseguido su mandato. Y acus\u00f3 a los dem\u00f3cratas de utilizar los archivos de Epstein para distraer la atenci\u00f3n de los \u00e9xitos de Trump cuando fueron los republicanos quienes iniciaron el furor sobre los archivos y la propia Bondi aviv\u00f3 las llamas distribuyendo alfombras a influyentes conservadores en la Casa Blanca el a\u00f1o pasado.<\/p>\n<p>En su discurso de apertura, <b>Bondi dijo a las v\u00edctimas de Epstein que acudieran a las fuerzas del orden con cualquier informaci\u00f3n y sobre sus abusos y afirm\u00f3 que \u201clamentaba profundamente\u201d lo que hab\u00edan sufrido. Dijo a los supervivientes que \u201ccualquier acusaci\u00f3n de delito ser\u00e1 tomada en serio e investigada\u201d.<\/b><\/p>\n<p>Pero se neg\u00f3 cuando fue presionada por la representante Pramila Jayapal a girarse y enfrentarse a las v\u00edctimas de Epstein en la audiencia y disculparse por lo que el Departamento de Justicia de Trump \u201cles ha hecho pasar\u201d y acus\u00f3 a la dem\u00f3crata de \u201cteatralidad\u201d.&#8221;<\/p>\n<div>\n<p><b>1 \/ 62 | <\/b><span> Poder, secretos y pol\u00e9mica: un vistazo a los archivos in\u00e9ditos de Jeffrey Epstein. Jeffrey Epstein, a la derecha, con Richard Branson, un empresario multimillonario brit\u00e1nico, popular por ser el propietario de las m\u00e1s de 360 empresas que forman Virgin Group.\u200b<\/span><i> &#8211; The Associated Press<\/i><\/p>\n<\/div>\n<p>La audiencia se convirti\u00f3 r\u00e1pidamente en una pelea partidista, en la que Bondi se burl\u00f3 e insult\u00f3 repetidamente a los dem\u00f3cratas, al tiempo que insist\u00eda en que no iba a \u201cmeterse en la cuneta\u201d con ellos. En un intercambio especialmente encendido, el representante Jamie Raskin, de Maryland, acus\u00f3 a Bondi de negarse a responder a sus preguntas, lo que llev\u00f3 a la fiscal general a calificar al principal dem\u00f3crata de la comisi\u00f3n de \u201cabogado fracasado, que ni siquiera es abogado\u201d.<\/p>\n<p>La comparecencia de Bondi ante el Comit\u00e9 Judicial de la C\u00e1mara de Representantes se produce al cabo de un a\u00f1o de su tumultuoso mandato, en el que se ha acentuado la preocupaci\u00f3n de que el Departamento de Justicia est\u00e9 utilizando sus facultades policiales para perseguir a enemigos pol\u00edticos del presidente. Apenas un d\u00eda antes, el Departamento hab\u00eda tratado de asegurar cargos contra legisladores dem\u00f3cratas que produjeron un v\u00eddeo instando a los miembros del servicio militar a no seguir \u201c\u00f3rdenes ilegales\u201d. Pero en una extraordinaria reprimenda a los fiscales, un gran jurado de Washington se neg\u00f3 a presentar una acusaci\u00f3n.<\/p>\n<p>Dejando a un lado las cr\u00edticas de que el Departamento de Justicia bajo su mandato se ha politizado, Bondi destac\u00f3 el papel del departamento en el trabajo para reducir la delincuencia violenta y dijo que estaba decidida a restaurar el departamento a sus misiones b\u00e1sicas despu\u00e9s de lo que describi\u00f3 como \u201ca\u00f1os de burocracia inflada y armamentismo pol\u00edtico\u201d.<\/p>\n<p>El representante republicano Jim Jordan elogi\u00f3 a Bondi por deshacer acciones bajo el Departamento de Justicia del presidente <a href=\"https:\/\/www.elnuevodia.com\/topicos\/joe-biden\/\" target=\"_blank\" rel=\"noreferrer\" title=\"https:\/\/www.elnuevodia.com\/topicos\/joe-biden\/\"><b>Joe Biden<\/b><\/a> que, seg\u00fan los republicanos, apuntaban injustamente a los conservadores -incluido Trump, que fue acusado en dos casos penales que fueron abandonados tras su victoria en las elecciones de 2024-.<\/p>\n<p>\u201cQu\u00e9 diferencia hace un a\u00f1o\u201d, dijo Jordan. <b>\u201cCon la fiscal general Bondi, el DOJ ha vuelto a sus misiones principales: defender el Estado de Derecho, perseguir a los malos y mantener a salvo a los estadounidenses\u201d<\/b>.<\/p>\n<p>Los dem\u00f3cratas, por su parte, criticaron a Bondi por las imprecisas redacciones de los archivos de Epstein, que expon\u00edan detalles \u00edntimos de las v\u00edctimas e inclu\u00edan fotograf\u00edas de desnudos. Una revisi\u00f3n realizada por The Associated Press y otras organizaciones de noticias ha encontrado innumerables ejemplos de redacciones descuidadas, inconsistentes o inexistentes que han revelado informaci\u00f3n privada sensible.<\/p>\n<p>\u201cSe est\u00e1 poniendo del lado de los agresores e ignorando a las v\u00edctimas\u201d, dijo Raskin a Bondi en su discurso de apertura. \u201cEse ser\u00e1 su legado a menos que act\u00fae r\u00e1pidamente para cambiar el rumbo. Usted est\u00e1 dirigiendo un encubrimiento masivo de Epstein desde el Departamento de Justicia\u201d.<\/p>\n<p>El representante <b>Thomas Massie<\/b>, un legislador de Kentucky que rompi\u00f3 con su partido para promover la legislaci\u00f3n que oblig\u00f3 a la publicaci\u00f3n de los archivos de Epstein, tambi\u00e9n critic\u00f3 a Bondi por la publicaci\u00f3n de informaci\u00f3n personal de las v\u00edctimas, dici\u00e9ndole: <b>\u201cLiteralmente, lo peor que pod\u00eda hacer a los supervivientes, lo hizo\u201d<\/b>.<\/p>\n<p>Bondi le dijo a Massie que s\u00f3lo se centr\u00f3 en los archivos porque Trump se menciona en ellos, llam\u00e1ndolo un \u201chip\u00f3crita\u201d con \u201cTrump-derangement syndrome\u201d (sindrome de locura por Trump).<\/p>\n<p>Los funcionarios del Departamento han defendido su gesti\u00f3n de los archivos, afirmando que se esforzaron por proteger a los supervivientes, pero que los errores eran inevitables dado el volumen de los materiales y la rapidez con la que el Departamento tuvo que publicarlos.<\/p>\n<p>Bondi dijo a los legisladores que el Departamento de Justicia retir\u00f3 los expedientes cuando tuvo conocimiento de que inclu\u00edan informaci\u00f3n de las v\u00edctimas y que el personal hab\u00eda intentado hacer \u201ctodo lo posible en el plazo asignado por la legislaci\u00f3n\u201d que ordenaba la publicaci\u00f3n de los expedientes.<\/p>\n<p>Bondi ha luchado para superar las reacciones negativas sobre su manejo de los archivos Epstein desde la entrega de carpetas a un grupo de influyentes de los medios sociales en la Casa Blanca en febrero de 2025. Las carpetas no inclu\u00edan nuevas revelaciones sobre Epstein, lo que provoc\u00f3 a\u00fan m\u00e1s llamamientos de la base de Trump para que se publicaran los archivos.<\/p>\n<p>Tras despertar las expectativas de los conservadores con promesas de transparencia, el Departamento de Justicia dijo en julio que hab\u00eda concluido una revisi\u00f3n y determinado que no exist\u00eda ninguna \u201clista de clientes\u201d de Epstein y que no hab\u00eda motivo para hacer p\u00fablicos archivos adicionales. Esto desencaden\u00f3 un furor que llev\u00f3 al Congreso a aprobar la legislaci\u00f3n que exige que el Departamento de Justicia haga p\u00fablicos los archivos.<\/p>\n<p><i>Esta historia fue traducida del ingl\u00e9s al espa\u00f1ol con una herramienta de inteligencia artificial y fue revisada por un editor antes de su publicaci\u00f3n.<\/i><\/p>\n<\/div>\n\n    <div class=\"xs_social_share_widget xs_share_url after_content \t\tmain_content  wslu-style-1 wslu-share-box-shaped wslu-fill-colored wslu-none wslu-share-horizontal wslu-theme-font-no wslu-main_content\">\n\n\t\t\n        <ul>\n\t\t\t        <\/ul>\n    <\/div> \n","protected":false},"excerpt":{"rendered":"<p>La fiscal general Pam Bondi se lanz\u00f3 a una amplia y apasionada defensa del presidente Donald Trump , gritando repetidamente a los dem\u00f3cratas durante una combativa audiencia en la que se postul\u00f3 como la principal protectora del republicano y trat\u00f3 de pasar p\u00e1gina a las persistentes cr\u00edticas por el manejo del Departamento de Justicia de<\/p>\n","protected":false},"author":2,"featured_media":21500,"comment_status":"open","ping_status":"open","sticky":false,"template":"","format":"standard","meta":{"om_disable_all_campaigns":false,"_monsterinsights_skip_tracking":false,"_monsterinsights_sitenote_active":false,"_monsterinsights_sitenote_note":"","_monsterinsights_sitenote_category":0,"footnotes":""},"categories":[6],"tags":[],"class_list":["post-21499","post","type-post","status-publish","format-standard","has-post-thumbnail","hentry","category-politica"],"aioseo_notices":[],"_links":{"self":[{"href":"https:\/\/aleeknews.com\/4l33k5\/wp-json\/wp\/v2\/posts\/21499","targetHints":{"allow":["GET"]}}],"collection":[{"href":"https:\/\/aleeknews.com\/4l33k5\/wp-json\/wp\/v2\/posts"}],"about":[{"href":"https:\/\/aleeknews.com\/4l33k5\/wp-json\/wp\/v2\/types\/post"}],"author":[{"embeddable":true,"href":"https:\/\/aleeknews.com\/4l33k5\/wp-json\/wp\/v2\/users\/2"}],"replies":[{"embeddable":true,"href":"https:\/\/aleeknews.com\/4l33k5\/wp-json\/wp\/v2\/comments?post=21499"}],"version-history":[{"count":0,"href":"https:\/\/aleeknews.com\/4l33k5\/wp-json\/wp\/v2\/posts\/21499\/revisions"}],"wp:featuredmedia":[{"embeddable":true,"href":"https:\/\/aleeknews.com\/4l33k5\/wp-json\/wp\/v2\/media\/21500"}],"wp:attachment":[{"href":"https:\/\/aleeknews.com\/4l33k5\/wp-json\/wp\/v2\/media?parent=21499"}],"wp:term":[{"taxonomy":"category","embeddable":true,"href":"https:\/\/aleeknews.com\/4l33k5\/wp-json\/wp\/v2\/categories?post=21499"},{"taxonomy":"post_tag","embeddable":true,"href":"https:\/\/aleeknews.com\/4l33k5\/wp-json\/wp\/v2\/tags?post=21499"}],"curies":[{"name":"wp","href":"https:\/\/api.w.org\/{rel}","templated":true}]}}