{"id":21494,"date":"2026-03-11T21:42:38","date_gmt":"2026-03-11T20:42:38","guid":{"rendered":"https:\/\/aleeknews.com\/4l33k5\/2026\/03\/11\/el-supremo-de-brasil-autoriza-que-un-asesor-de-donald-trump-visite-a-jair-bolsonaro-en-prision\/"},"modified":"2026-03-11T21:42:38","modified_gmt":"2026-03-11T20:42:38","slug":"el-supremo-de-brasil-autoriza-que-un-asesor-de-donald-trump-visite-a-jair-bolsonaro-en-prision","status":"publish","type":"post","link":"https:\/\/aleeknews.com\/4l33k5\/2026\/03\/11\/el-supremo-de-brasil-autoriza-que-un-asesor-de-donald-trump-visite-a-jair-bolsonaro-en-prision\/","title":{"rendered":"El Supremo de Brasil autoriza que un asesor de Donald Trump visite a Jair Bolsonaro en prisi\u00f3n"},"content":{"rendered":"<div>\n<p>La Corte Suprema de <a href=\"https:\/\/www.elnuevodia.com\/topicos\/brasil\/\" target=\"_blank\" rel=\"noreferrer\" title=\"https:\/\/www.elnuevodia.com\/topicos\/brasil\/\"><b>Brasil<\/b><\/a> autoriz\u00f3 que un asesor del presidente estadounidense, <a href=\"https:\/\/www.elnuevodia.com\/topicos\/donald-trump\/\" target=\"_blank\" rel=\"noreferrer\" title=\"https:\/\/www.elnuevodia.com\/topicos\/donald-trump\/\"><b>Donald Trump<\/b><\/a>, visite al exmandatario <a href=\"https:\/\/www.elnuevodia.com\/topicos\/jair-balsonaro\/\" target=\"_blank\" rel=\"noreferrer\" title=\"https:\/\/www.elnuevodia.com\/topicos\/jair-balsonaro\/\"><b>Jair Bolsonaro<\/b><\/a> en prisi\u00f3n el pr\u00f3ximo 18 de marzo, inform\u00f3 este martes el tribunal.<\/p>\n<p>El magistrado <b>Alexandre de Moraes<\/b>, responsable por la reclusi\u00f3n del l\u00edder ultra, quien cumple una condena de 27 a\u00f1os de c\u00e1rcel por golpismo, le permiti\u00f3 que reciba al activista conservador <b>Darren Beattie<\/b> entre las ocho y las diez de la ma\u00f1ana del mi\u00e9rcoles de la pr\u00f3xima semana.<\/p>\n<p><b>Beattie, actual asesor senior para Pol\u00edtica de Brasil del Departamento de Estado de Estados Unidos, podr\u00e1 ir acompa\u00f1ado de un traductor, cuya identidad tendr\u00e1 que ser informada previamente<\/b>, seg\u00fan el fallo al que tuvo acceso EFE.<\/p>\n<p>La autorizaci\u00f3n atiende de forma parcial el pedido de los abogados del ex jefe de Estado (2019-2022), que excepcionalmente hab\u00eda solicitado que la visita al complejo penitenciario de Brasilia donde est\u00e1 encarcelado fuera el 16 o el 17 de marzo.<\/p>\n<p>Sin embargo, De Moraes aleg\u00f3 que<b> \u201cno existe previsi\u00f3n legal ni excepcionalidad para realizar un cambio espec\u00edfico del d\u00eda de visita\u201d y, en este sentido, considera que \u201clos visitantes deben adaptarse al r\u00e9gimen legal del establecimiento penitenciario y no al rev\u00e9s\u201d<\/b>.<\/p>\n<p>Durante su visita a Brasil, se espera que el asesor de Trump se re\u00fana con el senador Fl\u00e1vio Bolsonaro, hijo del expresidente y principal candidato de la derecha a las elecciones de octubre pr\u00f3ximo, de acuerdo con medios locales.<\/p>\n<p>Beattie acus\u00f3 en el pasado a De Moraes de ser<b> \u201cel principal arquitecto del complejo de censura y persecuci\u00f3n contra Bolsonaro y sus seguidores\u201d <\/b>y defendi\u00f3 la imposici\u00f3n de sanciones contra el juez.<\/p>\n<p>El Gobierno de Trump incluy\u00f3 el a\u00f1o pasado al magistrado en una lista de violadores de derechos humanos y congel\u00f3 los bienes y activos que este pudiera tener en el pa\u00eds, como parte de una campa\u00f1a de presi\u00f3n para tratar de frenar el proceso judicial contra el exmandatario.<\/p>\n<p><b>Sin embargo, las sanciones fueron levantadas unos meses despu\u00e9s, en medio de las negociaciones con el Ejecutivo del presidente Luiz In\u00e1cio Lula da Silva para rebajar las tensiones entre los dos pa\u00edses.<\/b><\/p>\n<p>Si bien Lula a\u00fan es considerado el favorito para ganar los comicios, Fl\u00e1vio Bolsonaro ha ido recortando distancias en los sondeos de opini\u00f3n y en algunos ya aparece incluso empatado t\u00e9cnicamente con el dirigente del Partido de los Trabajadores (PT).<\/p>\n<\/div>\n\n    <div class=\"xs_social_share_widget xs_share_url after_content \t\tmain_content  wslu-style-1 wslu-share-box-shaped wslu-fill-colored wslu-none wslu-share-horizontal wslu-theme-font-no wslu-main_content\">\n\n\t\t\n        <ul>\n\t\t\t        <\/ul>\n    <\/div> \n","protected":false},"excerpt":{"rendered":"<p>La Corte Suprema de Brasil autoriz\u00f3 que un asesor del presidente estadounidense, Donald Trump , visite al exmandatario Jair Bolsonaro en prisi\u00f3n el pr\u00f3ximo 18 de marzo, inform\u00f3 este martes el tribunal. El magistrado Alexandre de Moraes, responsable por la reclusi\u00f3n del l\u00edder ultra, quien cumple una condena de 27 a\u00f1os de c\u00e1rcel por golpismo<\/p>\n","protected":false},"author":2,"featured_media":21495,"comment_status":"open","ping_status":"open","sticky":false,"template":"","format":"standard","meta":{"om_disable_all_campaigns":false,"_monsterinsights_skip_tracking":false,"_monsterinsights_sitenote_active":false,"_monsterinsights_sitenote_note":"","_monsterinsights_sitenote_category":0,"footnotes":""},"categories":[10],"tags":[],"class_list":["post-21494","post","type-post","status-publish","format-standard","has-post-thumbnail","hentry","category-mundo"],"aioseo_notices":[],"_links":{"self":[{"href":"https:\/\/aleeknews.com\/4l33k5\/wp-json\/wp\/v2\/posts\/21494","targetHints":{"allow":["GET"]}}],"collection":[{"href":"https:\/\/aleeknews.com\/4l33k5\/wp-json\/wp\/v2\/posts"}],"about":[{"href":"https:\/\/aleeknews.com\/4l33k5\/wp-json\/wp\/v2\/types\/post"}],"author":[{"embeddable":true,"href":"https:\/\/aleeknews.com\/4l33k5\/wp-json\/wp\/v2\/users\/2"}],"replies":[{"embeddable":true,"href":"https:\/\/aleeknews.com\/4l33k5\/wp-json\/wp\/v2\/comments?post=21494"}],"version-history":[{"count":0,"href":"https:\/\/aleeknews.com\/4l33k5\/wp-json\/wp\/v2\/posts\/21494\/revisions"}],"wp:featuredmedia":[{"embeddable":true,"href":"https:\/\/aleeknews.com\/4l33k5\/wp-json\/wp\/v2\/media\/21495"}],"wp:attachment":[{"href":"https:\/\/aleeknews.com\/4l33k5\/wp-json\/wp\/v2\/media?parent=21494"}],"wp:term":[{"taxonomy":"category","embeddable":true,"href":"https:\/\/aleeknews.com\/4l33k5\/wp-json\/wp\/v2\/categories?post=21494"},{"taxonomy":"post_tag","embeddable":true,"href":"https:\/\/aleeknews.com\/4l33k5\/wp-json\/wp\/v2\/tags?post=21494"}],"curies":[{"name":"wp","href":"https:\/\/api.w.org\/{rel}","templated":true}]}}