{"id":21491,"date":"2026-03-11T21:42:41","date_gmt":"2026-03-11T20:42:41","guid":{"rendered":"https:\/\/aleeknews.com\/4l33k5\/2026\/03\/11\/iran-afirma-que-no-participara-en-el-mundial-de-futbol-por-ataques-de-estados-unidos-e-israel-2\/"},"modified":"2026-03-11T21:42:41","modified_gmt":"2026-03-11T20:42:41","slug":"iran-afirma-que-no-participara-en-el-mundial-de-futbol-por-ataques-de-estados-unidos-e-israel-2","status":"publish","type":"post","link":"https:\/\/aleeknews.com\/4l33k5\/2026\/03\/11\/iran-afirma-que-no-participara-en-el-mundial-de-futbol-por-ataques-de-estados-unidos-e-israel-2\/","title":{"rendered":"Ir\u00e1n afirma que no participar\u00e1 en el Mundial de F\u00fatbol por ataques de Estados Unidos e Israel"},"content":{"rendered":"<div>\n<p><b>Dub\u00e1i, Emiratos \u00c1rabes Unidos-<\/b> El ministro de Deportes y Juventud de <a href=\"https:\/\/www.google.com\/goto?url=CAESZAE7q4ylAt4Dhv4iLvG-JuCKIVv9Dy5LrRBSYiaukMSsaHHxrGYYaY8RfhTs-vOllZX8eYhhvGWGrcpiWTbnjxdkVAqhhJtzOLhUxDRXq5X004Il6M6Fm0mhrN7vh_NR3LWCPhE=\" target=\"_blank\" rel=\"noreferrer\" title=\"https:\/\/www.google.com\/goto?url=CAESZAE7q4ylAt4Dhv4iLvG-JuCKIVv9Dy5LrRBSYiaukMSsaHHxrGYYaY8RfhTs-vOllZX8eYhhvGWGrcpiWTbnjxdkVAqhhJtzOLhUxDRXq5X004Il6M6Fm0mhrN7vh_NR3LWCPhE=\"><b>Ir\u00e1n<\/b><\/a> dijo que \u201cno es posible\u201d que el pa\u00eds participe en la <a href=\"https:\/\/www.google.com\/goto?url=CAESdgE7q4yl86vnCzIxi3Z36xNU-lTTUW8A_B_18eIRg6lZSgxJ4Penz0YhKeZbMi5UiLfcVio8Ub8Hb-b7R3zfpmXUHTXq-DPka85ekOC8eS3D9Rox2nfXXevMHLfPzCd1eyGtndweM4JGmOYC0GqMx5D5GXkj-yI=\" target=\"_blank\" rel=\"noreferrer\" title=\"https:\/\/www.google.com\/goto?url=CAESdgE7q4yl86vnCzIxi3Z36xNU-lTTUW8A_B_18eIRg6lZSgxJ4Penz0YhKeZbMi5UiLfcVio8Ub8Hb-b7R3zfpmXUHTXq-DPka85ekOC8eS3D9Rox2nfXXevMHLfPzCd1eyGtndweM4JGmOYC0GqMx5D5GXkj-yI=\"><b>Copa Mundial de F\u00fatbol<\/b><\/a> despu\u00e9s de que Estados Unidos matara a su l\u00edder supremo, el <a href=\"https:\/\/www.google.com\/goto?url=CAESxQEBO6uMpS-PpNLu5_Et7iPexS2vfK1UhGLPuiAIQuuUisnGqivVHxrbErI2qgxSfdsoWAvg1xydPbkys5jzJBXUVZ2rHPAWWSM5BqEyDJzM48ncGwoV_QMt3321C90kUSP3SWDYHodKdrz0lgmbz3V7S3JWcy9XNNKMBhQFQlK49GRwXJsx4GjSFvOLYfvD8I8-3KLZy1tlasUiWEhZBJvGmHIAmAC2icsejayWl52ZI4WFlGKUK_YDxyyPVpz_exNoGuJoRw==\" target=\"_blank\" rel=\"noreferrer\" title=\"https:\/\/www.google.com\/goto?url=CAESxQEBO6uMpS-PpNLu5_Et7iPexS2vfK1UhGLPuiAIQuuUisnGqivVHxrbErI2qgxSfdsoWAvg1xydPbkys5jzJBXUVZ2rHPAWWSM5BqEyDJzM48ncGwoV_QMt3321C90kUSP3SWDYHodKdrz0lgmbz3V7S3JWcy9XNNKMBhQFQlK49GRwXJsx4GjSFvOLYfvD8I8-3KLZy1tlasUiWEhZBJvGmHIAmAC2icsejayWl52ZI4WFlGKUK_YDxyyPVpz_exNoGuJoRw==\"><b>ayatol\u00e1 Ali Jamenei<\/b><\/a>, en su guerra en curso.<\/p>\n<p><b>Se esperaba que Ir\u00e1n participara en la Copa del Mundo que se celebrar\u00e1 en junio en Estados Unidos, pero el ministro iran\u00ed de Deportes y Juventud, Ahmad Donyamali, declar\u00f3 a la televisi\u00f3n estatal que los jugadores de la selecci\u00f3n de f\u00fatbol de su pa\u00eds no est\u00e1n seguros en Estados Unidos<\/b>, seg\u00fan un v\u00eddeo de la entrevista publicado el martes.<\/p>\n<p>\u201cDebido a los malvados actos que han cometido contra Ir\u00e1n -nos han impuesto dos guerras en s\u00f3lo ocho o nueve meses y han matado y martirizado a miles de los nuestros-, definitivamente no es posible que participemos en la Copa Mundial\u201d, afirm\u00f3.<\/p>\n<p>Ir\u00e1n tiene previsto jugar en Inglewood, California, contra Nueva Zelanda el 15 de junio y contra B\u00e9lgica el 21 de junio, antes de terminar la fase de grupos contra Egipto en Seattle el 26 de junio. Estados Unidos organiza el torneo junto con <a href=\"https:\/\/www.google.com\/goto?url=CAESZgE7q4yl-oHj66cgOqZcAC8tcpUtr2q8Sy6D2hnlAC8SGYeicubenNsaWb8XJLSQMiaJo1CFr5emkhcw-kw3pqumqxVo94e_jVT4lKlfBk-LBk3LoEPNJ2AqCKqVk105Fx0QnR_SDw==\" target=\"_blank\" rel=\"noreferrer\" title=\"https:\/\/www.google.com\/goto?url=CAESZgE7q4yl-oHj66cgOqZcAC8tcpUtr2q8Sy6D2hnlAC8SGYeicubenNsaWb8XJLSQMiaJo1CFr5emkhcw-kw3pqumqxVo94e_jVT4lKlfBk-LBk3LoEPNJ2AqCKqVk105Fx0QnR_SDw==\"><b>Canad\u00e1<\/b><\/a> y <a href=\"https:\/\/www.google.com\/goto?url=CAESZgE7q4yl4xGIYRjnbfWaMv17Xqwte0IwKChnswy-6uD7O-LpcjkiT1MNsRbaRHnacHIfw2qdZzhWA3ndOe4bPvzAaPzOQUQao0z03g7-a2owFhUybItyXia7JYvnhSriK9ndrWqZxg==\" target=\"_blank\" rel=\"noreferrer\" title=\"https:\/\/www.google.com\/goto?url=CAESZgE7q4yl4xGIYRjnbfWaMv17Xqwte0IwKChnswy-6uD7O-LpcjkiT1MNsRbaRHnacHIfw2qdZzhWA3ndOe4bPvzAaPzOQUQao0z03g7-a2owFhUybItyXia7JYvnhSriK9ndrWqZxg==\"><b>M\u00e9xico<\/b><\/a> del 11 de junio al 19 de julio.<\/p>\n<div>\n<p><b>1 \/ 14 | <\/b><span> Terribles im\u00e1genes: as\u00ed qued\u00f3 la escuela primaria de ni\u00f1as bombardeada en Teher\u00e1n . En esta imagen, publicada por el departamento de medios extranjeros del gobierno iran\u00ed se puede ver la preparaci\u00f3n de las fosas para las v\u00edctimas del bombardeo a la escuela primaria de ni\u00f1as el 28 de febrero pasado, en Minab. <\/span><i> &#8211; The Associated Press<\/i><\/p>\n<\/div>\n<p><b>La <\/b><a href=\"https:\/\/www.google.com\/goto?url=CAESZAE7q4ylKcTmM7qpyWuZ6yB19Okgnd83uAk8zhy68XVfIPSv6-AWcNVubBJODS3kk4QxpWChAieuurBEfNw57PjjS9lGsH9uy_PIYzpc47loSt6qrYuTIVu6izqZ5XPOvHKO4x0=\" target=\"_blank\" rel=\"noreferrer\" title=\"https:\/\/www.google.com\/goto?url=CAESZAE7q4ylKcTmM7qpyWuZ6yB19Okgnd83uAk8zhy68XVfIPSv6-AWcNVubBJODS3kk4QxpWChAieuurBEfNw57PjjS9lGsH9uy_PIYzpc47loSt6qrYuTIVu6izqZ5XPOvHKO4x0=\"><b>FIFA<\/b><\/a><b> dijo el martes por la noche que prev\u00e9 que se autorice a la selecci\u00f3n nacional de Ir\u00e1n a acudir a <\/b><a href=\"https:\/\/www.google.com\/goto?url=CAESbwE7q4ylFEWNx8LYXPkLsFmeVNoGGGWffg4WID-JOGgFv5Lrqd6vOqRnxkmCACGID8SJ8JTJeNKrKRvNaRZACHYw9J5thXqz3Km8J4DVokjg49Zbhfn4ObrVcESLuP3ctBWnGNYwxKjfJcJbJgvg8g==\" target=\"_blank\" rel=\"noreferrer\" title=\"https:\/\/www.google.com\/goto?url=CAESbwE7q4ylFEWNx8LYXPkLsFmeVNoGGGWffg4WID-JOGgFv5Lrqd6vOqRnxkmCACGID8SJ8JTJeNKrKRvNaRZACHYw9J5thXqz3Km8J4DVokjg49Zbhfn4ObrVcESLuP3ctBWnGNYwxKjfJcJbJgvg8g==\"><b>Estados Unidos<\/b><\/a><b>.<\/b><\/p>\n<p>La semana pasada, el presidente de Estados Unidos, <a href=\"https:\/\/www.google.com\/goto?url=CAESbAE7q4ylWCgswmf2rK_VhKH14YzblNqNUIJiFF6sy3JeWAvtvdk6slL0FtNoFB-46aStxuz7u92KVJ8yRP1m-LeSCLfgKYcr91ugkl_D2lhQshlc_91Z9fEr0RWaBBAzl2wzXhtLWo2RdE9JNA==\" target=\"_blank\" rel=\"noreferrer\" title=\"https:\/\/www.google.com\/goto?url=CAESbAE7q4ylWCgswmf2rK_VhKH14YzblNqNUIJiFF6sy3JeWAvtvdk6slL0FtNoFB-46aStxuz7u92KVJ8yRP1m-LeSCLfgKYcr91ugkl_D2lhQshlc_91Z9fEr0RWaBBAzl2wzXhtLWo2RdE9JNA==\"><b>Donald Trump<\/b><\/a>, dijo que \u201crealmente no me importa\u201d si Ir\u00e1n participa en el torneo de 48 naciones.<\/p>\n<p>El presidente de la FIFA, Gianni Infantino, dijo que se reuni\u00f3 con Trump el martes por la noche \u201cpara discutir el estado de los preparativos\u201d para el torneo y recibi\u00f3 garant\u00edas de que se permitir\u00eda a Ir\u00e1n acudir a Estados Unidos.<\/p>\n<\/div>\n\n    <div class=\"xs_social_share_widget xs_share_url after_content \t\tmain_content  wslu-style-1 wslu-share-box-shaped wslu-fill-colored wslu-none wslu-share-horizontal wslu-theme-font-no wslu-main_content\">\n\n\t\t\n        <ul>\n\t\t\t        <\/ul>\n    <\/div> \n","protected":false},"excerpt":{"rendered":"<p>Dub\u00e1i, Emiratos \u00c1rabes Unidos- El ministro de Deportes y Juventud de Ir\u00e1n dijo que \u201cno es posible\u201d que el pa\u00eds participe en la Copa Mundial de F\u00fatbol despu\u00e9s de que Estados Unidos matara a su l\u00edder supremo, el ayatol\u00e1 Ali Jamenei , en su guerra en curso. Se esperaba que Ir\u00e1n participara en la Copa<\/p>\n","protected":false},"author":2,"featured_media":21486,"comment_status":"open","ping_status":"open","sticky":false,"template":"","format":"standard","meta":{"om_disable_all_campaigns":false,"_monsterinsights_skip_tracking":false,"_monsterinsights_sitenote_active":false,"_monsterinsights_sitenote_note":"","_monsterinsights_sitenote_category":0,"footnotes":""},"categories":[10],"tags":[],"class_list":["post-21491","post","type-post","status-publish","format-standard","has-post-thumbnail","hentry","category-mundo"],"aioseo_notices":[],"_links":{"self":[{"href":"https:\/\/aleeknews.com\/4l33k5\/wp-json\/wp\/v2\/posts\/21491","targetHints":{"allow":["GET"]}}],"collection":[{"href":"https:\/\/aleeknews.com\/4l33k5\/wp-json\/wp\/v2\/posts"}],"about":[{"href":"https:\/\/aleeknews.com\/4l33k5\/wp-json\/wp\/v2\/types\/post"}],"author":[{"embeddable":true,"href":"https:\/\/aleeknews.com\/4l33k5\/wp-json\/wp\/v2\/users\/2"}],"replies":[{"embeddable":true,"href":"https:\/\/aleeknews.com\/4l33k5\/wp-json\/wp\/v2\/comments?post=21491"}],"version-history":[{"count":0,"href":"https:\/\/aleeknews.com\/4l33k5\/wp-json\/wp\/v2\/posts\/21491\/revisions"}],"wp:featuredmedia":[{"embeddable":true,"href":"https:\/\/aleeknews.com\/4l33k5\/wp-json\/wp\/v2\/media\/21486"}],"wp:attachment":[{"href":"https:\/\/aleeknews.com\/4l33k5\/wp-json\/wp\/v2\/media?parent=21491"}],"wp:term":[{"taxonomy":"category","embeddable":true,"href":"https:\/\/aleeknews.com\/4l33k5\/wp-json\/wp\/v2\/categories?post=21491"},{"taxonomy":"post_tag","embeddable":true,"href":"https:\/\/aleeknews.com\/4l33k5\/wp-json\/wp\/v2\/tags?post=21491"}],"curies":[{"name":"wp","href":"https:\/\/api.w.org\/{rel}","templated":true}]}}