{"id":21477,"date":"2026-03-11T21:42:13","date_gmt":"2026-03-11T20:42:13","guid":{"rendered":"https:\/\/aleeknews.com\/4l33k5\/2026\/03\/11\/opinion-la-derrota-ante-canada-deja-respuestas-puerto-rico-evalua-piezas-con-miras-a-la-ronda-de-cuartos-de-final\/"},"modified":"2026-03-11T21:42:13","modified_gmt":"2026-03-11T20:42:13","slug":"opinion-la-derrota-ante-canada-deja-respuestas-puerto-rico-evalua-piezas-con-miras-a-la-ronda-de-cuartos-de-final","status":"publish","type":"post","link":"https:\/\/aleeknews.com\/4l33k5\/2026\/03\/11\/opinion-la-derrota-ante-canada-deja-respuestas-puerto-rico-evalua-piezas-con-miras-a-la-ronda-de-cuartos-de-final\/","title":{"rendered":"Opini\u00f3n | La derrota ante Canad\u00e1 deja respuestas: Puerto Rico eval\u00faa piezas con miras a la ronda de cuartos de final"},"content":{"rendered":"<div>\n<div data-fusion-lazy-id=\"f0fW0AnQWGof2kd\">\n<div class>\n<p>Noticia<\/p>\n<div>\n<p>Basado en hechos que el periodista haya observado y verificado de primera mano, o en informaci\u00f3n verificada que proviene de fuentes bien informadas.<\/p>\n<\/div>\n<\/div>\n<div>\n<h2>El dirigente Edwin Rodr\u00edguez analiza las conclusiones que dej\u00f3 el cierre de los boricuas en la ronda inicial con el rev\u00e9s ante los canadienses<\/h2>\n<div>\n<p>11 de marzo de 2026 &#8211; 9:29 AM<\/p>\n<\/div>\n<\/div>\n<div>\n<p>Las opiniones expresadas en este art\u00edculo son \u00fanicamente del autor y no reflejan las opiniones y creencias de El Nuevo D\u00eda o sus afiliados.<\/p>\n<\/div>\n<\/div>\n<div data-fusion-lazy-id=\"f0f0LDhCGuW61Yy\">\n<div><picture><source media=\"(max-width: 375px)\" ><source media=\"(max-width: 767px)\" ><source media=\"(max-width: 1023px)\" ><source ><\/picture><figcaption>Nolan Arenado despert\u00f3 con el madero ante Canad\u00e1 al acumular tres indiscutibles. <span>(Xavier Ara\u00fajo)<\/span><\/figcaption><\/div>\n<div>\n<p>La derrota ante Canad\u00e1, por final de 3-2, cerr\u00f3 la presentaci\u00f3n del <a href=\"https:\/\/www.elnuevodia.com\/topicos\/team-rubio\/\" target=\"_self\" rel title=\"https:\/\/www.elnuevodia.com\/topicos\/team-rubio\/\"><i><b>Team Rubio<\/b><\/i><\/a> en Puerto Rico con r\u00e9cord de 3-1 frente a su fanaticada en la acci\u00f3n del Grupo B en este <a href=\"https:\/\/www.elnuevodia.com\/topicos\/clasico-mundial-de-beisbol\/\" target=\"_self\" rel title=\"https:\/\/www.elnuevodia.com\/topicos\/clasico-mundial-de-beisbol\/\"><b>Cl\u00e1sico Mundial de B\u00e9isbol<\/b><\/a> en el Estadio Hiram Bithorn, el martes.<\/p>\n<\/div>\n<\/div>\n<div>\n<p><b>Gu\u00edas de Opini\u00f3n<\/b><\/p>\n<p>Las columnas deben enviarse a Gerardo Cordero: gerardo.cordero@gfrmedia.com. Las columnas tienen que ser de 300, 400 o 500 palabras. Al enviarnos su columna, el escritor concede a GFR Media una licencia exclusiva, perpetua, irrevocable, sublicenciable, mundial y libre de regal\u00edas para reproducir, copiar, distribuir, publicar, exhibir, preparar obras derivadas, traducir, sindicar, incluir en compilaciones u obras colectivas, y de cualquier otro modo de forma general utilizar su columna (en todo o en parte), sin reserva ni limitaci\u00f3n alguna, en cualquier medio (incluyendo pero sin limitarse, a las versiones impresas o digitales o en los sitios web o aplicaciones m\u00f3vil del peri\u00f3dico El Nuevo D\u00eda), forma, tecnolog\u00eda o m\u00e9todo conocido en el presente o que sea conocido, desarrollado o descubierto en el futuro. El autor acepta que GFR Media, LLC, podr\u00eda cobrar a los suscriptores las versiones digitales, sitios web o aplicaciones m\u00f3viles de GFR Media por el acceso a la columna. <\/p>\n<\/div>\n<section>\n<header><span>Popular en la Comunidad<\/span><\/header>\n<\/section>\n<\/div>\n\n    <div class=\"xs_social_share_widget xs_share_url after_content \t\tmain_content  wslu-style-1 wslu-share-box-shaped wslu-fill-colored wslu-none wslu-share-horizontal wslu-theme-font-no wslu-main_content\">\n\n\t\t\n        <ul>\n\t\t\t        <\/ul>\n    <\/div> \n","protected":false},"excerpt":{"rendered":"<p>Noticia Basado en hechos que el periodista haya observado y verificado de primera mano, o en informaci\u00f3n verificada que proviene de fuentes bien informadas. El dirigente Edwin Rodr\u00edguez analiza las conclusiones que dej\u00f3 el cierre de los boricuas en la ronda inicial con el rev\u00e9s ante los canadienses 11 de marzo de 2026 &#8211; 9:29<\/p>\n","protected":false},"author":2,"featured_media":21478,"comment_status":"open","ping_status":"open","sticky":false,"template":"","format":"standard","meta":{"om_disable_all_campaigns":false,"_monsterinsights_skip_tracking":false,"_monsterinsights_sitenote_active":false,"_monsterinsights_sitenote_note":"","_monsterinsights_sitenote_category":0,"footnotes":""},"categories":[30],"tags":[],"class_list":["post-21477","post","type-post","status-publish","format-standard","has-post-thumbnail","hentry","category-opinion"],"aioseo_notices":[],"_links":{"self":[{"href":"https:\/\/aleeknews.com\/4l33k5\/wp-json\/wp\/v2\/posts\/21477","targetHints":{"allow":["GET"]}}],"collection":[{"href":"https:\/\/aleeknews.com\/4l33k5\/wp-json\/wp\/v2\/posts"}],"about":[{"href":"https:\/\/aleeknews.com\/4l33k5\/wp-json\/wp\/v2\/types\/post"}],"author":[{"embeddable":true,"href":"https:\/\/aleeknews.com\/4l33k5\/wp-json\/wp\/v2\/users\/2"}],"replies":[{"embeddable":true,"href":"https:\/\/aleeknews.com\/4l33k5\/wp-json\/wp\/v2\/comments?post=21477"}],"version-history":[{"count":0,"href":"https:\/\/aleeknews.com\/4l33k5\/wp-json\/wp\/v2\/posts\/21477\/revisions"}],"wp:featuredmedia":[{"embeddable":true,"href":"https:\/\/aleeknews.com\/4l33k5\/wp-json\/wp\/v2\/media\/21478"}],"wp:attachment":[{"href":"https:\/\/aleeknews.com\/4l33k5\/wp-json\/wp\/v2\/media?parent=21477"}],"wp:term":[{"taxonomy":"category","embeddable":true,"href":"https:\/\/aleeknews.com\/4l33k5\/wp-json\/wp\/v2\/categories?post=21477"},{"taxonomy":"post_tag","embeddable":true,"href":"https:\/\/aleeknews.com\/4l33k5\/wp-json\/wp\/v2\/tags?post=21477"}],"curies":[{"name":"wp","href":"https:\/\/api.w.org\/{rel}","templated":true}]}}